{"id":45987,"date":"2016-01-15T11:57:14","date_gmt":"2016-01-15T14:57:14","guid":{"rendered":"http:\/\/prensa.mendoza.gov.ar\/?p=45987"},"modified":"2016-01-15T11:57:14","modified_gmt":"2016-01-15T14:57:14","slug":"cornejo-recibio-una-comitiva-de-la-universidad-de-columbia","status":"publish","type":"post","link":"https:\/\/www.mendoza.gov.ar\/prensa\/cornejo-recibio-una-comitiva-de-la-universidad-de-columbia\/","title":{"rendered":"Cornejo recibi\u00f3 una comitiva de la Universidad de Columbia"},"content":{"rendered":"<!DOCTYPE html PUBLIC \"-\/\/W3C\/\/DTD HTML 4.0 Transitional\/\/EN\" \"http:\/\/www.w3.org\/TR\/REC-html40\/loose.dtd\">\n<html><body><p>El gobernador, Alfredo Cornejo, le dio la bienvenida a un grupo de estudiantes provenientes de la Universidad de Columbia de New York. La coordinaci&oacute;n de la delegaci&oacute;n estuvo a cargo del mendocino Facundo Echebarne, quien actualmente se encuentra realizando una Maestr&iacute;a en Negocio en dicho centro de estudio. La cita fue en Casa de Gobierno.<\/p>\n<p>El 29 de octubre pasado, Alfredo Cornejo viaj&oacute; a los Estados Unidos con el fin de conseguir financiamiento para la provincia. Durante la estad&iacute;a visit&oacute; New York donde mantuvo una primera reuni&oacute;n con miembros de la Universidad de Columbia. Fue all&iacute; cuando estableci&oacute; un v&iacute;nculo con Echebarne con el fin de intercambiar experiencias profesionales, culturales y econ&oacute;micas que beneficien a ambos pa&iacute;ses.<\/p>\n<p>El objetivo de la visita fue&nbsp;que los alumnos puedan estudiar el proceso de transici&oacute;n, que se vive a nivel provincial y nacional. Para ello primero visitaron Buenos Aires. En Mendoza, adem&aacute;s de esta tem&aacute;tica, la misi&oacute;n fue&nbsp;conocer c&oacute;mo funciona la industria vitivin&iacute;cola. Con este fin recorrer&aacute;n diferentes bodegas durante la estad&iacute;a.<\/p>\n<p>&ldquo;Los argentinos necesitamos ayudarnos entre todos y organizar nuestra econom&iacute;a. Los nuevos gobiernos van en esa direcci&oacute;n&rdquo; dijo Cornejo al inicio del encuentro. &ldquo;Considero que Mendoza puede crecer m&aacute;s que la Argentina, por las diversas actividades econ&oacute;micas que desarrolla&rdquo; expres&oacute; luego.<\/p>\n<\/body><\/html>\n","protected":false},"excerpt":{"rendered":"El Gobernador recibi\u00f3, en Casa de Gobierno, un grupo de alumnos provenientes de la Universidad de Columbia de New York. Los estudiantes ven\u00edan acompa\u00f1ados por Facundo Echebarne.","protected":false},"author":3,"featured_media":46018,"comment_status":"open","ping_status":"open","sticky":false,"template":"","format":"standard","meta":[],"categories":[19],"tags":[],"_links":{"self":[{"href":"https:\/\/www.mendoza.gov.ar\/prensa\/wp-json\/wp\/v2\/posts\/45987"}],"collection":[{"href":"https:\/\/www.mendoza.gov.ar\/prensa\/wp-json\/wp\/v2\/posts"}],"about":[{"href":"https:\/\/www.mendoza.gov.ar\/prensa\/wp-json\/wp\/v2\/types\/post"}],"author":[{"embeddable":true,"href":"https:\/\/www.mendoza.gov.ar\/prensa\/wp-json\/wp\/v2\/users\/3"}],"replies":[{"embeddable":true,"href":"https:\/\/www.mendoza.gov.ar\/prensa\/wp-json\/wp\/v2\/comments?post=45987"}],"version-history":[{"count":0,"href":"https:\/\/www.mendoza.gov.ar\/prensa\/wp-json\/wp\/v2\/posts\/45987\/revisions"}],"wp:featuredmedia":[{"embeddable":true,"href":"https:\/\/www.mendoza.gov.ar\/prensa\/wp-json\/wp\/v2\/media\/46018"}],"wp:attachment":[{"href":"https:\/\/www.mendoza.gov.ar\/prensa\/wp-json\/wp\/v2\/media?parent=45987"}],"wp:term":[{"taxonomy":"category","embeddable":true,"href":"https:\/\/www.mendoza.gov.ar\/prensa\/wp-json\/wp\/v2\/categories?post=45987"},{"taxonomy":"post_tag","embeddable":true,"href":"https:\/\/www.mendoza.gov.ar\/prensa\/wp-json\/wp\/v2\/tags?post=45987"}],"curies":[{"name":"wp","href":"https:\/\/api.w.org\/{rel}","templated":true}]}}