{"id":46004,"date":"2016-01-15T15:18:40","date_gmt":"2016-01-15T18:18:40","guid":{"rendered":"http:\/\/prensa.mendoza.gov.ar\/?p=46004"},"modified":"2016-01-15T15:18:40","modified_gmt":"2016-01-15T18:18:40","slug":"el-pami-mendoza-ya-cuenta-con-nuevas-autoridades","status":"publish","type":"post","link":"https:\/\/www.mendoza.gov.ar\/prensa\/el-pami-mendoza-ya-cuenta-con-nuevas-autoridades\/","title":{"rendered":"El PAMI Mendoza ya cuenta con nuevas autoridades"},"content":{"rendered":"<!DOCTYPE html PUBLIC \"-\/\/W3C\/\/DTD HTML 4.0 Transitional\/\/EN\" \"http:\/\/www.w3.org\/TR\/REC-html40\/loose.dtd\">\n<html><body><p>El gobernador Alfredo Cornejo y el ministro de Salud, Desarrollo Social y Deportes, Rub&eacute;n Giacchi, acompa&ntilde;aron&nbsp;a las nuevas autoridades del PAMI Mendoza en&nbsp;la&nbsp;asunci&oacute;n del<\/p>\n<p>nuevo director de la obra social, Carlos Varcalcel. Adem&aacute;s estuvieron presentes funcionarios del equipo de Salud de la Provincia; el intendente de Guaymall&eacute;n, Marcelino Iglesias; dirigentes sindicales y representantes de diferentes centros de jubilados.<\/p>\n<p>&ldquo;Nuestro &uacute;nico inter&eacute;s es que el PAMI funcione bien&rdquo;, dijo Cornejo tras indicar que &ldquo;los profesionales de la instituci&oacute;n tienen en claro que prestan un servicio a los afiliados y esa es esa la prioridad&rdquo;. Aclar&oacute; que &ldquo;no es la intenci&oacute;n de este Gobierno, provincializar la obra social de los jubilados. S&oacute;lo queremos coordinar acciones, con los principales efectores de la Provincia en materia sanitaria, para que el mercado de la salud funcione cada vez mejor y, as&iacute;, los mendocinos logren tener mejores servicios&rdquo;.<\/p>\n<p>&ldquo;Realizar acciones en conjunto, entre PAMI, OSEP y &nbsp;el Ministerio de Salud, sin involucrarnos en lo que cada uno tiene competencia exclusiva ser&aacute; la prioridad&rdquo;, indic&oacute; Cornejo.<\/p>\n<p>&ldquo;Tenemos a cargo casi 400 mil afiliados en la OSEP, 210 mil en PAMI, adem&aacute;s del sistema p&uacute;blico que atiende a las personan que no tienen obra social. Es decir, en estas tres instituciones, se concentra buena parte de los pacientes del sistema de salud de toda la provincia&rdquo;, declar&oacute; el gobernador tras justificar el por qu&eacute; de la necesidad del trabajo en equipo.<\/p>\n<p>&ldquo;Sin olvidarnos que lo m&aacute;s importante es que nuestros pacientes se curen&rdquo;, Cornejo&nbsp;anunci&oacute; que trabajar&aacute; arduamente en materia de prevenci&oacute;n: &ldquo;Necesitamos prevenir y hacia ello vamos a apuntar&rdquo;.<\/p>\n<p>Por su parte, Carlos Varcalcel sostuvo que &ldquo;vamos a priorizar a nuestros queridos abuelos. Esta ser&aacute; una direcci&oacute;n abierta para nuestros adultos mayores. Lo primero que hemos consensuado es que trabajaremos en equipo&rdquo;. En este sentido, Giacchi afirm&oacute;: &ldquo;Si nos unimos, podremos mejorar la calidad de vida de todos los que utilizan los servicios de salud que dependen del Estado&rdquo;.<\/p>\n<\/body><\/html>\n","protected":false},"excerpt":{"rendered":"Alfredo Cornejo acompa\u00f1\u00f3 a Carlos Varcalcel en su asunci\u00f3n como director del PAMI. El trabajo en conjunto entre PAMI, OSEP y el Ministerio de Salud de la Provincia fue el principal objetivo que se remarc\u00f3, a fin de brindar un servicio integral a los mendocinos.","protected":false},"author":3,"featured_media":46006,"comment_status":"open","ping_status":"open","sticky":false,"template":"","format":"standard","meta":[],"categories":[19],"tags":[],"_links":{"self":[{"href":"https:\/\/www.mendoza.gov.ar\/prensa\/wp-json\/wp\/v2\/posts\/46004"}],"collection":[{"href":"https:\/\/www.mendoza.gov.ar\/prensa\/wp-json\/wp\/v2\/posts"}],"about":[{"href":"https:\/\/www.mendoza.gov.ar\/prensa\/wp-json\/wp\/v2\/types\/post"}],"author":[{"embeddable":true,"href":"https:\/\/www.mendoza.gov.ar\/prensa\/wp-json\/wp\/v2\/users\/3"}],"replies":[{"embeddable":true,"href":"https:\/\/www.mendoza.gov.ar\/prensa\/wp-json\/wp\/v2\/comments?post=46004"}],"version-history":[{"count":0,"href":"https:\/\/www.mendoza.gov.ar\/prensa\/wp-json\/wp\/v2\/posts\/46004\/revisions"}],"wp:featuredmedia":[{"embeddable":true,"href":"https:\/\/www.mendoza.gov.ar\/prensa\/wp-json\/wp\/v2\/media\/46006"}],"wp:attachment":[{"href":"https:\/\/www.mendoza.gov.ar\/prensa\/wp-json\/wp\/v2\/media?parent=46004"}],"wp:term":[{"taxonomy":"category","embeddable":true,"href":"https:\/\/www.mendoza.gov.ar\/prensa\/wp-json\/wp\/v2\/categories?post=46004"},{"taxonomy":"post_tag","embeddable":true,"href":"https:\/\/www.mendoza.gov.ar\/prensa\/wp-json\/wp\/v2\/tags?post=46004"}],"curies":[{"name":"wp","href":"https:\/\/api.w.org\/{rel}","templated":true}]}}