{"id":46087,"date":"2016-01-16T16:13:00","date_gmt":"2016-01-16T19:13:00","guid":{"rendered":"http:\/\/prensa.mendoza.gov.ar\/?p=46087"},"modified":"2016-01-16T16:13:00","modified_gmt":"2016-01-16T19:13:00","slug":"lucha-antigranizo-llegaron-mas-bengalas","status":"publish","type":"post","link":"https:\/\/www.mendoza.gov.ar\/prensa\/lucha-antigranizo-llegaron-mas-bengalas\/","title":{"rendered":"Lucha antigranizo: Llegaron m\u00e1s bengalas"},"content":{"rendered":"<!DOCTYPE html PUBLIC \"-\/\/W3C\/\/DTD HTML 4.0 Transitional\/\/EN\" \"http:\/\/www.w3.org\/TR\/REC-html40\/loose.dtd\">\n<html><body><p>Llegaron 1600 cartuchos de ioduro de plata, alrededor de las 14, a los hangares de la Direcci&oacute;n de Contingencias. Se suman a los 400 que llegaron el martes a la noche. Ya fueron distribuidos a la base en el sur provincial, por lo que los aviones se encuentran operativos. Pese a que ese volumen est&aacute; lejos de ser el adecuado para lo que es el registro hist&oacute;rico, generaron alivio.<\/p>\n<p>&ldquo;Con este env&iacute;o y, mientras el cronograma de entregas establecido se cumpla, el sistema de mitigaci&oacute;n de granizo seguir&aacute; activo en los meses en los que estacionalmente es demandado, tratando de mitigar el fen&oacute;meno del granizo en toda la provincia&rdquo;, explic&oacute; Oscar Astorga, director de Contingencias Clim&aacute;ticas.<\/p>\n<p>Este arribo de material pirot&eacute;cnico fue el s&eacute;ptimo de doce entregas, que fueron pactadas por los funcionarios de la gesti&oacute;n anterior, debido a que el proceso de compra de las bengalas demor&oacute; 16 meses. S&oacute;lo quedaron 213 bengalas al asumir la nueva gesti&oacute;n. Esto deriv&oacute; en que el subsecretario de Agricultura y Ganader&iacute;a, Alfredo Aciar, presentara una denuncia en Fiscal&iacute;a de Estado para conocer cu&aacute;les fueron los motivos de este irregular procedimiento y saber la raz&oacute;n por la que la compra fue de 8.500 unidades cuando hist&oacute;ricamente combatir las celdas graniceras demanda unas 12.000.<\/p>\n<p><a href=\"https:\/\/www.mendoza.gov.ar\/prensa\/wp-content\/uploads\/sites\/23\/aciar.jpg\"><img loading=\"lazy\" class=\"alignnone wp-image-46091 img-responsive center-block\" src=\"https:\/\/www.mendoza.gov.ar\/prensa\/wp-content\/uploads\/sites\/23\/aciar.jpg\" alt=\"\" width=\"650\" height=\"432\"><\/a><\/p>\n<p>Respecto al trabajo de los aviones, seg&uacute;n los partes de la Direcci&oacute;n de Contingencias Clim&aacute;ticas, el jueves intervinieron en tormentas graniceras que se precipitaron con poca intensidad pero con mucha lluvia en Luj&aacute;n de Cuyo, Jun&iacute;n, Rivadavia, San Mart&iacute;n y San Rafael. El distrito de Perdriel (Luj&aacute;n de Cuyo) y la villa 25 de Mayo (San Rafael) fueron los lugares en donde m&aacute;s trabajo tuvieron las aeronaves.<\/p>\n<\/body><\/html>\n","protected":false},"excerpt":{"rendered":"Llegaron 1600. Con en el ingreso de este material, el sistema de mitigaci\u00f3n ampl\u00eda su stock. A\u00fan  est\u00e1 lejos de normalizarse.","protected":false},"author":3,"featured_media":46088,"comment_status":"open","ping_status":"open","sticky":false,"template":"","format":"standard","meta":[],"categories":[1],"tags":[],"_links":{"self":[{"href":"https:\/\/www.mendoza.gov.ar\/prensa\/wp-json\/wp\/v2\/posts\/46087"}],"collection":[{"href":"https:\/\/www.mendoza.gov.ar\/prensa\/wp-json\/wp\/v2\/posts"}],"about":[{"href":"https:\/\/www.mendoza.gov.ar\/prensa\/wp-json\/wp\/v2\/types\/post"}],"author":[{"embeddable":true,"href":"https:\/\/www.mendoza.gov.ar\/prensa\/wp-json\/wp\/v2\/users\/3"}],"replies":[{"embeddable":true,"href":"https:\/\/www.mendoza.gov.ar\/prensa\/wp-json\/wp\/v2\/comments?post=46087"}],"version-history":[{"count":0,"href":"https:\/\/www.mendoza.gov.ar\/prensa\/wp-json\/wp\/v2\/posts\/46087\/revisions"}],"wp:featuredmedia":[{"embeddable":true,"href":"https:\/\/www.mendoza.gov.ar\/prensa\/wp-json\/wp\/v2\/media\/46088"}],"wp:attachment":[{"href":"https:\/\/www.mendoza.gov.ar\/prensa\/wp-json\/wp\/v2\/media?parent=46087"}],"wp:term":[{"taxonomy":"category","embeddable":true,"href":"https:\/\/www.mendoza.gov.ar\/prensa\/wp-json\/wp\/v2\/categories?post=46087"},{"taxonomy":"post_tag","embeddable":true,"href":"https:\/\/www.mendoza.gov.ar\/prensa\/wp-json\/wp\/v2\/tags?post=46087"}],"curies":[{"name":"wp","href":"https:\/\/api.w.org\/{rel}","templated":true}]}}