{"id":46111,"date":"2016-01-17T13:16:47","date_gmt":"2016-01-17T16:16:47","guid":{"rendered":"http:\/\/prensa.mendoza.gov.ar\/?p=46111"},"modified":"2016-01-17T13:16:47","modified_gmt":"2016-01-17T16:16:47","slug":"comenzo-el-cronograma-de-vendimias-y-festividades-departamentales","status":"publish","type":"post","link":"https:\/\/www.mendoza.gov.ar\/prensa\/comenzo-el-cronograma-de-vendimias-y-festividades-departamentales\/","title":{"rendered":"Comenz\u00f3 el cronograma de vendimias y festividades departamentales"},"content":{"rendered":"<!DOCTYPE html PUBLIC \"-\/\/W3C\/\/DTD HTML 4.0 Transitional\/\/EN\" \"http:\/\/www.w3.org\/TR\/REC-html40\/loose.dtd\">\n<html><body><p>Este fin de semana comenz&oacute; el cronograma de las vendimias departamentales. El gobernador, Alfredo Cornejo, estuvo presente el viernes, en la 30&deg; Fiesta del Chivo de Malarg&uuml;e, y el s&aacute;bado, en la elecci&oacute;n de la Reina de La Paz, y en la XIII Edici&oacute;n del Encuentro de las Naciones en Jun&iacute;n. Por su parte la Vicegobernadora, Laura Montero, lleg&oacute; el s&aacute;bado hasta la comuna de Malarg&uuml;e para participar del segundo d&iacute;a de la Fiesta del Chivo. Aprovech&oacute; la oportunidad para realizar una reuni&oacute;n binacional por tema turismo, en el Planetario de Malarg&uuml;e.<\/p>\n<p>En el sur provincial, Cornejo anunci&oacute; la culminaci&oacute;n de la obra del Paso Pehuenche. &ldquo;Vamos a ir normalizando poco a poco la situaci&oacute;n de las rutas que atraviesan el departamento&rdquo;, sostuvo Cornejo y agreg&oacute;: &ldquo;Ojal&aacute; cont&aacute;ramos con los recursos para reactivar todo de una sola vez&rdquo;.<\/p>\n<p>De esta manera dej&oacute; en claro que &ldquo;todo lo que est&eacute; en ejecuci&oacute;n se va a terminar, sea nacional o provincial, con el ritmo de financiamiento que consiga la Provincia. &ldquo;Respetaremos la continuidad jur&iacute;dica y todo lo que se empez&oacute; lo vamos a finalizar&rdquo;.<\/p>\n<p>En cuanto a los Pasos Fronterizos, el gobernador explic&oacute; que &ldquo;vamos a optimizar todos los Pasos que tenemos, redistribuyendo mejor el recurso&rdquo;. Coment&oacute; que &ldquo;terminaremos de pavimentar la parte que queda del Pehuenche, tema que ya hemos hablado con Vialidad Nacional. Son pocos kil&oacute;metros que restan para completar la parte argentina&rdquo;.<\/p>\n<p>Seg&uacute;n dijo, el Paso Las Le&ntilde;as y el Corredor Bioce&aacute;nico son dos proyectos que deber&aacute;n esperar ya que requieren de una mega inversi&oacute;n que se estima en 5.000 millones de d&oacute;lares. &ldquo;Para afrontar esto se necesita financiamiento internacional conjunto que est&aacute;n negociando los gobiernos de Argentina y Chile&rdquo;.<\/p>\n<p>Tambi&eacute;n fueron parte de la comitiva, el ministro de Ambiente y Ordenamiento Territorial, Humberto Mingorance, y la presidente del Ente Aut&aacute;rquico de Turismo, Gabriela Testa, quienes fueron recibidos por el intendente de Malarg&uuml;e, Jorge Vergara Mart&iacute;nez.<\/p>\n<p><a href=\"https:\/\/www.mendoza.gov.ar\/prensa\/wp-content\/uploads\/sites\/23\/Coton.jpg\"><img loading=\"lazy\" class=\"alignnone wp-image-46125 img-responsive center-block\" src=\"https:\/\/www.mendoza.gov.ar\/prensa\/wp-content\/uploads\/sites\/23\/Coton.jpg\" alt=\"Coton\" width=\"650\" height=\"488\"><\/a><\/p>\n<p>&nbsp;<\/p>\n<p><em>El gobernador, Alfredo Cornejo, junto al intendente de&nbsp; Malarg&uuml;e,&nbsp;Jorge Vergara Mart&iacute;nez, entregaron un reconocimiento&nbsp;al&nbsp;boxeador y embajador del departamento, Juan Carlos Cot&oacute;n Reveco.<\/em><\/p>\n<p>&nbsp;<\/p>\n<p>Anoche viaj&oacute; hasta Jun&iacute;n para participar de la XIII Edici&oacute;n del Encuentro de las Naciones. Luego fue el turno de la Vendimia Departamental de La Paz. Junto al jefe comunal de ese departamento, Gustavo Pinto, el gobernador comparti&oacute; con las m&aacute;s de 10.000 personas que disfrutaron de una fiesta que cont&oacute; con unos 250 artistas en escena.<\/p>\n<p><a href=\"https:\/\/www.mendoza.gov.ar\/prensa\/wp-content\/uploads\/sites\/23\/hgghgfhfg.jpg\"><img loading=\"lazy\" class=\"alignnone wp-image-46112 img-responsive center-block\" src=\"https:\/\/www.mendoza.gov.ar\/prensa\/wp-content\/uploads\/sites\/23\/hgghgfhfg.jpg\" alt=\"\" width=\"650\" height=\"432\"><\/a><\/p>\n<\/body><\/html>\n","protected":false},"excerpt":{"rendered":"El gobernador particip\u00f3 de la Vendimia de La Paz, de la XIII Edici\u00f3n del Encuentro de las Naciones en Jun\u00edn y de la Fiesta Nacional de Chivo en Malarg\u00fce, all\u00ed realiz\u00f3 anuncios. Montero lleg\u00f3 el s\u00e1bado para participar de esta \u00faltima festividad.","protected":false},"author":3,"featured_media":46115,"comment_status":"open","ping_status":"open","sticky":false,"template":"","format":"standard","meta":[],"categories":[19],"tags":[],"_links":{"self":[{"href":"https:\/\/www.mendoza.gov.ar\/prensa\/wp-json\/wp\/v2\/posts\/46111"}],"collection":[{"href":"https:\/\/www.mendoza.gov.ar\/prensa\/wp-json\/wp\/v2\/posts"}],"about":[{"href":"https:\/\/www.mendoza.gov.ar\/prensa\/wp-json\/wp\/v2\/types\/post"}],"author":[{"embeddable":true,"href":"https:\/\/www.mendoza.gov.ar\/prensa\/wp-json\/wp\/v2\/users\/3"}],"replies":[{"embeddable":true,"href":"https:\/\/www.mendoza.gov.ar\/prensa\/wp-json\/wp\/v2\/comments?post=46111"}],"version-history":[{"count":0,"href":"https:\/\/www.mendoza.gov.ar\/prensa\/wp-json\/wp\/v2\/posts\/46111\/revisions"}],"wp:featuredmedia":[{"embeddable":true,"href":"https:\/\/www.mendoza.gov.ar\/prensa\/wp-json\/wp\/v2\/media\/46115"}],"wp:attachment":[{"href":"https:\/\/www.mendoza.gov.ar\/prensa\/wp-json\/wp\/v2\/media?parent=46111"}],"wp:term":[{"taxonomy":"category","embeddable":true,"href":"https:\/\/www.mendoza.gov.ar\/prensa\/wp-json\/wp\/v2\/categories?post=46111"},{"taxonomy":"post_tag","embeddable":true,"href":"https:\/\/www.mendoza.gov.ar\/prensa\/wp-json\/wp\/v2\/tags?post=46111"}],"curies":[{"name":"wp","href":"https:\/\/api.w.org\/{rel}","templated":true}]}}