{"id":46130,"date":"2016-01-18T12:07:02","date_gmt":"2016-01-18T15:07:02","guid":{"rendered":"http:\/\/prensa.mendoza.gov.ar\/?p=46130"},"modified":"2016-01-18T12:07:02","modified_gmt":"2016-01-18T15:07:02","slug":"mingorance-visito-el-sur-de-la-provincia-en-busca-de-nuevas-politicas-de-trabajo","status":"publish","type":"post","link":"https:\/\/www.mendoza.gov.ar\/prensa\/mingorance-visito-el-sur-de-la-provincia-en-busca-de-nuevas-politicas-de-trabajo\/","title":{"rendered":"Mingorance visit\u00f3 el sur de la provincia en busca de nuevas pol\u00edticas de trabajo"},"content":{"rendered":"<!DOCTYPE html PUBLIC \"-\/\/W3C\/\/DTD HTML 4.0 Transitional\/\/EN\" \"http:\/\/www.w3.org\/TR\/REC-html40\/loose.dtd\">\n<html><body><p>La reuni&oacute;n se desarroll&oacute; en el edificio municipal y all&iacute; estuvieron presentes el intendente de la Comuna, Jorge Vergara; el secretario de Ambiente y Ordenamiento Territorial de la provincia, Humberto Mingorance; el director de Servicios P&uacute;blicos, Jorge Fern&aacute;ndez; el director de Ambiente, Daniel Blagevitch; el director de Obras, Horacio Marinaro y el secretario de Servicios P&uacute;blicos de la provincia, Sergio Marinelli.<\/p>\n<p><a href=\"https:\/\/www.mendoza.gov.ar\/prensa\/wp-content\/uploads\/sites\/23\/P1080719.jpg\"><img loading=\"lazy\" class=\"alignnone wp-image-46134 img-responsive center-block\" src=\"https:\/\/www.mendoza.gov.ar\/prensa\/wp-content\/uploads\/sites\/23\/P1080719.jpg\" alt=\"P1080719\" width=\"650\" height=\"488\"><\/a><\/p>\n<p>&ldquo;Es importante para el departamento y la provincia articular nuevas pol&iacute;ticas de trabajo de cara a estos pr&oacute;ximos cuatro a&ntilde;os de gesti&oacute;n, vamos a acompa&ntilde;ar a Malarg&uuml;e en el cuidado de las grandes reservas naturales que tiene y a trabajar en el desarrollo y cuidado de ellas&rdquo; afirm&oacute; Mingorance.<\/p>\n<p><a href=\"https:\/\/www.mendoza.gov.ar\/prensa\/wp-content\/uploads\/sites\/23\/P1080740.jpg\"><img loading=\"lazy\" class=\"alignnone wp-image-46135 img-responsive center-block\" src=\"https:\/\/www.mendoza.gov.ar\/prensa\/wp-content\/uploads\/sites\/23\/P1080740.jpg\" alt=\"P1080740\" width=\"650\" height=\"488\"><\/a><\/p>\n<p>En esta visita, el funcionario complet&oacute; el recorrido por diferentes &aacute;reas naturales del sur mendocino y visit&oacute; la Planta de Tratamiento de Residuos S&oacute;lidos Urbanos.<\/p>\n<p>Adem&aacute;s&nbsp;acompa&ntilde;o al gobernador, Alfredo Cornejo, a la Fiesta Nacional del Chivo.<\/p>\n<p><a href=\"https:\/\/www.mendoza.gov.ar\/prensa\/wp-content\/uploads\/sites\/23\/P1080754.jpg\"><img loading=\"lazy\" class=\"alignnone wp-image-46136 img-responsive center-block\" src=\"https:\/\/www.mendoza.gov.ar\/prensa\/wp-content\/uploads\/sites\/23\/P1080754.jpg\" alt=\"P1080754\" width=\"650\" height=\"488\"><\/a><\/p>\n<\/body><\/html>\n","protected":false},"excerpt":{"rendered":"Durante el fin de semana el Secretario a cargo de la cartera de Ambiente se reuni\u00f3 con autoridades de Malarg\u00fce y recorri\u00f3 las principales reservas naturales. Adem\u00e1s acompa\u00f1\u00f3 al gobernador a la Fiesta Nacional del Chivo. ","protected":false},"author":3,"featured_media":46133,"comment_status":"open","ping_status":"open","sticky":false,"template":"","format":"standard","meta":[],"categories":[3],"tags":[],"_links":{"self":[{"href":"https:\/\/www.mendoza.gov.ar\/prensa\/wp-json\/wp\/v2\/posts\/46130"}],"collection":[{"href":"https:\/\/www.mendoza.gov.ar\/prensa\/wp-json\/wp\/v2\/posts"}],"about":[{"href":"https:\/\/www.mendoza.gov.ar\/prensa\/wp-json\/wp\/v2\/types\/post"}],"author":[{"embeddable":true,"href":"https:\/\/www.mendoza.gov.ar\/prensa\/wp-json\/wp\/v2\/users\/3"}],"replies":[{"embeddable":true,"href":"https:\/\/www.mendoza.gov.ar\/prensa\/wp-json\/wp\/v2\/comments?post=46130"}],"version-history":[{"count":0,"href":"https:\/\/www.mendoza.gov.ar\/prensa\/wp-json\/wp\/v2\/posts\/46130\/revisions"}],"wp:featuredmedia":[{"embeddable":true,"href":"https:\/\/www.mendoza.gov.ar\/prensa\/wp-json\/wp\/v2\/media\/46133"}],"wp:attachment":[{"href":"https:\/\/www.mendoza.gov.ar\/prensa\/wp-json\/wp\/v2\/media?parent=46130"}],"wp:term":[{"taxonomy":"category","embeddable":true,"href":"https:\/\/www.mendoza.gov.ar\/prensa\/wp-json\/wp\/v2\/categories?post=46130"},{"taxonomy":"post_tag","embeddable":true,"href":"https:\/\/www.mendoza.gov.ar\/prensa\/wp-json\/wp\/v2\/tags?post=46130"}],"curies":[{"name":"wp","href":"https:\/\/api.w.org\/{rel}","templated":true}]}}