{"id":461669,"date":"2025-03-15T08:00:32","date_gmt":"2025-03-15T11:00:32","guid":{"rendered":"https:\/\/www.mendoza.gov.ar\/prensa\/?p=461669"},"modified":"2025-03-14T17:52:27","modified_gmt":"2025-03-14T20:52:27","slug":"dia-mundial-del-consumidor-conoce-y-hace-valer-tus-derechos","status":"publish","type":"post","link":"https:\/\/www.mendoza.gov.ar\/prensa\/dia-mundial-del-consumidor-conoce-y-hace-valer-tus-derechos\/","title":{"rendered":"D\u00eda Mundial del Consumidor: conoc\u00e9 y hac\u00e9 valer tus derechos"},"content":{"rendered":"<!DOCTYPE html PUBLIC \"-\/\/W3C\/\/DTD HTML 4.0 Transitional\/\/EN\" \"http:\/\/www.w3.org\/TR\/REC-html40\/loose.dtd\">\n<html><body><h5>Conocer nuestros derechos como usuarios y consumidores, hacerlos valer y compartir esta informaci&oacute;n resulta sumamente importante para sostener escenarios m&aacute;s equilibrados en las compras de productos y contrataciones de servicios.<\/h5>\n\n\n\n<p>Hoy &#9472;15 de marzo&#9472; se celebra el D&iacute;a Mundial de los Derechos de los Consumidores, tambi&eacute;n denominado D&iacute;a Mundial del Consumidor. <\/p>\n\n\n\n<p>En conmemoraci&oacute;n de la fecha, la Direcci&oacute;n de Defensa del Consumidor del Gobierno de Mendoza inst&oacute; a los ciudadanos a reflexionar sobre el sentido de esta jornada con la finalidad de informarnos sobre nuestros derechos y considerar nuestras obligaciones al decidir compras y contrataciones, y para denunciar cuando se incumpla la ley.<\/p>\n\n\n\n<p><strong>D&iacute;a Mundial de los Derechos del Consumidor<\/strong><\/p>\n\n\n\n<p>La Organizaci&oacute;n de las Naciones Unidas (ONU) instaur&oacute; en 1983 el D&iacute;a Mundial de los Derechos del Consumidor. La celebraci&oacute;n evoca las palabras de John Fitzgerald Kennedy, quien fuera presidente de Estados Unidos,  cuando en su discurso del 15 de marzo de 1962 reconoci&oacute; al consumidor como un elemento fundamental dentro del proceso productivo.<\/p>\n\n\n\n<p>Luego, en 1985, la Asamblea General de la ONU aprob&oacute; las &ldquo;Directrices para la protecci&oacute;n de los consumidores&rdquo;. Esto signific&oacute; un reconocimiento y la legitimidad internacional a los derechos enumerados por el expresidente estadounidense, quien hab&iacute;a fomentado en su momento distintas acciones para promover los derechos del consumidor: a la seguridad, a la informaci&oacute;n, a la libertad de elecci&oacute;n y a ser debidamente escuchado en ese rol, como tambi&eacute;n a la protecci&oacute;n en la alimentaci&oacute;n y los medicamentos, con medios de transportes m&aacute;s seguros y protecci&oacute;n financiera.<\/p>\n\n\n\n<figure class=\"wp-block-gallery columns-1\"><ul class=\"blocks-gallery-grid\"><li class=\"blocks-gallery-item\"><figure><a href=\"https:\/\/www.mendoza.gov.ar\/wp-content\/uploads\/sites\/5\/2020\/03\/DSC_5364-e1741977905973.jpg\"><img loading=\"lazy\" width=\"700\" height=\"378\" src=\"https:\/\/www.mendoza.gov.ar\/wp-content\/uploads\/sites\/5\/2020\/03\/DSC_5364-e1741977905973-700x378.jpg\" alt=\"\" data-id=\"225071\" data-full-url=\"https:\/\/www.mendoza.gov.ar\/wp-content\/uploads\/sites\/5\/2020\/03\/DSC_5364-e1741977905973.jpg\" data-link=\"https:\/\/www.mendoza.gov.ar\/prensa\/coronavirus-defensa-del-consumidor-continua-realizando-inspecciones-en-super-e-hipermercados\/19-03-2020-operativo-de-defensa-del-consumidor-en-superhipermer-9\/\" class=\"wp-image-225071 img-responsive center-block\" srcset=\"https:\/\/www.mendoza.gov.ar\/wp-content\/uploads\/sites\/5\/2020\/03\/DSC_5364-e1741977905973-700x378.jpg 700w, https:\/\/www.mendoza.gov.ar\/wp-content\/uploads\/sites\/5\/2020\/03\/DSC_5364-e1741977905973-250x135.jpg 250w, https:\/\/www.mendoza.gov.ar\/wp-content\/uploads\/sites\/5\/2020\/03\/DSC_5364-e1741977905973-768x415.jpg 768w, https:\/\/www.mendoza.gov.ar\/wp-content\/uploads\/sites\/5\/2020\/03\/DSC_5364-e1741977905973-120x65.jpg 120w, https:\/\/www.mendoza.gov.ar\/wp-content\/uploads\/sites\/5\/2020\/03\/DSC_5364-e1741977905973-1536x829.jpg 1536w, https:\/\/www.mendoza.gov.ar\/wp-content\/uploads\/sites\/5\/2020\/03\/DSC_5364-e1741977905973-2048x1106.jpg 2048w\" sizes=\"(max-width: 700px) 100vw, 700px\"><\/a><\/figure><\/li><\/ul><\/figure>\n<\/body><\/html>\n","protected":false},"excerpt":{"rendered":"Conocer nuestros derechos como usuarios y consumidores, hacerlos valer y compartir esta informaci&oacute;n resulta sumamente importante para sostener escenarios m&aacute;s equilibrados en las compras de productos y contrataciones de servicios. Hoy &#9472;15 de marzo&#9472; se celebra el D&iacute;a Mundial de los Derechos de los Consumidores, tambi&eacute;n denominado D&iacute;a Mundial del Consumidor. En conmemoraci&oacute;n de la&#8230; <a class=\"view-article\" href=\"https:\/\/www.mendoza.gov.ar\/prensa\/dia-mundial-del-consumidor-conoce-y-hace-valer-tus-derechos\/\"><\/a>","protected":false},"author":63,"featured_media":225071,"comment_status":"open","ping_status":"open","sticky":false,"template":"","format":"standard","meta":[],"categories":[20],"tags":[],"_links":{"self":[{"href":"https:\/\/www.mendoza.gov.ar\/prensa\/wp-json\/wp\/v2\/posts\/461669"}],"collection":[{"href":"https:\/\/www.mendoza.gov.ar\/prensa\/wp-json\/wp\/v2\/posts"}],"about":[{"href":"https:\/\/www.mendoza.gov.ar\/prensa\/wp-json\/wp\/v2\/types\/post"}],"author":[{"embeddable":true,"href":"https:\/\/www.mendoza.gov.ar\/prensa\/wp-json\/wp\/v2\/users\/63"}],"replies":[{"embeddable":true,"href":"https:\/\/www.mendoza.gov.ar\/prensa\/wp-json\/wp\/v2\/comments?post=461669"}],"version-history":[{"count":7,"href":"https:\/\/www.mendoza.gov.ar\/prensa\/wp-json\/wp\/v2\/posts\/461669\/revisions"}],"predecessor-version":[{"id":461756,"href":"https:\/\/www.mendoza.gov.ar\/prensa\/wp-json\/wp\/v2\/posts\/461669\/revisions\/461756"}],"wp:featuredmedia":[{"embeddable":true,"href":"https:\/\/www.mendoza.gov.ar\/prensa\/wp-json\/wp\/v2\/media\/225071"}],"wp:attachment":[{"href":"https:\/\/www.mendoza.gov.ar\/prensa\/wp-json\/wp\/v2\/media?parent=461669"}],"wp:term":[{"taxonomy":"category","embeddable":true,"href":"https:\/\/www.mendoza.gov.ar\/prensa\/wp-json\/wp\/v2\/categories?post=461669"},{"taxonomy":"post_tag","embeddable":true,"href":"https:\/\/www.mendoza.gov.ar\/prensa\/wp-json\/wp\/v2\/tags?post=461669"}],"curies":[{"name":"wp","href":"https:\/\/api.w.org\/{rel}","templated":true}]}}