{"id":46182,"date":"2016-01-18T20:41:13","date_gmt":"2016-01-18T23:41:13","guid":{"rendered":"http:\/\/prensa.mendoza.gov.ar\/?p=46182"},"modified":"2016-01-18T20:41:13","modified_gmt":"2016-01-18T23:41:13","slug":"unicipio-comenzo-a-trabajar-en-seguridad-residuos-y-transporte","status":"publish","type":"post","link":"https:\/\/www.mendoza.gov.ar\/prensa\/unicipio-comenzo-a-trabajar-en-seguridad-residuos-y-transporte\/","title":{"rendered":"Unicipio comenz\u00f3 a trabajar en seguridad, residuos y transporte"},"content":{"rendered":"<!DOCTYPE html PUBLIC \"-\/\/W3C\/\/DTD HTML 4.0 Transitional\/\/EN\" \"http:\/\/www.w3.org\/TR\/REC-html40\/loose.dtd\">\n<html><body><p>Luego del anuncio formal de la incorporaci&oacute;n de Unicipio en el organigrama de la Secretar&iacute;a de Ambiente y Ordenamiento Territorial de la Provincia, representantes de todos los departamentos del &Aacute;rea Metropolitana y Lavalle se reunieron para comenzar a dise&ntilde;ar estrategias y acciones conjuntas. Los principales temas se centraron en las problem&aacute;ticas de seguridad, el tratamiento de los residuos s&oacute;lidos urbanos y el transporte, entre otros.<\/p>\n<p>Adem&aacute;s, en el encuentro el secretario de Ambiente, Humberto Mingorance, present&oacute; a la coordinadora de Unicipio desde el Gobierno Provincial. Se trata de Graciela Marty, quien se desempe&ntilde;&oacute; en los &uacute;ltimos a&ntilde;os como asesora y elaboradora de proyectos en la Secretar&iacute;a de Gobierno de Godoy Cruz.<\/p>\n<p>La reuni&oacute;n se desarroll&oacute; en el s&eacute;ptimo piso de la Casa de Gobierno y se acord&oacute; que esta comisi&oacute;n tendr&aacute; una reuni&oacute;n semanal para avanzar de manera articulada entre las comunas y el Ejecutivo Provincial. El encuentro estuvo presidido por el secretario de Ambiente, Humberto Mingorance, y la coordinadora general de Unicipio de la Provincia. Tambi&eacute;n acompa&ntilde;aron por parte de Capital la secretar&iacute;a de Gobierno de la Municipalidad, Natacha Eisenchlas y la presidente del Concejo Deliberante Beatriz Mart&iacute;nez; la presidente del Concejo de Guaymall&eacute;n, Evelyn P&eacute;rez, y el secretario de Gobierno del municipio de Las Heras, Ra&uacute;l Villafa&ntilde;e. Adem&aacute;s, llevaron sus representantes los departamentos de Lavalle, Godoy Cruz, Maip&uacute; y Luj&aacute;n.<\/p>\n<\/body><\/html>\n","protected":false},"excerpt":{"rendered":"\ufeff\ufeffCon los representantes de cada departamento del \u00c1rea Metropolitana, secretarios de Gobierno y presidentes de los concejos deliberantes, se desarroll\u00f3 una nueva reuni\u00f3n integrada de Unicipio. Se comenz\u00f3 a dise\u00f1ar la tarea en conjunto en temas como seguridad, transporte y residuos s\u00f3lidos urbanos, entre otros.","protected":false},"author":3,"featured_media":46185,"comment_status":"open","ping_status":"open","sticky":false,"template":"","format":"standard","meta":[],"categories":[3],"tags":[],"_links":{"self":[{"href":"https:\/\/www.mendoza.gov.ar\/prensa\/wp-json\/wp\/v2\/posts\/46182"}],"collection":[{"href":"https:\/\/www.mendoza.gov.ar\/prensa\/wp-json\/wp\/v2\/posts"}],"about":[{"href":"https:\/\/www.mendoza.gov.ar\/prensa\/wp-json\/wp\/v2\/types\/post"}],"author":[{"embeddable":true,"href":"https:\/\/www.mendoza.gov.ar\/prensa\/wp-json\/wp\/v2\/users\/3"}],"replies":[{"embeddable":true,"href":"https:\/\/www.mendoza.gov.ar\/prensa\/wp-json\/wp\/v2\/comments?post=46182"}],"version-history":[{"count":0,"href":"https:\/\/www.mendoza.gov.ar\/prensa\/wp-json\/wp\/v2\/posts\/46182\/revisions"}],"wp:featuredmedia":[{"embeddable":true,"href":"https:\/\/www.mendoza.gov.ar\/prensa\/wp-json\/wp\/v2\/media\/46185"}],"wp:attachment":[{"href":"https:\/\/www.mendoza.gov.ar\/prensa\/wp-json\/wp\/v2\/media?parent=46182"}],"wp:term":[{"taxonomy":"category","embeddable":true,"href":"https:\/\/www.mendoza.gov.ar\/prensa\/wp-json\/wp\/v2\/categories?post=46182"},{"taxonomy":"post_tag","embeddable":true,"href":"https:\/\/www.mendoza.gov.ar\/prensa\/wp-json\/wp\/v2\/tags?post=46182"}],"curies":[{"name":"wp","href":"https:\/\/api.w.org\/{rel}","templated":true}]}}