{"id":46210,"date":"2016-01-19T13:06:18","date_gmt":"2016-01-19T16:06:18","guid":{"rendered":"http:\/\/prensa.mendoza.gov.ar\/?p=46210"},"modified":"2016-01-19T13:06:18","modified_gmt":"2016-01-19T16:06:18","slug":"desvio-de-colectivos-en-lujan-de-cuyo","status":"publish","type":"post","link":"https:\/\/www.mendoza.gov.ar\/prensa\/desvio-de-colectivos-en-lujan-de-cuyo\/","title":{"rendered":"Desv\u00edo de colectivos en Luj\u00e1n de Cuyo"},"content":{"rendered":"<!DOCTYPE html PUBLIC \"-\/\/W3C\/\/DTD HTML 4.0 Transitional\/\/EN\" \"http:\/\/www.w3.org\/TR\/REC-html40\/loose.dtd\">\n<html><body><p>Por modificaciones en calle Godoy Cruz en el tramo San mart&iacute;n &ndash; Evans&nbsp;de Luj&aacute;n, habr&aacute; desv&iacute;o de transporte p&uacute;blicos de pasajeros hasta el pr&oacute;ximo 3 de febrero.<\/p>\n<p>Los servicios afectados son los siguientes:<\/p>\n<p><strong>Grupo 1, l&iacute;nea 19 (Libertad y Huentota);&nbsp;<\/strong><strong>Grupo 850;&nbsp;<\/strong><strong>Grupo 800; y&nbsp;<\/strong><strong>Grupo 10, l&iacute;nea 175&nbsp;<\/strong> que tomar&aacute;n por Sarmiento, San Mart&iacute;n, M. Moreno, Gui&ntilde;az&uacute; y retornar&aacute;n a su recorrido habitual.<\/p>\n<p>Adem&aacute;s, el <strong>Grupo 300<\/strong> desviar&aacute; en su traza de&nbsp;<em>centro a zona&nbsp;<\/em> por Sarmiento, San Mart&iacute;n, M. Moreno y &nbsp;Taboada, para luego volver a su recorrido normal. Por el contrario en el tramo de&nbsp;<em>Zona a Centro&nbsp;<\/em>tomar&aacute; por Rivadavia, F. Alcorta, Azcu&eacute;naga, P. Moreno, Rivadavia y vuelve a su recorrido.<\/p>\n<p>Tambi&eacute;n, se ver&aacute;n temporalmente afectados los recorridos del&nbsp;<strong>Grupo 1, l&iacute;neas 17 y 19 (San Mart&iacute;n-Drumond-P.I.P.)&nbsp;<\/strong>y el <b>Grupo 850&nbsp;<\/b>que tomar&aacute;n por San Mart&iacute;n, M. Moreno, Gui&ntilde;az&uacute; y vuelve a su recorrido habitual.<\/p>\n<\/body><\/html>\n","protected":false},"excerpt":{"rendered":"Hasta el 3 de febrero habr\u00e1 desv\u00edo de colectivos por la modificaci\u00f3n de calle Godoy Cruz del departamento de Luj\u00e1n de Cuyo.","protected":false},"author":3,"featured_media":0,"comment_status":"open","ping_status":"open","sticky":false,"template":"","format":"standard","meta":[],"categories":[1],"tags":[],"_links":{"self":[{"href":"https:\/\/www.mendoza.gov.ar\/prensa\/wp-json\/wp\/v2\/posts\/46210"}],"collection":[{"href":"https:\/\/www.mendoza.gov.ar\/prensa\/wp-json\/wp\/v2\/posts"}],"about":[{"href":"https:\/\/www.mendoza.gov.ar\/prensa\/wp-json\/wp\/v2\/types\/post"}],"author":[{"embeddable":true,"href":"https:\/\/www.mendoza.gov.ar\/prensa\/wp-json\/wp\/v2\/users\/3"}],"replies":[{"embeddable":true,"href":"https:\/\/www.mendoza.gov.ar\/prensa\/wp-json\/wp\/v2\/comments?post=46210"}],"version-history":[{"count":0,"href":"https:\/\/www.mendoza.gov.ar\/prensa\/wp-json\/wp\/v2\/posts\/46210\/revisions"}],"wp:attachment":[{"href":"https:\/\/www.mendoza.gov.ar\/prensa\/wp-json\/wp\/v2\/media?parent=46210"}],"wp:term":[{"taxonomy":"category","embeddable":true,"href":"https:\/\/www.mendoza.gov.ar\/prensa\/wp-json\/wp\/v2\/categories?post=46210"},{"taxonomy":"post_tag","embeddable":true,"href":"https:\/\/www.mendoza.gov.ar\/prensa\/wp-json\/wp\/v2\/tags?post=46210"}],"curies":[{"name":"wp","href":"https:\/\/api.w.org\/{rel}","templated":true}]}}