{"id":46261,"date":"2016-01-20T13:37:05","date_gmt":"2016-01-20T16:37:05","guid":{"rendered":"http:\/\/prensa.mendoza.gov.ar\/?p=46261"},"modified":"2016-01-20T13:37:05","modified_gmt":"2016-01-20T16:37:05","slug":"los-aviones-de-la-lucha-antigranizo-sembraron-nucleos-en-el-oasis-sur","status":"publish","type":"post","link":"https:\/\/www.mendoza.gov.ar\/prensa\/los-aviones-de-la-lucha-antigranizo-sembraron-nucleos-en-el-oasis-sur\/","title":{"rendered":"Los aviones de la lucha antigranizo sembraron n\u00facleos en el oasis Sur"},"content":{"rendered":"<!DOCTYPE html PUBLIC \"-\/\/W3C\/\/DTD HTML 4.0 Transitional\/\/EN\" \"http:\/\/www.w3.org\/TR\/REC-html40\/loose.dtd\">\n<html><body><p>Luego de que los radaristas y pilotos de la Direcci&oacute;n de Contingencias Clim&aacute;ticas detectaran 56 c&eacute;lulas de tormenta sobre cultivos en distintos sectores, se sembraron 7 n&uacute;cleos que eran potencialmente peligrosos.<\/p>\n<p>En el oasis Norte-Este, las c&eacute;lulas de tormenta s&oacute;lo afectaron con lluvias moderadas la zona de secano y se disiparon antes de llegar al oasis cultivado. All&iacute; se realiz&oacute; un vuelo de patrulla para el seguimiento de los n&uacute;cleos.<\/p>\n<p>Con respecto al Valle de Uco, por registrarse algunas formaciones convectivas en precordillera, se encendieron los generadores de superficie a modo preventivo durante 3 horas. En esta zona no se realizan vuelos ya que rige restricci&oacute;n aeron&aacute;utica.<\/p>\n<p>Finalmente, en el oasis Sur se trabaj&oacute; con aviones para combatir las celdas que se originaron en zona de secano que afectaron con lluvia fuerte y granizo este &aacute;rea y luego se propag&oacute; al oasis cultivado con fuertes lluvias.<\/p>\n<p>Tambi&eacute;n se gener&oacute; un nuevo frente en la zona de Cerro el Nevado y Punta de Agua con desplazamiento que deriv&oacute; en fuertes precipitaciones de lluvia y granizo en General Alvear, Bowen y Carmensa. Vale aclarar que, como es usual, se har&aacute;n los relevamientos de campo para determinar los da&ntilde;os que pudieran haber producido estas precipitaciones, cuyos resultados se conocer&aacute;n en los pr&oacute;ximos d&iacute;as.<\/p>\n<p>Se le recuerda a los productores y a la poblaci&oacute;n en general, que pueden seguir en tiempo real el avance de los n&uacute;cleos de tormenta y que pueden acceder al pron&oacute;stico extendido en la p&aacute;gina de Contingencias Clim&aacute;ticas: <strong><a href=\"https:\/\/www.mendoza.gov.ar\/contingencias\/\">www.mendoza.gov.ar\/contingencias<\/a><\/strong><\/p>\n<\/body><\/html>\n","protected":false},"excerpt":{"rendered":"Durante el atardecer de ayer se registr\u00f3 una fuerte actividad convectiva en la zona. Debido al trabajo del programa de lucha activa, s\u00f3lo se registr\u00f3 granizo en General Alvear.","protected":false},"author":3,"featured_media":42585,"comment_status":"open","ping_status":"open","sticky":false,"template":"","format":"standard","meta":[],"categories":[15],"tags":[],"_links":{"self":[{"href":"https:\/\/www.mendoza.gov.ar\/prensa\/wp-json\/wp\/v2\/posts\/46261"}],"collection":[{"href":"https:\/\/www.mendoza.gov.ar\/prensa\/wp-json\/wp\/v2\/posts"}],"about":[{"href":"https:\/\/www.mendoza.gov.ar\/prensa\/wp-json\/wp\/v2\/types\/post"}],"author":[{"embeddable":true,"href":"https:\/\/www.mendoza.gov.ar\/prensa\/wp-json\/wp\/v2\/users\/3"}],"replies":[{"embeddable":true,"href":"https:\/\/www.mendoza.gov.ar\/prensa\/wp-json\/wp\/v2\/comments?post=46261"}],"version-history":[{"count":0,"href":"https:\/\/www.mendoza.gov.ar\/prensa\/wp-json\/wp\/v2\/posts\/46261\/revisions"}],"wp:featuredmedia":[{"embeddable":true,"href":"https:\/\/www.mendoza.gov.ar\/prensa\/wp-json\/wp\/v2\/media\/42585"}],"wp:attachment":[{"href":"https:\/\/www.mendoza.gov.ar\/prensa\/wp-json\/wp\/v2\/media?parent=46261"}],"wp:term":[{"taxonomy":"category","embeddable":true,"href":"https:\/\/www.mendoza.gov.ar\/prensa\/wp-json\/wp\/v2\/categories?post=46261"},{"taxonomy":"post_tag","embeddable":true,"href":"https:\/\/www.mendoza.gov.ar\/prensa\/wp-json\/wp\/v2\/tags?post=46261"}],"curies":[{"name":"wp","href":"https:\/\/api.w.org\/{rel}","templated":true}]}}