{"id":46314,"date":"2016-01-21T09:00:46","date_gmt":"2016-01-21T12:00:46","guid":{"rendered":"http:\/\/prensa.mendoza.gov.ar\/?p=46314"},"modified":"2016-01-21T09:00:46","modified_gmt":"2016-01-21T12:00:46","slug":"se-encuentra-inhabilitado-el-acceso-a-la-laguna-del-diamante-por-deshielos","status":"publish","type":"post","link":"https:\/\/www.mendoza.gov.ar\/prensa\/se-encuentra-inhabilitado-el-acceso-a-la-laguna-del-diamante-por-deshielos\/","title":{"rendered":"Se encuentra inhabilitado el acceso a la Laguna del Diamante por deshielos"},"content":{"rendered":"<!DOCTYPE html PUBLIC \"-\/\/W3C\/\/DTD HTML 4.0 Transitional\/\/EN\" \"http:\/\/www.w3.org\/TR\/REC-html40\/loose.dtd\">\n<html><body><p>Las altas temperaturas que se registran en toda la Provincia han provocado una serie de deshielos que impactan en la crecida de r&iacute;os y arroyos ubicados en los caminos de monta&ntilde;a. El fen&oacute;meno arras&oacute; con tres puentes afectando el camino&nbsp;a la Laguna del Diamante.<\/p>\n<p>Debido a esto la Direcci&oacute;n Provincial de Vialidad decidi&oacute; cerrar el acceso a la reserva. Desde este jueves, 21 de enero, el organismo vial comenz&oacute; a desarrollar el operativo para recomponer el tr&aacute;nsito hacia uno de los sitios tur&iacute;sticos m&aacute;s imponentes de Mendoza.<\/p>\n<p>En la jornada de ayer mi&eacute;rcoles, ese descongelamiento&nbsp;afect&oacute; severamente el camino que conduce a la Laguna del Diamante en el departamento San Carlos donde tres puentes, dos ubicados sobre el arroyo Paramillos, y uno ubicado sobre el arroyo El Gaucho, fueron arrasados por el agua.<\/p>\n<p>A partir de esta situaci&oacute;n, 21 personas que se visitaban el lugar a bordo de siete veh&iacute;culos debieron ser asistidas a &uacute;ltima hora de la tarde luego de que quedaran bloqueadas a unos 40 kil&oacute;metros del Puesto Alvarado, sobre la ruta provincial 98.<\/p>\n<p>Personal de Guardaparques, de Vialidad Provincial y de otros organismos competentes, debieron asistir a los turistas que a &uacute;ltima hora de ayer se encontraban resguardados y sin inconvenientes una vez superado el episodio provocado por el derretimiento del hielo.<\/p>\n<p>El administrador de Vialidad Provincial, Oscar Sandes, indic&oacute; que &ldquo;las tareas de reconstrucci&oacute;n de los puentes y los sectores del camino que han sido afectados ya han comenzado, a partir de un operativo coordinado con el resto de las entidades que se encargan de la seguridad en torno a la Laguna del Diamante&rdquo;.<\/p>\n<p>Sandes subray&oacute; que el tr&aacute;nsito hacia el lugar ha quedado interrumpido para todo tipo de veh&iacute;culos hasta tanto se pueda garantizar la seguridad de los visitantes en todo el trayecto por el que se arriba a la Laguna. El funcionario estim&oacute;, que si el caudal de agua contin&uacute;a en disminuci&oacute;n, los puentes quedar&aacute; habilitados ma&ntilde;ana viernes.<\/p>\n<p>El fen&oacute;meno que afect&oacute; el camino se produjo entre los 3500 y 3700 metros sobre el nivel del mar.<\/p>\n<\/body><\/html>\n","protected":false},"excerpt":{"rendered":"As\u00ed lo dispuso la Direcci\u00f3n Provincial de Vialidad luego de que las altas temperaturas provocaran deshielos que afectaron el camino y tres puentes fueran arrasados por el agua. Este jueves, 21 de enero, el organismo vial comienza a desarrollar el operativo para recomponer el tr\u00e1nsito hacia uno de los sitios tur\u00edsticos m\u00e1s imponentes de Mendoza.","protected":false},"author":3,"featured_media":0,"comment_status":"open","ping_status":"open","sticky":false,"template":"","format":"standard","meta":[],"categories":[3,15],"tags":[],"_links":{"self":[{"href":"https:\/\/www.mendoza.gov.ar\/prensa\/wp-json\/wp\/v2\/posts\/46314"}],"collection":[{"href":"https:\/\/www.mendoza.gov.ar\/prensa\/wp-json\/wp\/v2\/posts"}],"about":[{"href":"https:\/\/www.mendoza.gov.ar\/prensa\/wp-json\/wp\/v2\/types\/post"}],"author":[{"embeddable":true,"href":"https:\/\/www.mendoza.gov.ar\/prensa\/wp-json\/wp\/v2\/users\/3"}],"replies":[{"embeddable":true,"href":"https:\/\/www.mendoza.gov.ar\/prensa\/wp-json\/wp\/v2\/comments?post=46314"}],"version-history":[{"count":0,"href":"https:\/\/www.mendoza.gov.ar\/prensa\/wp-json\/wp\/v2\/posts\/46314\/revisions"}],"wp:attachment":[{"href":"https:\/\/www.mendoza.gov.ar\/prensa\/wp-json\/wp\/v2\/media?parent=46314"}],"wp:term":[{"taxonomy":"category","embeddable":true,"href":"https:\/\/www.mendoza.gov.ar\/prensa\/wp-json\/wp\/v2\/categories?post=46314"},{"taxonomy":"post_tag","embeddable":true,"href":"https:\/\/www.mendoza.gov.ar\/prensa\/wp-json\/wp\/v2\/tags?post=46314"}],"curies":[{"name":"wp","href":"https:\/\/api.w.org\/{rel}","templated":true}]}}