{"id":464295,"date":"2025-03-26T10:39:45","date_gmt":"2025-03-26T13:39:45","guid":{"rendered":"https:\/\/www.mendoza.gov.ar\/prensa\/?p=464295"},"modified":"2025-03-26T11:45:06","modified_gmt":"2025-03-26T14:45:06","slug":"el-ministerio-de-energia-y-ambiente-concreto-una-jornada-de-trabajo-con-avances-en-la-agenda-ambiental-de-malargue","status":"publish","type":"post","link":"https:\/\/www.mendoza.gov.ar\/prensa\/el-ministerio-de-energia-y-ambiente-concreto-una-jornada-de-trabajo-con-avances-en-la-agenda-ambiental-de-malargue\/","title":{"rendered":"El Ministerio de Energ\u00eda y Ambiente concret\u00f3 una jornada de trabajo con avances en la agenda ambiental de Malarg\u00fce"},"content":{"rendered":"<!DOCTYPE html PUBLIC \"-\/\/W3C\/\/DTD HTML 4.0 Transitional\/\/EN\" \"http:\/\/www.w3.org\/TR\/REC-html40\/loose.dtd\">\n<html><body><h5>A trav&eacute;s de la Subsecretar&iacute;a de Ambiente y la Direcci&oacute;n de Transici&oacute;n Energ&eacute;tica, mantuvo reuniones de trabajo con autoridades del departamento para avanzar con la emergencia ambiental declarada hace m&aacute;s de un a&ntilde;o. Ya hay progresos en la gesti&oacute;n de residuos s&oacute;lidos, la preparaci&oacute;n para la temporada de Las Le&ntilde;as y la cubierta sanitaria.<\/h5>\n\n\n\n<p>La Subsecretar&iacute;a de Ambiente del Ministerio de Energ&iacute;a y Ambiente contin&uacute;a fortaleciendo su agenda de trabajo con la Municipalidad de Malarg&uuml;e en el marco de la emergencia ambiental que atraviesa el departamento desde hace m&aacute;s de un a&ntilde;o.<\/p>\n\n\n\n<p>Con el objetivo de avanzar en soluciones integrales y sostenibles, la subsecretaria de Ambiente, Nuria Ojeda, encabez&oacute; los encuentros junto a la directora de Gesti&oacute;n Ambiental de Malarg&uuml;e, Amalia Ramires. La actividad incluy&oacute; reuniones t&eacute;cnicas y un recorrido de campo por la cubierta sanitaria del departamento.<\/p>\n\n\n\n<p>La visita tambi&eacute;n cont&oacute; con la participaci&oacute;n del director de Transici&oacute;n Energ&eacute;tica, &Aacute;ngel De Cicco, quien acompa&ntilde;&oacute; las tareas de relevamiento y los encuentros.<\/p>\n\n\n\n<p>Durante la jornada se abordaron temas prioritarios, como el manejo de residuos s&oacute;lidos urbanos y peligrosos, el programa de gesti&oacute;n de pilas y las tareas pendientes en la agenda ambiental, de cara a 2025. Adem&aacute;s se evalu&oacute; la posibilidad de integrar a otras direcciones del Ministerio de Energ&iacute;a y Ambiente para potenciar el alcance del Plan de Sostenibilidad en la regi&oacute;n.<\/p>\n\n\n\n<p>Uno de los ejes centrales fue la inspecci&oacute;n en la cubierta sanitaria, donde se identificaron problem&aacute;ticas vinculadas a la disposici&oacute;n inadecuada de residuos y se trazaron l&iacute;neas de acci&oacute;n para implementar un sistema de disposici&oacute;n final segura. En este sentido se avanz&oacute; en el plan de cierre perimetral del predio, para controlar el ingreso y mitigar los riesgos de contaminaci&oacute;n, y se analizaron alternativas para la instalaci&oacute;n de venteos de gases ambientales.<\/p>\n\n\n\n<p>Otro punto destacado de la reuni&oacute;n fue el abordaje de la situaci&oacute;n del centro de esqu&iacute; Las Le&ntilde;as, con el objetivo de evaluar las condiciones actuales y planificar la gesti&oacute;n de residuos dentro del predio tur&iacute;stico de cara al inicio de la temporada invernal. Se destac&oacute; la necesidad de definir acciones concretas que garanticen el manejo adecuado de los desechos en uno de los principales destinos tur&iacute;sticos de la provincia.<\/p>\n\n\n\n<p>&ldquo;La gesti&oacute;n ambiental en Malarg&uuml;e requiere de un trabajo articulado y sostenido. Venimos consolidando esta agenda conjunta con el Municipio desde el a&ntilde;o pasado, con el foco en soluciones innovadoras y pr&aacute;cticas que nos permitan dar respuesta a la emergencia ambiental y avanzar hacia un modelo de sostenibilidad&rdquo;, destac&oacute; Ojeda.<\/p>\n\n\n\n<p>La jornada se desarroll&oacute; en el Planetario de Malarg&uuml;e con trabajos de gabinete y el posterior relevamiento en la zona de la cubierta sanitaria. La colaboraci&oacute;n entre el Ministerio de Energ&iacute;a y Ambiente, y el Municipio representa un paso firme para enfrentar los desaf&iacute;os ambientales del departamento y garantizarle mejores condiciones de vida para su comunidad.<\/p>\n\n\n\n<p>Todas estas acciones se enmarcan en el Plan de Residuos y el Plan Estrat&eacute;gico de Sostenibilidad para la provincia. Ambos dependen del Ministerio de Energ&iacute;a y Ambiente, y tienen como objetivos principales la construcci&oacute;n de infraestructuras necesarias para el tratamiento y la disposici&oacute;n final de desechos, as&iacute; como la regionalizaci&oacute;n del manejo ambiental con la participaci&oacute;n activa de los municipios.<\/p>\n\n\n\n<figure class=\"wp-block-gallery columns-3\"><ul class=\"blocks-gallery-grid\"><li class=\"blocks-gallery-item\"><figure><a href=\"https:\/\/www.mendoza.gov.ar\/wp-content\/uploads\/sites\/5\/2025\/03\/WhatsApp-Image-2025-03-19-at-11.27.23-700x315.jpeg\"><img loading=\"lazy\" width=\"700\" height=\"315\" src=\"https:\/\/www.mendoza.gov.ar\/wp-content\/uploads\/sites\/5\/2025\/03\/WhatsApp-Image-2025-03-19-at-11.27.23-700x315.jpeg\" alt=\"\" data-id=\"464297\" data-link=\"https:\/\/www.mendoza.gov.ar\/prensa\/?attachment_id=464297\" class=\"wp-image-464297 img-responsive center-block\" srcset=\"https:\/\/www.mendoza.gov.ar\/wp-content\/uploads\/sites\/5\/2025\/03\/WhatsApp-Image-2025-03-19-at-11.27.23-700x315.jpeg 700w, https:\/\/www.mendoza.gov.ar\/wp-content\/uploads\/sites\/5\/2025\/03\/WhatsApp-Image-2025-03-19-at-11.27.23-250x113.jpeg 250w, https:\/\/www.mendoza.gov.ar\/wp-content\/uploads\/sites\/5\/2025\/03\/WhatsApp-Image-2025-03-19-at-11.27.23-768x346.jpeg 768w, https:\/\/www.mendoza.gov.ar\/wp-content\/uploads\/sites\/5\/2025\/03\/WhatsApp-Image-2025-03-19-at-11.27.23-120x54.jpeg 120w, https:\/\/www.mendoza.gov.ar\/wp-content\/uploads\/sites\/5\/2025\/03\/WhatsApp-Image-2025-03-19-at-11.27.23.jpeg 1280w\" sizes=\"(max-width: 700px) 100vw, 700px\"><\/a><\/figure><\/li><li class=\"blocks-gallery-item\"><figure><a href=\"https:\/\/www.mendoza.gov.ar\/wp-content\/uploads\/sites\/5\/2025\/03\/WhatsApp-Image-2025-03-19-at-11.27.22-700x315.jpeg\"><img loading=\"lazy\" width=\"700\" height=\"315\" src=\"https:\/\/www.mendoza.gov.ar\/wp-content\/uploads\/sites\/5\/2025\/03\/WhatsApp-Image-2025-03-19-at-11.27.22-700x315.jpeg\" alt=\"\" data-id=\"464298\" data-link=\"https:\/\/www.mendoza.gov.ar\/prensa\/?attachment_id=464298\" class=\"wp-image-464298 img-responsive center-block\" srcset=\"https:\/\/www.mendoza.gov.ar\/wp-content\/uploads\/sites\/5\/2025\/03\/WhatsApp-Image-2025-03-19-at-11.27.22-700x315.jpeg 700w, https:\/\/www.mendoza.gov.ar\/wp-content\/uploads\/sites\/5\/2025\/03\/WhatsApp-Image-2025-03-19-at-11.27.22-250x113.jpeg 250w, https:\/\/www.mendoza.gov.ar\/wp-content\/uploads\/sites\/5\/2025\/03\/WhatsApp-Image-2025-03-19-at-11.27.22-768x346.jpeg 768w, https:\/\/www.mendoza.gov.ar\/wp-content\/uploads\/sites\/5\/2025\/03\/WhatsApp-Image-2025-03-19-at-11.27.22-120x54.jpeg 120w, https:\/\/www.mendoza.gov.ar\/wp-content\/uploads\/sites\/5\/2025\/03\/WhatsApp-Image-2025-03-19-at-11.27.22.jpeg 1280w\" sizes=\"(max-width: 700px) 100vw, 700px\"><\/a><\/figure><\/li><li class=\"blocks-gallery-item\"><figure><a href=\"https:\/\/www.mendoza.gov.ar\/wp-content\/uploads\/sites\/5\/2025\/03\/DSC_4554-Grande-700x466.jpg\"><img loading=\"lazy\" width=\"700\" height=\"466\" src=\"https:\/\/www.mendoza.gov.ar\/wp-content\/uploads\/sites\/5\/2025\/03\/DSC_4554-Grande-700x466.jpg\" alt=\"\" data-id=\"464299\" data-link=\"https:\/\/www.mendoza.gov.ar\/prensa\/?attachment_id=464299\" class=\"wp-image-464299 img-responsive center-block\" srcset=\"https:\/\/www.mendoza.gov.ar\/wp-content\/uploads\/sites\/5\/2025\/03\/DSC_4554-Grande-700x466.jpg 700w, https:\/\/www.mendoza.gov.ar\/wp-content\/uploads\/sites\/5\/2025\/03\/DSC_4554-Grande-250x166.jpg 250w, https:\/\/www.mendoza.gov.ar\/wp-content\/uploads\/sites\/5\/2025\/03\/DSC_4554-Grande-768x511.jpg 768w, https:\/\/www.mendoza.gov.ar\/wp-content\/uploads\/sites\/5\/2025\/03\/DSC_4554-Grande-1536x1022.jpg 1536w, https:\/\/www.mendoza.gov.ar\/wp-content\/uploads\/sites\/5\/2025\/03\/DSC_4554-Grande-120x80.jpg 120w, https:\/\/www.mendoza.gov.ar\/wp-content\/uploads\/sites\/5\/2025\/03\/DSC_4554-Grande.jpg 1623w\" sizes=\"(max-width: 700px) 100vw, 700px\"><\/a><\/figure><\/li><li class=\"blocks-gallery-item\"><figure><a href=\"https:\/\/www.mendoza.gov.ar\/wp-content\/uploads\/sites\/5\/2025\/03\/DSC_4551-Grande.jpg\"><img loading=\"lazy\" width=\"700\" height=\"466\" src=\"https:\/\/www.mendoza.gov.ar\/wp-content\/uploads\/sites\/5\/2025\/03\/DSC_4551-Grande-700x466.jpg\" alt=\"\" data-id=\"464300\" data-full-url=\"https:\/\/www.mendoza.gov.ar\/wp-content\/uploads\/sites\/5\/2025\/03\/DSC_4551-Grande.jpg\" data-link=\"https:\/\/www.mendoza.gov.ar\/prensa\/?attachment_id=464300\" class=\"wp-image-464300 img-responsive center-block\" srcset=\"https:\/\/www.mendoza.gov.ar\/wp-content\/uploads\/sites\/5\/2025\/03\/DSC_4551-Grande-700x466.jpg 700w, https:\/\/www.mendoza.gov.ar\/wp-content\/uploads\/sites\/5\/2025\/03\/DSC_4551-Grande-250x166.jpg 250w, https:\/\/www.mendoza.gov.ar\/wp-content\/uploads\/sites\/5\/2025\/03\/DSC_4551-Grande-768x511.jpg 768w, https:\/\/www.mendoza.gov.ar\/wp-content\/uploads\/sites\/5\/2025\/03\/DSC_4551-Grande-1536x1022.jpg 1536w, https:\/\/www.mendoza.gov.ar\/wp-content\/uploads\/sites\/5\/2025\/03\/DSC_4551-Grande-120x80.jpg 120w, https:\/\/www.mendoza.gov.ar\/wp-content\/uploads\/sites\/5\/2025\/03\/DSC_4551-Grande.jpg 1623w\" sizes=\"(max-width: 700px) 100vw, 700px\"><\/a><\/figure><\/li><\/ul><\/figure>\n<\/body><\/html>\n","protected":false},"excerpt":{"rendered":"A trav&eacute;s de la Subsecretar&iacute;a de Ambiente y la Direcci&oacute;n de Transici&oacute;n Energ&eacute;tica, mantuvo reuniones de trabajo con autoridades del departamento para avanzar con la emergencia ambiental declarada hace m&aacute;s de un a&ntilde;o. Ya hay progresos en la gesti&oacute;n de residuos s&oacute;lidos, la preparaci&oacute;n para la temporada de Las Le&ntilde;as y la cubierta sanitaria. La&#8230; <a class=\"view-article\" href=\"https:\/\/www.mendoza.gov.ar\/prensa\/el-ministerio-de-energia-y-ambiente-concreto-una-jornada-de-trabajo-con-avances-en-la-agenda-ambiental-de-malargue\/\"><\/a>","protected":false},"author":61,"featured_media":464298,"comment_status":"open","ping_status":"open","sticky":false,"template":"","format":"standard","meta":[],"categories":[3,3038,3062],"tags":[],"_links":{"self":[{"href":"https:\/\/www.mendoza.gov.ar\/prensa\/wp-json\/wp\/v2\/posts\/464295"}],"collection":[{"href":"https:\/\/www.mendoza.gov.ar\/prensa\/wp-json\/wp\/v2\/posts"}],"about":[{"href":"https:\/\/www.mendoza.gov.ar\/prensa\/wp-json\/wp\/v2\/types\/post"}],"author":[{"embeddable":true,"href":"https:\/\/www.mendoza.gov.ar\/prensa\/wp-json\/wp\/v2\/users\/61"}],"replies":[{"embeddable":true,"href":"https:\/\/www.mendoza.gov.ar\/prensa\/wp-json\/wp\/v2\/comments?post=464295"}],"version-history":[{"count":8,"href":"https:\/\/www.mendoza.gov.ar\/prensa\/wp-json\/wp\/v2\/posts\/464295\/revisions"}],"predecessor-version":[{"id":464332,"href":"https:\/\/www.mendoza.gov.ar\/prensa\/wp-json\/wp\/v2\/posts\/464295\/revisions\/464332"}],"wp:featuredmedia":[{"embeddable":true,"href":"https:\/\/www.mendoza.gov.ar\/prensa\/wp-json\/wp\/v2\/media\/464298"}],"wp:attachment":[{"href":"https:\/\/www.mendoza.gov.ar\/prensa\/wp-json\/wp\/v2\/media?parent=464295"}],"wp:term":[{"taxonomy":"category","embeddable":true,"href":"https:\/\/www.mendoza.gov.ar\/prensa\/wp-json\/wp\/v2\/categories?post=464295"},{"taxonomy":"post_tag","embeddable":true,"href":"https:\/\/www.mendoza.gov.ar\/prensa\/wp-json\/wp\/v2\/tags?post=464295"}],"curies":[{"name":"wp","href":"https:\/\/api.w.org\/{rel}","templated":true}]}}