{"id":46448,"date":"2016-01-23T10:00:03","date_gmt":"2016-01-23T13:00:03","guid":{"rendered":"http:\/\/prensa.mendoza.gov.ar\/?p=46448"},"modified":"2016-01-23T10:00:03","modified_gmt":"2016-01-23T13:00:03","slug":"economia-implementara-un-modelo-de-gestion-sostenible","status":"publish","type":"post","link":"https:\/\/www.mendoza.gov.ar\/prensa\/economia-implementara-un-modelo-de-gestion-sostenible\/","title":{"rendered":"Econom\u00eda implementar\u00e1 un modelo de gesti\u00f3n sostenible"},"content":{"rendered":"<!DOCTYPE html PUBLIC \"-\/\/W3C\/\/DTD HTML 4.0 Transitional\/\/EN\" \"http:\/\/www.w3.org\/TR\/REC-html40\/loose.dtd\">\n<html><body><p>Funcionarios del Ministerio de Econom&iacute;a, Infraestructura y Energ&iacute;a recibieron a representantes del Ministerio de Comunicaci&oacute;n P&uacute;blica y Desarrollo Estrat&eacute;gico de C&oacute;rdoba con el objetivo de conocer el modelo de gesti&oacute;n sostenible que desarrollan desde el punto de vista econ&oacute;mico, social y ambiental.<\/p>\n<p>El objetivo del encuentro, impulsado por la Direcci&oacute;n de Innovaci&oacute;n y Desarrollo Sostenible, busc&oacute; informar y conocer la experiencia desarrollada en la provincia mediterr&aacute;nea sobre la formulaci&oacute;n,&nbsp;ejecuci&oacute;n y monitoreo de pol&iacute;ticas p&uacute;blicas sostenibles.<\/p>\n<p>&ldquo;Entendemos que para atender expectativas e informar sobre la sostenibilidad de una forma clara y abierta, se necesita un marco de trabajo com&uacute;n a nivel mundial, con un lenguaje uniforme y par&aacute;metros comunes que sirvan para comunicar de una forma clara y transparente<\/p>\n<p>las cuestiones relacionadas con la sostenibilidad. Por eso, queremos adquirir experiencias locales sobre el Global Reporting Initiative (GRI) para iniciar ese camino&rdquo;, afirm&oacute; el subsecretario de Industria y Comercio, Guillermo Cruz.<\/p>\n<p>El GRI establece un marco fiable y cre&iacute;ble para la elaboraci&oacute;n de memorias de sostenibilidad<\/p>\n<p>que pueda ser utilizado por las organizaciones y brinda transparencia acerca de la sostenibilidad de las actividades de las organizaciones, la que genera un inter&eacute;s prioritario para una amplia gama de grupos de inter&eacute;s entre los que se incluyen organizaciones empresariales, de trabajadores, ONGs, inversores y auditores, entre otros.<\/p>\n<p>Desde el Gobierno de Mendoza se planifica poder implementarla, entendiendo la importancia de conocer y trabajar en los impactos sociales, ambientales y econ&oacute;micos de las pol&iacute;ticas y acciones que lleven adelante.<\/p>\n<\/body><\/html>\n","protected":false},"excerpt":{"rendered":"La iniciativa apunta a poner en pr\u00e1ctica acciones que tiendan al desarrollo econ\u00f3mico con inclusi\u00f3n social y conciencia ambiental.","protected":false},"author":3,"featured_media":0,"comment_status":"open","ping_status":"open","sticky":false,"template":"","format":"standard","meta":[],"categories":[15],"tags":[],"_links":{"self":[{"href":"https:\/\/www.mendoza.gov.ar\/prensa\/wp-json\/wp\/v2\/posts\/46448"}],"collection":[{"href":"https:\/\/www.mendoza.gov.ar\/prensa\/wp-json\/wp\/v2\/posts"}],"about":[{"href":"https:\/\/www.mendoza.gov.ar\/prensa\/wp-json\/wp\/v2\/types\/post"}],"author":[{"embeddable":true,"href":"https:\/\/www.mendoza.gov.ar\/prensa\/wp-json\/wp\/v2\/users\/3"}],"replies":[{"embeddable":true,"href":"https:\/\/www.mendoza.gov.ar\/prensa\/wp-json\/wp\/v2\/comments?post=46448"}],"version-history":[{"count":0,"href":"https:\/\/www.mendoza.gov.ar\/prensa\/wp-json\/wp\/v2\/posts\/46448\/revisions"}],"wp:attachment":[{"href":"https:\/\/www.mendoza.gov.ar\/prensa\/wp-json\/wp\/v2\/media?parent=46448"}],"wp:term":[{"taxonomy":"category","embeddable":true,"href":"https:\/\/www.mendoza.gov.ar\/prensa\/wp-json\/wp\/v2\/categories?post=46448"},{"taxonomy":"post_tag","embeddable":true,"href":"https:\/\/www.mendoza.gov.ar\/prensa\/wp-json\/wp\/v2\/tags?post=46448"}],"curies":[{"name":"wp","href":"https:\/\/api.w.org\/{rel}","templated":true}]}}