{"id":46450,"date":"2016-01-22T15:04:39","date_gmt":"2016-01-22T18:04:39","guid":{"rendered":"http:\/\/prensa.mendoza.gov.ar\/?p=46450"},"modified":"2016-01-22T15:04:39","modified_gmt":"2016-01-22T18:04:39","slug":"dique-potrerillos-realizaran-maniobras-de-limpieza-del-descargador-de-fondo","status":"publish","type":"post","link":"https:\/\/www.mendoza.gov.ar\/prensa\/dique-potrerillos-realizaran-maniobras-de-limpieza-del-descargador-de-fondo\/","title":{"rendered":"Dique Potrerillos: realizar\u00e1n maniobras de limpieza del descargador de fondo"},"content":{"rendered":"<!DOCTYPE html PUBLIC \"-\/\/W3C\/\/DTD HTML 4.0 Transitional\/\/EN\" \"http:\/\/www.w3.org\/TR\/REC-html40\/loose.dtd\">\n<html><body><p>Durante una reuni&oacute;n que se realiz&oacute; esta ma&ntilde;ana, la Comisi&oacute;n Potrerillos, integrada por representantes del Departamento General de Irrigaci&oacute;n, Aysam, Aguas Luj&aacute;n y Maip&uacute; y la Direcci&oacute;n de Hidr&aacute;ulica, establecieron la necesidad de realizar nuevamente la apertura de compuertas del descargador de fondo del Dique Potrerillos para&nbsp;preservar los &oacute;rganos de seguridad de la presa.<\/p>\n<p>Las tareas de limpieza desarrollar&aacute;n&nbsp;ma&ntilde;ana 23 de enero a las 2 AM, durante el lapso de 30 minutos. Se solicita a la poblaci&oacute;n hacer un uso responsable y solidario del agua potable para contribuir con el normal funcionamiento del servicio.<\/p>\n<p>Esta comisi&oacute;n es la encargada de establecer criterios conjuntos en la ejecuci&oacute;n de las maniobras para mantener la utilidad de las compuertas y limpiar el lodo que se acumula en la base del dique.<\/p>\n<p>Desde el organismo le solicitan a la ciudadan&iacute;a seguir los siguientes consejos:<\/p>\n<p>-Realizar un consumo restringido del agua potable que permita resguardar la reserva domiciliaria.<\/p>\n<p>-Es fundamental conservar la reserva de agua potable del tanque domiciliario.<\/p>\n<p>-Siempre debe existir en el hogar una peque&ntilde;a reserva de agua embotellada, renovada peri&oacute;dicamente.<\/p>\n<p>-Comunicar la novedad a la familia, para que todos est&eacute;n comprometidos y sepan qu&eacute; hacer.<\/p>\n<p>-Suspender el riego del jard&iacute;n y el uso del lavarropas autom&aacute;tico.<\/p>\n<p>-Controlar al m&aacute;ximo las descargas del inodoro.<\/p>\n<p>-Regular la intensidad del chorro de agua de la canilla (no abrirla al m&aacute;ximo).<\/p>\n<p>-Recordar que est&aacute; prohibido regar calles pavimentadas y que no se deben lavar veredas y autos con manguera o hidrolavadora.<\/p>\n<p><strong>&nbsp;<\/strong><\/p>\n<\/body><\/html>\n","protected":false},"excerpt":{"rendered":"As\u00ed lo determin\u00f3 la Comisi\u00f3n Potrerillos para continuar con la limpieza de sedimentos.  La apertura de las compuertas ser\u00e1  a las 2  y durar\u00e1 media hora. ","protected":false},"author":3,"featured_media":46454,"comment_status":"open","ping_status":"open","sticky":false,"template":"","format":"standard","meta":[],"categories":[15],"tags":[],"_links":{"self":[{"href":"https:\/\/www.mendoza.gov.ar\/prensa\/wp-json\/wp\/v2\/posts\/46450"}],"collection":[{"href":"https:\/\/www.mendoza.gov.ar\/prensa\/wp-json\/wp\/v2\/posts"}],"about":[{"href":"https:\/\/www.mendoza.gov.ar\/prensa\/wp-json\/wp\/v2\/types\/post"}],"author":[{"embeddable":true,"href":"https:\/\/www.mendoza.gov.ar\/prensa\/wp-json\/wp\/v2\/users\/3"}],"replies":[{"embeddable":true,"href":"https:\/\/www.mendoza.gov.ar\/prensa\/wp-json\/wp\/v2\/comments?post=46450"}],"version-history":[{"count":0,"href":"https:\/\/www.mendoza.gov.ar\/prensa\/wp-json\/wp\/v2\/posts\/46450\/revisions"}],"wp:featuredmedia":[{"embeddable":true,"href":"https:\/\/www.mendoza.gov.ar\/prensa\/wp-json\/wp\/v2\/media\/46454"}],"wp:attachment":[{"href":"https:\/\/www.mendoza.gov.ar\/prensa\/wp-json\/wp\/v2\/media?parent=46450"}],"wp:term":[{"taxonomy":"category","embeddable":true,"href":"https:\/\/www.mendoza.gov.ar\/prensa\/wp-json\/wp\/v2\/categories?post=46450"},{"taxonomy":"post_tag","embeddable":true,"href":"https:\/\/www.mendoza.gov.ar\/prensa\/wp-json\/wp\/v2\/tags?post=46450"}],"curies":[{"name":"wp","href":"https:\/\/api.w.org\/{rel}","templated":true}]}}