{"id":46463,"date":"2016-01-22T18:03:57","date_gmt":"2016-01-22T21:03:57","guid":{"rendered":"http:\/\/prensa.mendoza.gov.ar\/?p=46463"},"modified":"2016-01-22T18:03:57","modified_gmt":"2016-01-22T21:03:57","slug":"fijaron-en-30-pesos-el-precio-de-la-vacuna-contra-la-aftosa-y-la-brucelosis","status":"publish","type":"post","link":"https:\/\/www.mendoza.gov.ar\/prensa\/fijaron-en-30-pesos-el-precio-de-la-vacuna-contra-la-aftosa-y-la-brucelosis\/","title":{"rendered":"Fijaron en 30 pesos el precio de la vacuna contra la aftosa y la brucelosis"},"content":{"rendered":"<!DOCTYPE html PUBLIC \"-\/\/W3C\/\/DTD HTML 4.0 Transitional\/\/EN\" \"http:\/\/www.w3.org\/TR\/REC-html40\/loose.dtd\">\n<html><body><p>Productores ganaderos, veterinarios, miembros de la Coprosamen y el Gobierno de Mendoza se reunieron esta ma&ntilde;ana para acordar el precio que este a&ntilde;o tendr&aacute; la vacuna contra la brucelosis y la aftosa que exige el Senasa.<\/p>\n<p>De la suma que surge del costo de cada dosis, m&aacute;s los honorarios de los veterinarios y los costos de log&iacute;stica, se estipul&oacute; que el precio sea de 30 pesos, que corren por cuenta de cada productor.<\/p>\n<p>&ldquo;Hemos amortizado alg&uacute;n aumento futuro, porque la vacuna tiene precio d&oacute;lar, se mejoraron los honorarios de los veterinarios y se contemplaron los costos operativos de la Fundaci&oacute;n Coprosamen, que est&aacute; pasando un momento dif&iacute;cil. De all&iacute; surgi&oacute; el costo que tendr&aacute;n las dosis en la campa&ntilde;a 2016&rdquo;, explic&oacute; el director de Ganader&iacute;a N&eacute;stor Gizzardi.<\/p>\n<p>Respecto a la situaci&oacute;n financiera de la Fundaci&oacute;n, sus miembros se quejaron ante las nuevas autoridades por el incumplimiento de un subsidio de 2 pesos por dosis que hab&iacute;a comprometido el gobierno anterior y que nunca se hizo efectivo.<\/p>\n<p>Por otra parte, Guizzardi calific&oacute; como &oacute;ptima la sanidad de la provincia y record&oacute; que nunca hubo focos aut&oacute;ctonos de aftosa y los casos que existieron de la enfermedad fueron de animales que ingresaron de la pampa h&uacute;meda.<\/p>\n<p>&ldquo;Estamos haciendo hincapi&eacute; en la brucelosis caprina, de esta manera, por ejemplo, en Lavalle pr&aacute;cticamente ha desaparecido el contagio en ni&ntilde;os &ldquo;, coment&oacute; el funcionario.<\/p>\n<p><a href=\"https:\/\/www.mendoza.gov.ar\/prensa\/wp-content\/uploads\/sites\/23\/index2.jpg\"><img loading=\"lazy\" class=\"alignnone wp-image-46464 img-responsive center-block\" src=\"https:\/\/www.mendoza.gov.ar\/prensa\/wp-content\/uploads\/sites\/23\/index2.jpg\" alt=\"\" width=\"650\" height=\"433\"><\/a><\/p>\n<p>Cabe recordar que la brucelosis no s&oacute;lo provoca perdida de ganado, porque le causa el aborto a la vaca, sino que adem&aacute;s se trasmite al ser humano.<\/p>\n<p>Guizzardi aclar&oacute; que en cada campa&ntilde;a &ldquo;se vacuna el 100% del rodeo con aftosa y las hembras de 3 a 8 meses contra brucelosis y en un per&iacute;odo de 21 d&iacute;as se comienza con la revacunaci&oacute;n de los terneros que se venden fuera de la provincia&rdquo;.<\/p>\n<p>&nbsp;<\/p>\n<\/body><\/html>\n","protected":false},"excerpt":{"rendered":"La campa\u00f1a comienza en febrero y hasta mayo se colocar\u00e1n cerca de un mill\u00f3n y medio de dosis al ganado bovino y caprino. ","protected":false},"author":3,"featured_media":46465,"comment_status":"open","ping_status":"open","sticky":false,"template":"","format":"standard","meta":[],"categories":[1],"tags":[],"_links":{"self":[{"href":"https:\/\/www.mendoza.gov.ar\/prensa\/wp-json\/wp\/v2\/posts\/46463"}],"collection":[{"href":"https:\/\/www.mendoza.gov.ar\/prensa\/wp-json\/wp\/v2\/posts"}],"about":[{"href":"https:\/\/www.mendoza.gov.ar\/prensa\/wp-json\/wp\/v2\/types\/post"}],"author":[{"embeddable":true,"href":"https:\/\/www.mendoza.gov.ar\/prensa\/wp-json\/wp\/v2\/users\/3"}],"replies":[{"embeddable":true,"href":"https:\/\/www.mendoza.gov.ar\/prensa\/wp-json\/wp\/v2\/comments?post=46463"}],"version-history":[{"count":0,"href":"https:\/\/www.mendoza.gov.ar\/prensa\/wp-json\/wp\/v2\/posts\/46463\/revisions"}],"wp:featuredmedia":[{"embeddable":true,"href":"https:\/\/www.mendoza.gov.ar\/prensa\/wp-json\/wp\/v2\/media\/46465"}],"wp:attachment":[{"href":"https:\/\/www.mendoza.gov.ar\/prensa\/wp-json\/wp\/v2\/media?parent=46463"}],"wp:term":[{"taxonomy":"category","embeddable":true,"href":"https:\/\/www.mendoza.gov.ar\/prensa\/wp-json\/wp\/v2\/categories?post=46463"},{"taxonomy":"post_tag","embeddable":true,"href":"https:\/\/www.mendoza.gov.ar\/prensa\/wp-json\/wp\/v2\/tags?post=46463"}],"curies":[{"name":"wp","href":"https:\/\/api.w.org\/{rel}","templated":true}]}}