{"id":46495,"date":"2016-01-22T19:29:40","date_gmt":"2016-01-22T22:29:40","guid":{"rendered":"http:\/\/prensa.mendoza.gov.ar\/?p=46495"},"modified":"2016-01-22T19:29:40","modified_gmt":"2016-01-22T22:29:40","slug":"se-encuentra-habilitado-el-acceso-a-la-laguna-del-diamante","status":"publish","type":"post","link":"https:\/\/www.mendoza.gov.ar\/prensa\/se-encuentra-habilitado-el-acceso-a-la-laguna-del-diamante\/","title":{"rendered":"Se encuentra habilitado el acceso a la Laguna del Diamante"},"content":{"rendered":"<!DOCTYPE html PUBLIC \"-\/\/W3C\/\/DTD HTML 4.0 Transitional\/\/EN\" \"http:\/\/www.w3.org\/TR\/REC-html40\/loose.dtd\">\n<html><body><p>El mi&eacute;rcoles por la noche el camino que conecta a Laguna del Diamante en alta monta&ntilde;a se vio afectado por fuertes deshielos que afectaron el puente de cruce y dejaron varados por unas horas a 21 turistas en el lugar con sus respectivos veh&iacute;culos. Gracias al trabajo en conjunto del equipo de Guardaparques que custodia la reserva y el<\/p>\n<p>Ej&eacute;rcito Argentino, se logr&oacute; poner a salvo a los visitantes y evacuar de manera ordenada el lugar.<\/p>\n<p>Desde ese momento, la Direcci&oacute;n de Vialidad Provincial se puso en marcha para reparar los da&ntilde;os causados en los caminos de manera inmediata en conjunto con la Secretar&iacute;a de Ambiente y Ordenamiento Territorial. El operativo que demor&oacute; menos de lo previsto se realiz&oacute; con &eacute;xito y ya se puede circular con total normalidad.<\/p>\n<p>Se recomienda a los turistas subir a la reserva con el veh&iacute;culo en buenas condiciones y con las medidas de seguridad correspondientes que se le exige al conductor para circular.<\/p>\n<\/body><\/html>\n","protected":false},"excerpt":{"rendered":"El paso estaba cerrado por deshielos que provocaron la ruptura de puentes en el camino a la reserva. Durante el d\u00eda de ayer y primeras horas de esta ma\u00f1ana se realizaron los operativos de reparaci\u00f3n y limpieza.","protected":false},"author":3,"featured_media":46496,"comment_status":"open","ping_status":"open","sticky":false,"template":"","format":"standard","meta":[],"categories":[3],"tags":[],"_links":{"self":[{"href":"https:\/\/www.mendoza.gov.ar\/prensa\/wp-json\/wp\/v2\/posts\/46495"}],"collection":[{"href":"https:\/\/www.mendoza.gov.ar\/prensa\/wp-json\/wp\/v2\/posts"}],"about":[{"href":"https:\/\/www.mendoza.gov.ar\/prensa\/wp-json\/wp\/v2\/types\/post"}],"author":[{"embeddable":true,"href":"https:\/\/www.mendoza.gov.ar\/prensa\/wp-json\/wp\/v2\/users\/3"}],"replies":[{"embeddable":true,"href":"https:\/\/www.mendoza.gov.ar\/prensa\/wp-json\/wp\/v2\/comments?post=46495"}],"version-history":[{"count":0,"href":"https:\/\/www.mendoza.gov.ar\/prensa\/wp-json\/wp\/v2\/posts\/46495\/revisions"}],"wp:featuredmedia":[{"embeddable":true,"href":"https:\/\/www.mendoza.gov.ar\/prensa\/wp-json\/wp\/v2\/media\/46496"}],"wp:attachment":[{"href":"https:\/\/www.mendoza.gov.ar\/prensa\/wp-json\/wp\/v2\/media?parent=46495"}],"wp:term":[{"taxonomy":"category","embeddable":true,"href":"https:\/\/www.mendoza.gov.ar\/prensa\/wp-json\/wp\/v2\/categories?post=46495"},{"taxonomy":"post_tag","embeddable":true,"href":"https:\/\/www.mendoza.gov.ar\/prensa\/wp-json\/wp\/v2\/tags?post=46495"}],"curies":[{"name":"wp","href":"https:\/\/api.w.org\/{rel}","templated":true}]}}