{"id":46517,"date":"2016-01-24T09:50:02","date_gmt":"2016-01-24T12:50:02","guid":{"rendered":"http:\/\/prensa.mendoza.gov.ar\/?p=46517"},"modified":"2016-01-24T09:50:02","modified_gmt":"2016-01-24T12:50:02","slug":"mingorance-visito-el-aconcagua-y-dialogo-con-el-personal-de-guardaparques","status":"publish","type":"post","link":"https:\/\/www.mendoza.gov.ar\/prensa\/mingorance-visito-el-aconcagua-y-dialogo-con-el-personal-de-guardaparques\/","title":{"rendered":"Mingorance visit\u00f3 el Aconcagua y dialog\u00f3 con el personal de Guardaparques"},"content":{"rendered":"<!DOCTYPE html PUBLIC \"-\/\/W3C\/\/DTD HTML 4.0 Transitional\/\/EN\" \"http:\/\/www.w3.org\/TR\/REC-html40\/loose.dtd\">\n<html><body><p>El secretario de Ambiente y Ordenamiento Territorial, visit&oacute; este fin de semana algunas de las reservas naturales que tiene la provincia. Desde la cartera iniciaron hace varias semanas un recorrido por todas las &aacute;reas y en esta oportunidad la visita&nbsp;incluy&oacute; el Cerro Aconcagua y Puente de Inca.<\/p>\n<p>A poco&nbsp;de abrir la temporada en la prestigiosa reserva natural ubicada en lo m&aacute;s alto de la monta&ntilde;a, Mingorance almorz&oacute; con personal de Guardaparques en Plaza de Mulas y recorri&oacute; el &aacute;rea con el objetivo de mejorar las pol&iacute;ticas de trabajo y poner nuevamente en valor de todos los turistas esta &aacute;rea protegida.<\/p>\n<p><a href=\"https:\/\/www.mendoza.gov.ar\/prensa\/wp-content\/uploads\/sites\/23\/P1080986.jpg\"><img loading=\"lazy\" class=\"alignnone wp-image-46519 img-responsive center-block\" src=\"https:\/\/www.mendoza.gov.ar\/prensa\/wp-content\/uploads\/sites\/23\/P1080986.jpg\" alt=\"P1080986\" width=\"650\" height=\"488\"><\/a><\/p>\n<p>Finalizando el recorrido, miembros del gabinete tuvieron la oportunidad de pasar por Puente de Inca, en d&oacute;nde&nbsp;se &nbsp;encuentra personal trabajando en las mejoras y comodidades de la reserva, como as&iacute; tambi&eacute;n en nuevos proyectos para esta gesti&oacute;n de gobierno.<\/p>\n<p><a href=\"https:\/\/www.mendoza.gov.ar\/prensa\/wp-content\/uploads\/sites\/23\/P1090054.jpg\"><img loading=\"lazy\" class=\"alignnone wp-image-46520 img-responsive center-block\" src=\"https:\/\/www.mendoza.gov.ar\/prensa\/wp-content\/uploads\/sites\/23\/P1090054.jpg\" alt=\"P1090054\" width=\"650\" height=\"488\"><\/a><\/p>\n<p>&nbsp;<\/p>\n<\/body><\/html>\n","protected":false},"excerpt":{"rendered":"El objetivo de la visita fue conocer al personal de Guardaparques que trabaja en la zona y acordar nuevas pol\u00edticas de trabajo para la mejora de la reserva. Otras de las \u00e1reas protegidas que visit\u00f3 el secretario de la cartera fue Puente de Inca.","protected":false},"author":3,"featured_media":46518,"comment_status":"open","ping_status":"open","sticky":false,"template":"","format":"standard","meta":[],"categories":[3],"tags":[],"_links":{"self":[{"href":"https:\/\/www.mendoza.gov.ar\/prensa\/wp-json\/wp\/v2\/posts\/46517"}],"collection":[{"href":"https:\/\/www.mendoza.gov.ar\/prensa\/wp-json\/wp\/v2\/posts"}],"about":[{"href":"https:\/\/www.mendoza.gov.ar\/prensa\/wp-json\/wp\/v2\/types\/post"}],"author":[{"embeddable":true,"href":"https:\/\/www.mendoza.gov.ar\/prensa\/wp-json\/wp\/v2\/users\/3"}],"replies":[{"embeddable":true,"href":"https:\/\/www.mendoza.gov.ar\/prensa\/wp-json\/wp\/v2\/comments?post=46517"}],"version-history":[{"count":0,"href":"https:\/\/www.mendoza.gov.ar\/prensa\/wp-json\/wp\/v2\/posts\/46517\/revisions"}],"wp:featuredmedia":[{"embeddable":true,"href":"https:\/\/www.mendoza.gov.ar\/prensa\/wp-json\/wp\/v2\/media\/46518"}],"wp:attachment":[{"href":"https:\/\/www.mendoza.gov.ar\/prensa\/wp-json\/wp\/v2\/media?parent=46517"}],"wp:term":[{"taxonomy":"category","embeddable":true,"href":"https:\/\/www.mendoza.gov.ar\/prensa\/wp-json\/wp\/v2\/categories?post=46517"},{"taxonomy":"post_tag","embeddable":true,"href":"https:\/\/www.mendoza.gov.ar\/prensa\/wp-json\/wp\/v2\/tags?post=46517"}],"curies":[{"name":"wp","href":"https:\/\/api.w.org\/{rel}","templated":true}]}}