{"id":46525,"date":"2016-01-24T01:08:49","date_gmt":"2016-01-24T04:08:49","guid":{"rendered":"http:\/\/prensa.mendoza.gov.ar\/?p=46525"},"modified":"2016-01-24T01:08:49","modified_gmt":"2016-01-24T04:08:49","slug":"el-coep-organiza-el-rescate-de-las-personas-que-estan-en-alta-montana","status":"publish","type":"post","link":"https:\/\/www.mendoza.gov.ar\/prensa\/el-coep-organiza-el-rescate-de-las-personas-que-estan-en-alta-montana\/","title":{"rendered":"El COEP organiza el rescate de las personas que est\u00e1n en alta monta\u00f1a"},"content":{"rendered":"<!DOCTYPE html PUBLIC \"-\/\/W3C\/\/DTD HTML 4.0 Transitional\/\/EN\" \"http:\/\/www.w3.org\/TR\/REC-html40\/loose.dtd\">\n<html><body><p>Ante la situaci&oacute;n que se vive en alta monta&ntilde;a por el mal tiempo y los aludes que se han producido, el gobernador Alfredo Cornejo convoc&oacute; al Centro de Operaciones de Emergencia Provincial (COEP) para trabajar en forma coordinada en el rescate de las personas varadas. Por su parte, se solicita a la poblaci&oacute;n que no suba o tome como paso alternativo el Pehuenche que es la &uacute;nica v&iacute;a transitable.<\/p>\n<p><a href=\"https:\/\/www.mendoza.gov.ar\/prensa\/wp-content\/uploads\/sites\/23\/Alud.jpg\"><img loading=\"lazy\" class=\"alignnone wp-image-46535 img-responsive center-block\" src=\"https:\/\/www.mendoza.gov.ar\/prensa\/wp-content\/uploads\/sites\/23\/Alud.jpg\" alt=\"Alud\" width=\"650\" height=\"366\"><\/a><\/p>\n<p>Seg&uacute;n informaron, cerca de la medianoche, a la altura de Horcones, hacia el oeste, se encuentran unas 3.500 personas, aproximadamente, que est&aacute;n siendo evacuadas, mientras que otras 200 est&aacute;n entre distintos aludes; mientras que en Puente de Inca, en el Cuerpo de Cazadores, se encuentran unos 150 evacuados. En este momento, se preparan unas 3.000 raciones de comida para la ma&ntilde;ana del domingo.<\/p>\n<p>Tanto en alta monta&ntilde;a como en el Gran Mendoza est&aacute;n trabajando los ministerios de Seguridad y Salud; Vialidad Nacional y Provincial; la Secretar&iacute;a de Ambiente y Defensa Civil de la Provincia y Las Heras. Adem&aacute;s est&aacute;n actuando&nbsp;Gendarmer&iacute;a y el Ej&eacute;rcito. Tambi&eacute;n se dispuso el envi&oacute; del Centro Estrat&eacute;gico de Operaciones (CEO) m&oacute;vil para transmitir en forma inmediata desde alta monta&ntilde;a la situaci&oacute;n y que las personas tengan el servicio m&aacute;s cerca.<\/p>\n<p>Las autoridades estiman que se realizaran trabajos por unas 36 horas para liberar totalmente la ruta.<\/p>\n<p><a href=\"https:\/\/www.mendoza.gov.ar\/prensa\/wp-content\/uploads\/sites\/23\/Alud3.jpg\"><img loading=\"lazy\" class=\"alignnone wp-image-46536 img-responsive center-block\" src=\"https:\/\/www.mendoza.gov.ar\/prensa\/wp-content\/uploads\/sites\/23\/Alud3.jpg\" alt=\"Alud3\" width=\"650\" height=\"366\"><\/a><\/p>\n<p><strong>Refugios<\/strong><\/p>\n<p>Desde el COEP informaron que se habilitaron dos refugios para quienes se encuentran en la zona cr&iacute;tica: la escuela de Polvaredas y la de Punta de Vacas. Ma&ntilde;ana se sumar&iacute;a la de Puente del Inca.<\/p>\n<p><strong>Situaci&oacute;n de las rutas<\/strong><\/p>\n<p>A partir de las 18 de este s&aacute;bado, desde el Gobierno de Mendoza se solicit&oacute; el corte inmediato del Paso debido a aludes en varios sectores de la Ruta 7. Los kil&oacute;metros afectados inicialmente fueron 1.176 (pasando Uspallata hacia el Oeste) y 1.182. A partir de all&iacute; tambi&eacute;n se cort&oacute; en forma total desde el ingreso a Potrerillos.<\/p>\n<p>En total, hasta esta medianoche hubo 11 deslizamientos de tierra, 9 parciales y 2 totales con dimensiones importantes.<\/p>\n<p><a href=\"https:\/\/www.mendoza.gov.ar\/prensa\/wp-content\/uploads\/sites\/23\/Alud4.jpg\"><img loading=\"lazy\" class=\"alignnone wp-image-46537 img-responsive center-block\" src=\"https:\/\/www.mendoza.gov.ar\/prensa\/wp-content\/uploads\/sites\/23\/Alud4.jpg\" alt=\"Alud4\" width=\"650\" height=\"366\"><\/a><\/p>\n<\/body><\/html>\n","protected":false},"excerpt":{"rendered":"Ante el mal tiempo que provoc\u00f3 una serie de aludes, el Gobierno Provincial, Gendarmer\u00eda y el Ej\u00e9rcito trabajan en forma coordinada para evacuar a miles de personas. Se abrieron refugios, llegar\u00e1n a la zona raciones de comida y el Servicio de Emergencia est\u00e1 actuando en el lugar.","protected":false},"author":3,"featured_media":46533,"comment_status":"open","ping_status":"open","sticky":false,"template":"","format":"standard","meta":[],"categories":[19,33],"tags":[],"_links":{"self":[{"href":"https:\/\/www.mendoza.gov.ar\/prensa\/wp-json\/wp\/v2\/posts\/46525"}],"collection":[{"href":"https:\/\/www.mendoza.gov.ar\/prensa\/wp-json\/wp\/v2\/posts"}],"about":[{"href":"https:\/\/www.mendoza.gov.ar\/prensa\/wp-json\/wp\/v2\/types\/post"}],"author":[{"embeddable":true,"href":"https:\/\/www.mendoza.gov.ar\/prensa\/wp-json\/wp\/v2\/users\/3"}],"replies":[{"embeddable":true,"href":"https:\/\/www.mendoza.gov.ar\/prensa\/wp-json\/wp\/v2\/comments?post=46525"}],"version-history":[{"count":0,"href":"https:\/\/www.mendoza.gov.ar\/prensa\/wp-json\/wp\/v2\/posts\/46525\/revisions"}],"wp:featuredmedia":[{"embeddable":true,"href":"https:\/\/www.mendoza.gov.ar\/prensa\/wp-json\/wp\/v2\/media\/46533"}],"wp:attachment":[{"href":"https:\/\/www.mendoza.gov.ar\/prensa\/wp-json\/wp\/v2\/media?parent=46525"}],"wp:term":[{"taxonomy":"category","embeddable":true,"href":"https:\/\/www.mendoza.gov.ar\/prensa\/wp-json\/wp\/v2\/categories?post=46525"},{"taxonomy":"post_tag","embeddable":true,"href":"https:\/\/www.mendoza.gov.ar\/prensa\/wp-json\/wp\/v2\/tags?post=46525"}],"curies":[{"name":"wp","href":"https:\/\/api.w.org\/{rel}","templated":true}]}}