{"id":46539,"date":"2016-01-24T13:46:42","date_gmt":"2016-01-24T16:46:42","guid":{"rendered":"http:\/\/prensa.mendoza.gov.ar\/?p=46539"},"modified":"2016-01-24T13:46:42","modified_gmt":"2016-01-24T16:46:42","slug":"el-sistema-de-abastecimiento-de-agua-se-normalizara-por-la-tarde","status":"publish","type":"post","link":"https:\/\/www.mendoza.gov.ar\/prensa\/el-sistema-de-abastecimiento-de-agua-se-normalizara-por-la-tarde\/","title":{"rendered":"El sistema de abastecimiento de agua se normalizar\u00e1 por la tarde"},"content":{"rendered":"<!DOCTYPE html PUBLIC \"-\/\/W3C\/\/DTD HTML 4.0 Transitional\/\/EN\" \"http:\/\/www.w3.org\/TR\/REC-html40\/loose.dtd\">\n<html><body><p>Aguas Mendocinas inform&oacute; que la tormenta de anoche, en la cuenca del Arroyo Las Avispas, gener&oacute; inconvenientes en los trabajos de producci&oacute;n de los Establecimientos Luj&aacute;n I y II de Aysam.<\/p>\n<p>Este imprevisto, en este caso por <strong><b>razones clim&aacute;ticas<\/b><\/strong>, <strong><b>se produjo a solo 24 horas de la limpieza del Dique Potrerillos<\/b><\/strong>, que tambi&eacute;n oblig&oacute; a paralizar las&nbsp;Plantas Potabilizadoras por un lapso de tiempo similar (consecuencia del intenso barro que&nbsp;arrastraba el r&iacute;o).<\/p>\n<p>El proceso de recuperaci&oacute;n de reservas se ha resentido, provocando nuevos&nbsp;cortes de suministro o p&eacute;rdidas de presi&oacute;n seg&uacute;n la zona. &nbsp;&ldquo;Si bien ya estamos produciendo desde primeras horas de esta ma&ntilde;ana, <strong><b>la recuperaci&oacute;n del sistema de abastecimiento se normalizar&aacute; paulatinamente en las pr&oacute;ximas horas&rdquo; <\/b><\/strong>explicaron desde Aguas Mendocinas.<\/p>\n<p>&ldquo;Reiteramos el pedido de disculpas a nuestros usuarios, por los <strong><b>inconvenientes provocados por razones externas a nuestra tarea<\/b><\/strong>, y solicitamos hacer (a aquellos que cuenten con un servicio &oacute;ptimo) un <strong><b>uso solidario y responsable del agua potable&rdquo; <\/b><\/strong>agregaron.<\/p>\n<\/body><\/html>\n","protected":false},"excerpt":{"rendered":"El proceso de recuperaci\u00f3n de reservas est\u00e1 resentido, provocando nuevos cortes de suministro o p\u00e9rdidas de presi\u00f3n seg\u00fan la zona. Aguas Mendocinas ya est\u00e1 produciendo nuevamente desde esta ma\u00f1ana, pero la normalizaci\u00f3n del servicio tardar\u00e1 algunas horas. ","protected":false},"author":3,"featured_media":43994,"comment_status":"open","ping_status":"open","sticky":false,"template":"","format":"standard","meta":[],"categories":[34],"tags":[],"_links":{"self":[{"href":"https:\/\/www.mendoza.gov.ar\/prensa\/wp-json\/wp\/v2\/posts\/46539"}],"collection":[{"href":"https:\/\/www.mendoza.gov.ar\/prensa\/wp-json\/wp\/v2\/posts"}],"about":[{"href":"https:\/\/www.mendoza.gov.ar\/prensa\/wp-json\/wp\/v2\/types\/post"}],"author":[{"embeddable":true,"href":"https:\/\/www.mendoza.gov.ar\/prensa\/wp-json\/wp\/v2\/users\/3"}],"replies":[{"embeddable":true,"href":"https:\/\/www.mendoza.gov.ar\/prensa\/wp-json\/wp\/v2\/comments?post=46539"}],"version-history":[{"count":0,"href":"https:\/\/www.mendoza.gov.ar\/prensa\/wp-json\/wp\/v2\/posts\/46539\/revisions"}],"wp:featuredmedia":[{"embeddable":true,"href":"https:\/\/www.mendoza.gov.ar\/prensa\/wp-json\/wp\/v2\/media\/43994"}],"wp:attachment":[{"href":"https:\/\/www.mendoza.gov.ar\/prensa\/wp-json\/wp\/v2\/media?parent=46539"}],"wp:term":[{"taxonomy":"category","embeddable":true,"href":"https:\/\/www.mendoza.gov.ar\/prensa\/wp-json\/wp\/v2\/categories?post=46539"},{"taxonomy":"post_tag","embeddable":true,"href":"https:\/\/www.mendoza.gov.ar\/prensa\/wp-json\/wp\/v2\/tags?post=46539"}],"curies":[{"name":"wp","href":"https:\/\/api.w.org\/{rel}","templated":true}]}}