{"id":465484,"date":"2025-03-31T12:36:19","date_gmt":"2025-03-31T15:36:19","guid":{"rendered":"https:\/\/www.mendoza.gov.ar\/prensa\/?p=465484"},"modified":"2025-03-31T16:08:23","modified_gmt":"2025-03-31T19:08:23","slug":"la-policia-de-mendoza-detuvo-a-tres-personas-y-recupero-vehiculos-robados-en-operativos-preventivos","status":"publish","type":"post","link":"https:\/\/www.mendoza.gov.ar\/prensa\/la-policia-de-mendoza-detuvo-a-tres-personas-y-recupero-vehiculos-robados-en-operativos-preventivos\/","title":{"rendered":"La Polic\u00eda de Mendoza detuvo a tres personas y recuper\u00f3 veh\u00edculos robados en operativos preventivos"},"content":{"rendered":"<!DOCTYPE html PUBLIC \"-\/\/W3C\/\/DTD HTML 4.0 Transitional\/\/EN\" \"http:\/\/www.w3.org\/TR\/REC-html40\/loose.dtd\">\n<html><body><h5>Dos menores de 15 a&ntilde;os fueron aprehendidos durante un patrullaje, mientras que en Guaymall&eacute;n se hallaron un arma de fuego y tres veh&iacute;culos con pedidos de secuestro.<\/h5>\n\n\n\n<p>La Polic&iacute;a de Mendoza, a trav&eacute;s de sus distintas unidades operativas, contin&uacute;a desplegando acciones preventivas en toda la provincia. Durante las &uacute;ltimas horas, se detuvo a tres personas, entre ellas dos menores de 15 a&ntilde;os, y se logr&oacute; recuperar veh&iacute;culos robados.<\/p>\n\n\n\n<p>En uno de los operativos de patrullaje realizado por la Unidad Especial de Patrullaje (UEP) de Las Heras, el personal aprehendi&oacute; a dos menores de 15 a&ntilde;os en la intersecci&oacute;n de las calles Vicente Gil y 9 de Julio, luego de observar que viajaban a bordo de una motocicleta sin espejos retrovisores. Al proceder con la detenci&oacute;n, se verific&oacute; que el rodado presentaba da&ntilde;os en su sistema de arranque y en la tapa gaveta. La moto, una Honda XR 150 CC, result&oacute; estar vinculada a un pedido de secuestro por hurto agravado ocurrido en marzo de 2025.<\/p>\n\n\n\n<p>En Godoy Cruz, personal de la Unidad Acci&oacute;n Preventiva (UAP) logr&oacute; la aprehensi&oacute;n de un joven de 19 a&ntilde;os, quien fue identificado como el autor de un intento de robo de motocicleta. Tras recibir una denuncia a trav&eacute;s del 911, la Polic&iacute;a acudi&oacute; r&aacute;pidamente a la calle Los &Aacute;lamos, donde un testigo hab&iacute;a observado a un hombre manipulando la moto de su propiedad. El sospechoso intent&oacute; huir, pero fue detenido tras un patrullaje en la zona.<\/p>\n\n\n\n<p><strong>Patrullajes en Guaymall&eacute;n<\/strong><\/p>\n\n\n\n<p>En Guaymall&eacute;n, personal de la Unidad Acci&oacute;n Preventiva (UAP) hall&oacute; dos veh&iacute;culos con pedidos de secuestro en el callej&oacute;n Kaft. El primer rodado, una Renault Master, estaba vinculado a un hurto agravado ocurrido el 12 de enero de 2025, y el segundo, un Chevrolet Corsa, hab&iacute;a sido robado el 8 de diciembre de 2024.<\/p>\n\n\n\n<p>Adem&aacute;s, la misma unidad recuper&oacute; un tercer rodado sustra&iacute;do en la intersecci&oacute;n de las calles Lemos y Pedro Molina. Se trat&oacute; de un autom&oacute;vil Ford Escort, que ten&iacute;a pedido de secuestro por hurto agravado.<\/p>\n\n\n\n<p>En tanto, en un operativo realizado en un descampado de calle Avellaneda, el personal hall&oacute; un arma de fuego. Se trat&oacute; de una pistola de color negro con cachas marrones que se encontraba oculta en el interior de una media.<\/p>\n\n\n\n<figure class=\"wp-block-gallery columns-3\"><ul class=\"blocks-gallery-grid\"><li class=\"blocks-gallery-item\"><figure><a href=\"https:\/\/www.mendoza.gov.ar\/wp-content\/uploads\/sites\/5\/2025\/03\/01dc0e0f-3b4e-46bb-b166-d46519ed0513.jpg\"><img loading=\"lazy\" width=\"700\" height=\"933\" src=\"https:\/\/www.mendoza.gov.ar\/wp-content\/uploads\/sites\/5\/2025\/03\/01dc0e0f-3b4e-46bb-b166-d46519ed0513-700x933.jpg\" alt=\"\" data-id=\"465485\" data-full-url=\"https:\/\/www.mendoza.gov.ar\/wp-content\/uploads\/sites\/5\/2025\/03\/01dc0e0f-3b4e-46bb-b166-d46519ed0513.jpg\" data-link=\"https:\/\/www.mendoza.gov.ar\/prensa\/?attachment_id=465485\" class=\"wp-image-465485 img-responsive center-block\" srcset=\"https:\/\/www.mendoza.gov.ar\/wp-content\/uploads\/sites\/5\/2025\/03\/01dc0e0f-3b4e-46bb-b166-d46519ed0513-700x933.jpg 700w, https:\/\/www.mendoza.gov.ar\/wp-content\/uploads\/sites\/5\/2025\/03\/01dc0e0f-3b4e-46bb-b166-d46519ed0513-250x333.jpg 250w, https:\/\/www.mendoza.gov.ar\/wp-content\/uploads\/sites\/5\/2025\/03\/01dc0e0f-3b4e-46bb-b166-d46519ed0513-768x1024.jpg 768w, https:\/\/www.mendoza.gov.ar\/wp-content\/uploads\/sites\/5\/2025\/03\/01dc0e0f-3b4e-46bb-b166-d46519ed0513-1152x1536.jpg 1152w, https:\/\/www.mendoza.gov.ar\/wp-content\/uploads\/sites\/5\/2025\/03\/01dc0e0f-3b4e-46bb-b166-d46519ed0513-120x160.jpg 120w, https:\/\/www.mendoza.gov.ar\/wp-content\/uploads\/sites\/5\/2025\/03\/01dc0e0f-3b4e-46bb-b166-d46519ed0513.jpg 1200w\" sizes=\"(max-width: 700px) 100vw, 700px\"><\/a><\/figure><\/li><li class=\"blocks-gallery-item\"><figure><a href=\"https:\/\/www.mendoza.gov.ar\/wp-content\/uploads\/sites\/5\/2025\/03\/1b08c92c-10a9-4795-8cdd-50d170c7ed45.jpg\"><img loading=\"lazy\" width=\"700\" height=\"394\" src=\"https:\/\/www.mendoza.gov.ar\/wp-content\/uploads\/sites\/5\/2025\/03\/1b08c92c-10a9-4795-8cdd-50d170c7ed45-700x394.jpg\" alt=\"\" data-id=\"465486\" data-full-url=\"https:\/\/www.mendoza.gov.ar\/wp-content\/uploads\/sites\/5\/2025\/03\/1b08c92c-10a9-4795-8cdd-50d170c7ed45.jpg\" data-link=\"https:\/\/www.mendoza.gov.ar\/prensa\/?attachment_id=465486\" class=\"wp-image-465486 img-responsive center-block\" srcset=\"https:\/\/www.mendoza.gov.ar\/wp-content\/uploads\/sites\/5\/2025\/03\/1b08c92c-10a9-4795-8cdd-50d170c7ed45-700x394.jpg 700w, https:\/\/www.mendoza.gov.ar\/wp-content\/uploads\/sites\/5\/2025\/03\/1b08c92c-10a9-4795-8cdd-50d170c7ed45-250x141.jpg 250w, https:\/\/www.mendoza.gov.ar\/wp-content\/uploads\/sites\/5\/2025\/03\/1b08c92c-10a9-4795-8cdd-50d170c7ed45-768x432.jpg 768w, https:\/\/www.mendoza.gov.ar\/wp-content\/uploads\/sites\/5\/2025\/03\/1b08c92c-10a9-4795-8cdd-50d170c7ed45-120x68.jpg 120w, https:\/\/www.mendoza.gov.ar\/wp-content\/uploads\/sites\/5\/2025\/03\/1b08c92c-10a9-4795-8cdd-50d170c7ed45.jpg 1280w\" sizes=\"(max-width: 700px) 100vw, 700px\"><\/a><\/figure><\/li><li class=\"blocks-gallery-item\"><figure><a href=\"https:\/\/www.mendoza.gov.ar\/wp-content\/uploads\/sites\/5\/2025\/03\/1865cb04-3fd5-421b-9234-8c734c61be53.jpg\"><img loading=\"lazy\" width=\"700\" height=\"933\" src=\"https:\/\/www.mendoza.gov.ar\/wp-content\/uploads\/sites\/5\/2025\/03\/1865cb04-3fd5-421b-9234-8c734c61be53-700x933.jpg\" alt=\"\" data-id=\"465487\" data-full-url=\"https:\/\/www.mendoza.gov.ar\/wp-content\/uploads\/sites\/5\/2025\/03\/1865cb04-3fd5-421b-9234-8c734c61be53.jpg\" data-link=\"https:\/\/www.mendoza.gov.ar\/prensa\/?attachment_id=465487\" class=\"wp-image-465487 img-responsive center-block\" srcset=\"https:\/\/www.mendoza.gov.ar\/wp-content\/uploads\/sites\/5\/2025\/03\/1865cb04-3fd5-421b-9234-8c734c61be53-700x933.jpg 700w, https:\/\/www.mendoza.gov.ar\/wp-content\/uploads\/sites\/5\/2025\/03\/1865cb04-3fd5-421b-9234-8c734c61be53-250x333.jpg 250w, https:\/\/www.mendoza.gov.ar\/wp-content\/uploads\/sites\/5\/2025\/03\/1865cb04-3fd5-421b-9234-8c734c61be53-768x1024.jpg 768w, https:\/\/www.mendoza.gov.ar\/wp-content\/uploads\/sites\/5\/2025\/03\/1865cb04-3fd5-421b-9234-8c734c61be53-1152x1536.jpg 1152w, https:\/\/www.mendoza.gov.ar\/wp-content\/uploads\/sites\/5\/2025\/03\/1865cb04-3fd5-421b-9234-8c734c61be53-1536x2048.jpg 1536w, https:\/\/www.mendoza.gov.ar\/wp-content\/uploads\/sites\/5\/2025\/03\/1865cb04-3fd5-421b-9234-8c734c61be53-120x160.jpg 120w\" sizes=\"(max-width: 700px) 100vw, 700px\"><\/a><\/figure><\/li><li class=\"blocks-gallery-item\"><figure><a href=\"https:\/\/www.mendoza.gov.ar\/wp-content\/uploads\/sites\/5\/2025\/03\/Policia.jpg\"><img loading=\"lazy\" width=\"700\" height=\"467\" src=\"https:\/\/www.mendoza.gov.ar\/wp-content\/uploads\/sites\/5\/2025\/03\/Policia-700x467.jpg\" alt=\"\" data-id=\"465488\" data-full-url=\"https:\/\/www.mendoza.gov.ar\/wp-content\/uploads\/sites\/5\/2025\/03\/Policia.jpg\" data-link=\"https:\/\/www.mendoza.gov.ar\/prensa\/?attachment_id=465488\" class=\"wp-image-465488 img-responsive center-block\" srcset=\"https:\/\/www.mendoza.gov.ar\/wp-content\/uploads\/sites\/5\/2025\/03\/Policia-700x467.jpg 700w, https:\/\/www.mendoza.gov.ar\/wp-content\/uploads\/sites\/5\/2025\/03\/Policia-250x167.jpg 250w, https:\/\/www.mendoza.gov.ar\/wp-content\/uploads\/sites\/5\/2025\/03\/Policia-768x512.jpg 768w, https:\/\/www.mendoza.gov.ar\/wp-content\/uploads\/sites\/5\/2025\/03\/Policia-1536x1024.jpg 1536w, https:\/\/www.mendoza.gov.ar\/wp-content\/uploads\/sites\/5\/2025\/03\/Policia-2048x1365.jpg 2048w, https:\/\/www.mendoza.gov.ar\/wp-content\/uploads\/sites\/5\/2025\/03\/Policia-120x80.jpg 120w\" sizes=\"(max-width: 700px) 100vw, 700px\"><\/a><\/figure><\/li><\/ul><\/figure>\n<\/body><\/html>\n","protected":false},"excerpt":{"rendered":"Dos menores de 15 a&ntilde;os fueron aprehendidos durante un patrullaje, mientras que en Guaymall&eacute;n se hallaron un arma de fuego y tres veh&iacute;culos con pedidos de secuestro. La Polic&iacute;a de Mendoza, a trav&eacute;s de sus distintas unidades operativas, contin&uacute;a desplegando acciones preventivas en toda la provincia. Durante las &uacute;ltimas horas, se detuvo a tres personas,&#8230; <a class=\"view-article\" href=\"https:\/\/www.mendoza.gov.ar\/prensa\/la-policia-de-mendoza-detuvo-a-tres-personas-y-recupero-vehiculos-robados-en-operativos-preventivos\/\"><\/a>","protected":false},"author":62,"featured_media":465488,"comment_status":"open","ping_status":"open","sticky":false,"template":"","format":"standard","meta":[],"categories":[3036,33],"tags":[],"_links":{"self":[{"href":"https:\/\/www.mendoza.gov.ar\/prensa\/wp-json\/wp\/v2\/posts\/465484"}],"collection":[{"href":"https:\/\/www.mendoza.gov.ar\/prensa\/wp-json\/wp\/v2\/posts"}],"about":[{"href":"https:\/\/www.mendoza.gov.ar\/prensa\/wp-json\/wp\/v2\/types\/post"}],"author":[{"embeddable":true,"href":"https:\/\/www.mendoza.gov.ar\/prensa\/wp-json\/wp\/v2\/users\/62"}],"replies":[{"embeddable":true,"href":"https:\/\/www.mendoza.gov.ar\/prensa\/wp-json\/wp\/v2\/comments?post=465484"}],"version-history":[{"count":5,"href":"https:\/\/www.mendoza.gov.ar\/prensa\/wp-json\/wp\/v2\/posts\/465484\/revisions"}],"predecessor-version":[{"id":465542,"href":"https:\/\/www.mendoza.gov.ar\/prensa\/wp-json\/wp\/v2\/posts\/465484\/revisions\/465542"}],"wp:featuredmedia":[{"embeddable":true,"href":"https:\/\/www.mendoza.gov.ar\/prensa\/wp-json\/wp\/v2\/media\/465488"}],"wp:attachment":[{"href":"https:\/\/www.mendoza.gov.ar\/prensa\/wp-json\/wp\/v2\/media?parent=465484"}],"wp:term":[{"taxonomy":"category","embeddable":true,"href":"https:\/\/www.mendoza.gov.ar\/prensa\/wp-json\/wp\/v2\/categories?post=465484"},{"taxonomy":"post_tag","embeddable":true,"href":"https:\/\/www.mendoza.gov.ar\/prensa\/wp-json\/wp\/v2\/tags?post=465484"}],"curies":[{"name":"wp","href":"https:\/\/api.w.org\/{rel}","templated":true}]}}