{"id":46567,"date":"2016-01-25T13:28:24","date_gmt":"2016-01-25T16:28:24","guid":{"rendered":"http:\/\/prensa.mendoza.gov.ar\/?p=46567"},"modified":"2016-01-25T13:28:24","modified_gmt":"2016-01-25T16:28:24","slug":"tras-la-muerte-de-dos-nuevos-animales-el-zoo-cierra-sus-puertas-de-manera-provisoria","status":"publish","type":"post","link":"https:\/\/www.mendoza.gov.ar\/prensa\/tras-la-muerte-de-dos-nuevos-animales-el-zoo-cierra-sus-puertas-de-manera-provisoria\/","title":{"rendered":"Tras la muerte de dos nuevos animales, el Zoo cierra sus puertas de manera provisoria"},"content":{"rendered":"<!DOCTYPE html PUBLIC \"-\/\/W3C\/\/DTD HTML 4.0 Transitional\/\/EN\" \"http:\/\/www.w3.org\/TR\/REC-html40\/loose.dtd\">\n<html><body><p>La Secretar&iacute;a de Ambiente y Ordenamiento Territorial comunic&oacute; que a primeras horas de la ma&ntilde;ana se reportaron, desde el Jard&iacute;n Zool&oacute;gico de Mendoza, la muerte de dos ciervos, un gamo blanco y un ciervo colorado.<\/p>\n<p>El primer examen visual coloc&oacute; el horario del hecho durante horas de la madrugada. Las razones del deceso se desconocen y no se han podido relacionar con las muertes anteriores.&nbsp; Los resultados de las necropsias son los que arrojar&aacute;n las pruebas que podr&aacute;n vincular este episodio, o no, con las muertes que se produjeron en el &uacute;ltimo mes.<\/p>\n<p>Por este motivo la Secretar&iacute;a resolvi&oacute; cerrar moment&aacute;neamente el Zool&oacute;gico, por tiempo indefinido y declararlo en estado de emergencia para facilitar las tareas de los empleados y poder as&iacute; &nbsp;esclarecer de manera inmediata los sucesos. De esta manera se tomar&aacute;n las medidas necesarias para evitar m&aacute;s muertes y garantizar la seguridad de todos los animales.<\/p>\n<p>En materia de seguridad, se dispondr&aacute; de efectivos de la Polic&iacute;a de Mendoza en la vigilancia. El personal del paseo trabajar&aacute; de manera normal y efectiva, como lo viene haciendo.<\/p>\n<\/body><\/html>\n","protected":false},"excerpt":{"rendered":"As\u00ed lo determino el secretario de Ambiente, Humberto Mingorance, en conjunto con la direcci\u00f3n del Zool\u00f3gico. La medida fue tomada para trabajar de manera segura e intensa en las investigaciones y preservar el cuidado de los animales. Ya comenzaron los nuevos operativos de seguridad.","protected":false},"author":3,"featured_media":46568,"comment_status":"open","ping_status":"open","sticky":false,"template":"","format":"standard","meta":[],"categories":[3],"tags":[],"_links":{"self":[{"href":"https:\/\/www.mendoza.gov.ar\/prensa\/wp-json\/wp\/v2\/posts\/46567"}],"collection":[{"href":"https:\/\/www.mendoza.gov.ar\/prensa\/wp-json\/wp\/v2\/posts"}],"about":[{"href":"https:\/\/www.mendoza.gov.ar\/prensa\/wp-json\/wp\/v2\/types\/post"}],"author":[{"embeddable":true,"href":"https:\/\/www.mendoza.gov.ar\/prensa\/wp-json\/wp\/v2\/users\/3"}],"replies":[{"embeddable":true,"href":"https:\/\/www.mendoza.gov.ar\/prensa\/wp-json\/wp\/v2\/comments?post=46567"}],"version-history":[{"count":0,"href":"https:\/\/www.mendoza.gov.ar\/prensa\/wp-json\/wp\/v2\/posts\/46567\/revisions"}],"wp:featuredmedia":[{"embeddable":true,"href":"https:\/\/www.mendoza.gov.ar\/prensa\/wp-json\/wp\/v2\/media\/46568"}],"wp:attachment":[{"href":"https:\/\/www.mendoza.gov.ar\/prensa\/wp-json\/wp\/v2\/media?parent=46567"}],"wp:term":[{"taxonomy":"category","embeddable":true,"href":"https:\/\/www.mendoza.gov.ar\/prensa\/wp-json\/wp\/v2\/categories?post=46567"},{"taxonomy":"post_tag","embeddable":true,"href":"https:\/\/www.mendoza.gov.ar\/prensa\/wp-json\/wp\/v2\/tags?post=46567"}],"curies":[{"name":"wp","href":"https:\/\/api.w.org\/{rel}","templated":true}]}}