{"id":46630,"date":"2016-01-26T11:21:45","date_gmt":"2016-01-26T14:21:45","guid":{"rendered":"http:\/\/prensa.mendoza.gov.ar\/?p=46630"},"modified":"2016-01-26T11:21:45","modified_gmt":"2016-01-26T14:21:45","slug":"bordon-se-reunio-con-funcionarios-para-avanzar-en-la-construccion-del-paso-las-lenas","status":"publish","type":"post","link":"https:\/\/www.mendoza.gov.ar\/prensa\/bordon-se-reunio-con-funcionarios-para-avanzar-en-la-construccion-del-paso-las-lenas\/","title":{"rendered":"Bord\u00f3n se reuni\u00f3 con funcionarios para avanzar en la construcci\u00f3n del Paso Las Le\u00f1as"},"content":{"rendered":"<!DOCTYPE html PUBLIC \"-\/\/W3C\/\/DTD HTML 4.0 Transitional\/\/EN\" \"http:\/\/www.w3.org\/TR\/REC-html40\/loose.dtd\">\n<html><body><p>El embajador de Chile, Jos&eacute; Octavio Bord&oacute;n, se reuni&oacute; con el&nbsp;ministro de Econom&iacute;a, Infraestructura y Energ&iacute;a, Enrique Vaqui&eacute;; el intendente de San Rafael, Emir F&eacute;lix y a Munir Sat por la C&aacute;mara de Comercio de ese Departamento; para avanzar en la concreci&oacute;n del Paso Las Le&ntilde;as.<\/p>\n<p>En esta oportunidad&nbsp;se repas&oacute; el proyecto de cruce vigente, los trabajos de infraestructura que requiere y el financiamiento necesario para realizar la obra. De acuerdo con el trabajo y seg&uacute;n se acord&oacute; en el 4&ordm;&nbsp;Encuentro del Comit&eacute; Binacional de Integraci&oacute;n Las Le&ntilde;as que se hizo en Rancagua durante 2014, los resultados deb&iacute;an estar listos el a&ntilde;o pasado.<\/p>\n<p>Seg&uacute;n el proyecto elaborado, el documento&nbsp;ya tiene las &aacute;reas de servicios donde van a estar los organismos p&uacute;blicos, que se ubicar&aacute; cerca de la boca del t&uacute;nel, y los paraderos de camiones, cuyo predio se construir&iacute;a en la zona de El Sosneado.<\/p>\n<p>Otro aspecto en el que se avanz&oacute; fue en la expropiaci&oacute;n de los terrenos correspondientes para construir la infraestructura necesaria y en la traza de la ruta, que tiene m&aacute;s de 70 kil&oacute;metros, y que ya ha sido declarada de utilidad p&uacute;blica por Vialidad Provincial.<\/p>\n<p>Respecto a la obra y su financiamiento, la realizaci&oacute;n del tramo tendr&iacute;a un costo de US$ 300 millones, aunque es un monto que debe ser revisado y actualizado.<\/p>\n<p>Pese a los an&aacute;lisis de la reuni&oacute;n, los funcionarios coincidieron que las gestiones para avanzar en este cruce no significan descartar los trabajos que se realizar&aacute;n en otros pasos, como Pehuenche o el mismo Libertadores.<\/p>\n<p>De acuerdo con los especialistas, el Paso Las Le&ntilde;as permitir&iacute;a conectar en tiempo r&eacute;cord Mendoza con el Puerto de San Antonio, lo que agilizar&iacute;a en el transporte unos 30 millones de toneladas anuales que se trasladan de pa&iacute;s a pa&iacute;s.<\/p>\n<\/body><\/html>\n","protected":false},"excerpt":{"rendered":"La concreci\u00f3n de este Paso agilizar\u00eda el transporte y conectar\u00eda directamente con el Puerto de San Antonio en el lado chileno.","protected":false},"author":3,"featured_media":46641,"comment_status":"open","ping_status":"open","sticky":false,"template":"","format":"standard","meta":[],"categories":[15],"tags":[],"_links":{"self":[{"href":"https:\/\/www.mendoza.gov.ar\/prensa\/wp-json\/wp\/v2\/posts\/46630"}],"collection":[{"href":"https:\/\/www.mendoza.gov.ar\/prensa\/wp-json\/wp\/v2\/posts"}],"about":[{"href":"https:\/\/www.mendoza.gov.ar\/prensa\/wp-json\/wp\/v2\/types\/post"}],"author":[{"embeddable":true,"href":"https:\/\/www.mendoza.gov.ar\/prensa\/wp-json\/wp\/v2\/users\/3"}],"replies":[{"embeddable":true,"href":"https:\/\/www.mendoza.gov.ar\/prensa\/wp-json\/wp\/v2\/comments?post=46630"}],"version-history":[{"count":0,"href":"https:\/\/www.mendoza.gov.ar\/prensa\/wp-json\/wp\/v2\/posts\/46630\/revisions"}],"wp:featuredmedia":[{"embeddable":true,"href":"https:\/\/www.mendoza.gov.ar\/prensa\/wp-json\/wp\/v2\/media\/46641"}],"wp:attachment":[{"href":"https:\/\/www.mendoza.gov.ar\/prensa\/wp-json\/wp\/v2\/media?parent=46630"}],"wp:term":[{"taxonomy":"category","embeddable":true,"href":"https:\/\/www.mendoza.gov.ar\/prensa\/wp-json\/wp\/v2\/categories?post=46630"},{"taxonomy":"post_tag","embeddable":true,"href":"https:\/\/www.mendoza.gov.ar\/prensa\/wp-json\/wp\/v2\/tags?post=46630"}],"curies":[{"name":"wp","href":"https:\/\/api.w.org\/{rel}","templated":true}]}}