{"id":46780,"date":"2016-01-27T15:55:33","date_gmt":"2016-01-27T18:55:33","guid":{"rendered":"http:\/\/prensa.mendoza.gov.ar\/?p=46780"},"modified":"2016-01-27T15:55:33","modified_gmt":"2016-01-27T18:55:33","slug":"economia-promueve-el-trabajo-emprendedor-en-mendoza","status":"publish","type":"post","link":"https:\/\/www.mendoza.gov.ar\/prensa\/economia-promueve-el-trabajo-emprendedor-en-mendoza\/","title":{"rendered":"Econom\u00eda promueve el trabajo emprendedor en Mendoza"},"content":{"rendered":"<!DOCTYPE html PUBLIC \"-\/\/W3C\/\/DTD HTML 4.0 Transitional\/\/EN\" \"http:\/\/www.w3.org\/TR\/REC-html40\/loose.dtd\">\n<html><body><div>Miembros del Ministerio de Econom&iacute;a, Infraestructura y Energ&iacute;a&nbsp;participaron hoy del 1&deg; Encuentro del Consejo Consultivo Emprendedor Mendoza que se desarroll&oacute; &nbsp;en la sede de Fundaci&oacute;n ProMendoza. Durante la jornada de trabajo&nbsp;avanzaron en&nbsp;la coordinaci&oacute;n de las agendas&nbsp;institucionales y evaluaron&nbsp;algunas alternativas de logotipos que&nbsp;representen al Consejo. Tambi&eacute;n, acordaron con los representantes de la DEIE que estuvieron presentes, la definici&oacute;n de&nbsp;&nbsp;indicadores&nbsp;que sirvan de informaci&oacute;n para el emprendedorismo.<\/div>\n<div><\/div>\n<div>El encuentro tuvo un momento especial cuando&nbsp;los miembros del Consejo entregaron una distinci&oacute;n&nbsp;a Andrea Nallim quien qued&oacute; como finalista para&nbsp;concursar por el Premio Mujer Empresaria 2016 de Naciones Unidas. Su&nbsp;emprendimiento se llama Reciclarg Recycling Technology y presta el&nbsp;servicio de reciclaje integral a empresas que generan basura electr&oacute;nica &nbsp;con el fin de descontaminar la regi&oacute;n de residuos tecnol&oacute;gicos.<\/div>\n<div><\/div>\n<div>De la reuni&oacute;n participaron: Gabriel Fidel, parlamentario del Sur, el director de Desarrollo&nbsp;Tecnol&oacute;gico y Empleo; Lorenzo Nieva, director de Direcci&oacute;n de&nbsp;Estad&iacute;sticas e Investigaciones Econ&oacute;micas (DEIE); Facundo Biffi, &nbsp;director de Innovaci&oacute;n y Desarrollo Sostenible; Guillermo Navarro y&nbsp;representantes de IDITS, IDR, Polo TIC, ENDEAVOR, Federaci&oacute;n Econ&oacute;mica de&nbsp;Mendoza, Confederaci&oacute;n Argentina de la Mediana Empresa; universidades&nbsp;Aconcagua, Champagnat, Nacional de Cuyo, Juan Agust&iacute;n Maza, de Mendoza y&nbsp;Tecnol&oacute;gica Nacional &ndash; Regional Mendoza.<\/div>\n<\/body><\/html>\n","protected":false},"excerpt":{"rendered":"Las entidades p\u00fablicas y privadas que participan del Consejo Consultivo Emprendedor Mendoza contin\u00faan elaborando una agenda de actividades para este a\u00f1o .","protected":false},"author":3,"featured_media":0,"comment_status":"open","ping_status":"open","sticky":false,"template":"","format":"standard","meta":[],"categories":[15],"tags":[],"_links":{"self":[{"href":"https:\/\/www.mendoza.gov.ar\/prensa\/wp-json\/wp\/v2\/posts\/46780"}],"collection":[{"href":"https:\/\/www.mendoza.gov.ar\/prensa\/wp-json\/wp\/v2\/posts"}],"about":[{"href":"https:\/\/www.mendoza.gov.ar\/prensa\/wp-json\/wp\/v2\/types\/post"}],"author":[{"embeddable":true,"href":"https:\/\/www.mendoza.gov.ar\/prensa\/wp-json\/wp\/v2\/users\/3"}],"replies":[{"embeddable":true,"href":"https:\/\/www.mendoza.gov.ar\/prensa\/wp-json\/wp\/v2\/comments?post=46780"}],"version-history":[{"count":0,"href":"https:\/\/www.mendoza.gov.ar\/prensa\/wp-json\/wp\/v2\/posts\/46780\/revisions"}],"wp:attachment":[{"href":"https:\/\/www.mendoza.gov.ar\/prensa\/wp-json\/wp\/v2\/media?parent=46780"}],"wp:term":[{"taxonomy":"category","embeddable":true,"href":"https:\/\/www.mendoza.gov.ar\/prensa\/wp-json\/wp\/v2\/categories?post=46780"},{"taxonomy":"post_tag","embeddable":true,"href":"https:\/\/www.mendoza.gov.ar\/prensa\/wp-json\/wp\/v2\/tags?post=46780"}],"curies":[{"name":"wp","href":"https:\/\/api.w.org\/{rel}","templated":true}]}}