{"id":46783,"date":"2016-01-27T16:07:45","date_gmt":"2016-01-27T19:07:45","guid":{"rendered":"http:\/\/prensa.mendoza.gov.ar\/?p=46783"},"modified":"2016-01-27T16:07:45","modified_gmt":"2016-01-27T19:07:45","slug":"quedo-habilitado-el-camino-de-ingreso-al-monumento-al-cristo-redentor","status":"publish","type":"post","link":"https:\/\/www.mendoza.gov.ar\/prensa\/quedo-habilitado-el-camino-de-ingreso-al-monumento-al-cristo-redentor\/","title":{"rendered":"Qued\u00f3 habilitado el camino de ingreso  al monumento  al Cristo Redentor"},"content":{"rendered":"<!DOCTYPE html PUBLIC \"-\/\/W3C\/\/DTD HTML 4.0 Transitional\/\/EN\" \"http:\/\/www.w3.org\/TR\/REC-html40\/loose.dtd\">\n<html><body><p>Vialidad Provincial dej&oacute; habilitado el camino que conduce al monumento al Cristo Redentor, en Las Cuevas. La traza que conduce al hist&oacute;rico monumento, ubicado a 3850 metros sobre el nivel del mar, demanda cada a&ntilde;o trabajos intensos para desarmar las placas de hielo que se forman durante los meses de invierno y perduran hasta el verano, adem&aacute;s del trabajo de maquinistas especializados en ensanche de caminos en zonas de alta monta&ntilde;a.<\/p>\n<p>Oscar Sandes, titular del organismo vial, sostuvo que &ldquo;dejar habilitado este camino significa otorgar una posibilidad enorme al turismo de Las Cuevas y al resto de los parajes ubicados entre Uspallata y el T&uacute;nel internacional que une Argentina y Chile&rdquo;.<\/p>\n<p>Los trabajos para dejar el camino en condiciones se desarrollaron a partir de la coordinaci&oacute;n y el aporte de la Municipalidad de Las Heras, de la C&aacute;mara de Comercio y Turismo de la villa Las Cuevas, y el personal operativo de Vialidad Provincial en Uspallata.<\/p>\n<p><a href=\"https:\/\/www.mendoza.gov.ar\/prensa\/wp-content\/uploads\/sites\/23\/Camino-al-Cristo-Redentor.enero-2016.6.jpg\"><img loading=\"lazy\" class=\"alignnone wp-image-46785 img-responsive center-block\" src=\"https:\/\/www.mendoza.gov.ar\/prensa\/wp-content\/uploads\/sites\/23\/Camino-al-Cristo-Redentor.enero-2016.6.jpg\" alt=\"\" width=\"650\" height=\"435\"><\/a><\/p>\n<p>Durante los meses de verano, m&aacute;s de mil personas por d&iacute;a provenientes de distintos puntos del pa&iacute;s y el mundo llegan hasta el monumento al Cristo Redentor lo cual lo convierte en uno de los principales atractivos tur&iacute;sticos de la alta monta&ntilde;a mendocina.<\/p>\n<p>&ldquo;Para las actividades tur&iacute;sticas de monta&ntilde;a, contar con buena infraestructura es fundamental. En este caso, gracias a la articulaci&oacute;n entre Vialidad Provincial, Turismo y el municipio de Las Heras se ha logrado abrir un camino que es sumamente solicitado por todos los visitantes que arriban a Las Cuevas y lugares de influencia&rdquo;, indic&oacute; Guillermo Barletta, director de Turismo de Las Heras.<\/p>\n<p>El camino al monumento es una traza de cornisa que nace en el costado sur de la Ruta Nacional 7 y transcurre hasta arribar, luego de 8 kil&oacute;metros, al Paso de Uspallata (o Paso de la Cumbre), donde se levanta el Cristo Redentor inaugurado en marzo de 1904.<\/p>\n<p>Desde Vialidad Provincial indicaron que el camino est&aacute; habilitado para todo tipo de veh&iacute;culos. Se solicita asimismo a los usuarios conducir con velocidades moderadas, luces encendidas y evitar sobrepasos durante el recorrido.<\/p>\n<\/body><\/html>\n","protected":false},"excerpt":{"rendered":"As\u00ed lo dispuso la Direcci\u00f3n Provincial de Vialidad luego de una semana de intensos trabajos para despejar el hielo y rectificar la traza de ascenso. M\u00e1s de mil turistas, por d\u00eda, arriban al hist\u00f3rico lugar\n","protected":false},"author":3,"featured_media":46784,"comment_status":"open","ping_status":"open","sticky":false,"template":"","format":"standard","meta":[],"categories":[1],"tags":[],"_links":{"self":[{"href":"https:\/\/www.mendoza.gov.ar\/prensa\/wp-json\/wp\/v2\/posts\/46783"}],"collection":[{"href":"https:\/\/www.mendoza.gov.ar\/prensa\/wp-json\/wp\/v2\/posts"}],"about":[{"href":"https:\/\/www.mendoza.gov.ar\/prensa\/wp-json\/wp\/v2\/types\/post"}],"author":[{"embeddable":true,"href":"https:\/\/www.mendoza.gov.ar\/prensa\/wp-json\/wp\/v2\/users\/3"}],"replies":[{"embeddable":true,"href":"https:\/\/www.mendoza.gov.ar\/prensa\/wp-json\/wp\/v2\/comments?post=46783"}],"version-history":[{"count":0,"href":"https:\/\/www.mendoza.gov.ar\/prensa\/wp-json\/wp\/v2\/posts\/46783\/revisions"}],"wp:featuredmedia":[{"embeddable":true,"href":"https:\/\/www.mendoza.gov.ar\/prensa\/wp-json\/wp\/v2\/media\/46784"}],"wp:attachment":[{"href":"https:\/\/www.mendoza.gov.ar\/prensa\/wp-json\/wp\/v2\/media?parent=46783"}],"wp:term":[{"taxonomy":"category","embeddable":true,"href":"https:\/\/www.mendoza.gov.ar\/prensa\/wp-json\/wp\/v2\/categories?post=46783"},{"taxonomy":"post_tag","embeddable":true,"href":"https:\/\/www.mendoza.gov.ar\/prensa\/wp-json\/wp\/v2\/tags?post=46783"}],"curies":[{"name":"wp","href":"https:\/\/api.w.org\/{rel}","templated":true}]}}