{"id":46809,"date":"2016-01-28T13:45:48","date_gmt":"2016-01-28T16:45:48","guid":{"rendered":"http:\/\/prensa.mendoza.gov.ar\/?p=46809"},"modified":"2016-01-28T13:45:48","modified_gmt":"2016-01-28T16:45:48","slug":"macri-y-cornejo-anunciaron-la-entrega-de-un-subsidio-para-el-sector-vitivinicola","status":"publish","type":"post","link":"https:\/\/www.mendoza.gov.ar\/prensa\/macri-y-cornejo-anunciaron-la-entrega-de-un-subsidio-para-el-sector-vitivinicola\/","title":{"rendered":"Macri y Cornejo anunciaron la entrega de un subsidio para el sector vitivin\u00edcola"},"content":{"rendered":"<!DOCTYPE html PUBLIC \"-\/\/W3C\/\/DTD HTML 4.0 Transitional\/\/EN\" \"http:\/\/www.w3.org\/TR\/REC-html40\/loose.dtd\">\n<html><body><p>En una finca de Las Heras, propiedad de un grupo de productores pertenecientes a la Asociaci&oacute;n de Cooperativas Vitivin&iacute;colas (ACOVI), el presidente de la Naci&oacute;n, Mauricio Macri; el gobernador, Alfredo Cornejo y la vicegobernadora,&nbsp;Laura Montero, anunciaron pol&iacute;ticas de disminuci&oacute;n de sobre stock v&iacute;nico, mejoras en el tipo de cambio&nbsp;y eliminaci&oacute;n de retenciones.<\/p>\n<p>El primer mandatario lleg&oacute; junto al ministro de Agroindustria de la Naci&oacute;n, Ricardo Buryaile, y el gobernador de San Juan, Sergio U&ntilde;ac. Tambi&eacute;n estuvieron presentes legisladores nacionales y provinciales, funcionarios mendocinos e intendentes.<\/p>\n<p>En su primera visita como presidente, Macri arrib&oacute; a Mendoza para anunciar la entrega de un subsidio que permitir&aacute; la compra del sobre stock v&iacute;nico existente en varias provincias del pa&iacute;s, entre ellas Mendoza y San Juan. A trav&eacute;s de esta acci&oacute;n se busca levantar el precio del vino y darle un respiro al sector vitivin&iacute;cola. El plan de acci&oacute;n contempla el traspaso total de $150 millones. En esta primera etapa se entregar&aacute;n $75 millones.<img loading=\"lazy\" class=\"alignnone wp-image-46814 img-responsive center-block\" src=\"https:\/\/www.mendoza.gov.ar\/prensa\/wp-content\/uploads\/sites\/23\/DSC2813.jpg\" alt=\"Cornejo y Macri\" width=\"809\" height=\"537\"><\/p>\n<p>&ldquo;Elegimos este lugar, no s&oacute;lo por la cercan&iacute;a con la provincia de San Juan, sino tambi&eacute;n porque aqu&iacute; es donde se produce realmente nuestra uva y est&aacute;n los beneficiarios, que son los peque&ntilde;os productores&rdquo;, dijo Cornejo y agradeci&oacute; al due&ntilde;o del lugar por haberlos recibido.<\/p>\n<p>&ldquo;Queremos trabajar mancomunadamente con San Juan. Tenemos que complementarnos para poder mejorar la actividad vitivin&iacute;cola de nuestras provincias&rdquo;, anunci&oacute; el Gobernador. Adem&aacute;s, dijo que es deber del Estado asistir e indic&oacute; que &ldquo;este tipo de medidas son un claro ejemplo de que lo est&aacute; haciendo.<\/p>\n<p>&ldquo;Tonificar el precio del vino es el mayor objetivo que tiene este subsidio nacional&rdquo;, afirm&oacute; Cornejo, tras informar que ma&ntilde;ana el ministro de Econom&iacute;a, Infraestructura y Energ&iacute;a, Enrique Vaqui&eacute;, dar&aacute; los detalles para poder acceder al beneficio. Desde el Instituto Nacional de Vitivinicultura (INV) informaron que se encuentran gestionando los tr&aacute;mites correspondientes para que los productores puedan presentarse al proceso de licitaci&oacute;n.<\/p>\n<p><a href=\"https:\/\/www.mendoza.gov.ar\/prensa\/wp-content\/uploads\/sites\/23\/DSC2939.jpg\"><img loading=\"lazy\" class=\"alignnone wp-image-46815 img-responsive center-block\" src=\"https:\/\/www.mendoza.gov.ar\/prensa\/wp-content\/uploads\/sites\/23\/DSC2939.jpg\" alt=\"Cornejo y U&ntilde;ac\" width=\"809\" height=\"537\"><\/a><\/p>\n<p>&ldquo;Espero que esta ayuda sirva como puente para que no volvamos a necesitar m&aacute;s de este tipo de medidas&rdquo; declar&oacute; Macri. &ldquo;Esto que se ha generado en cuyo, de revalorizar una cepa que nos d&eacute; una marca, que lleve a posicionarnos en el mundo, es lo que tenemos que hacer en cada una de nuestras econom&iacute;as regionales&rdquo;, se&ntilde;al&oacute; el Presidente tras solicitarle al ministro de Agroindustria de la Naci&oacute;n, Ricardo Buryaile que &ldquo;trabaje codo a codo con cada gobernador, con cada intendente y sobre todo con cada productor.<\/p>\n<p>&ldquo;Estamos ac&aacute; para resolver el problema del sobre stock v&iacute;nico que pesa sobre el precio de nuestra materia prima que es la uva&rdquo;, dijo U&ntilde;ac tras recordar la reuni&oacute;n que mantuvo con Cornejo, a principios de enero, con Buryaile, con el fin de acordar pol&iacute;ticas de ayuda para el sector vitivin&iacute;cola.<\/p>\n<p>&ldquo;Tenemos un problema puntual sobre el&nbsp;stock v&iacute;nico que queremos retirar, para que se tonifique el precio&rdquo;, dijo Cornejo en aquella oportunidad llev&aacute;ndose el compromiso de ayuda para&nbsp;el sector vitivin&iacute;cola, del Ministro de Agroindustria, hoy cumplido.<\/p>\n<\/body><\/html>\n","protected":false},"excerpt":{"rendered":"Acompa\u00f1ado por el ministro de Agroindustria de la Naci\u00f3n, el Presidente de la Naci\u00f3n vino a Mendoza para anunciar la entrega de un subsidio, que permitir\u00e1 la compra del sobre stock v\u00ednico existente en varias provincias del pa\u00eds, entre ellas Mendoza y San Juan.","protected":false},"author":3,"featured_media":46812,"comment_status":"open","ping_status":"open","sticky":false,"template":"","format":"standard","meta":[],"categories":[19],"tags":[],"_links":{"self":[{"href":"https:\/\/www.mendoza.gov.ar\/prensa\/wp-json\/wp\/v2\/posts\/46809"}],"collection":[{"href":"https:\/\/www.mendoza.gov.ar\/prensa\/wp-json\/wp\/v2\/posts"}],"about":[{"href":"https:\/\/www.mendoza.gov.ar\/prensa\/wp-json\/wp\/v2\/types\/post"}],"author":[{"embeddable":true,"href":"https:\/\/www.mendoza.gov.ar\/prensa\/wp-json\/wp\/v2\/users\/3"}],"replies":[{"embeddable":true,"href":"https:\/\/www.mendoza.gov.ar\/prensa\/wp-json\/wp\/v2\/comments?post=46809"}],"version-history":[{"count":0,"href":"https:\/\/www.mendoza.gov.ar\/prensa\/wp-json\/wp\/v2\/posts\/46809\/revisions"}],"wp:featuredmedia":[{"embeddable":true,"href":"https:\/\/www.mendoza.gov.ar\/prensa\/wp-json\/wp\/v2\/media\/46812"}],"wp:attachment":[{"href":"https:\/\/www.mendoza.gov.ar\/prensa\/wp-json\/wp\/v2\/media?parent=46809"}],"wp:term":[{"taxonomy":"category","embeddable":true,"href":"https:\/\/www.mendoza.gov.ar\/prensa\/wp-json\/wp\/v2\/categories?post=46809"},{"taxonomy":"post_tag","embeddable":true,"href":"https:\/\/www.mendoza.gov.ar\/prensa\/wp-json\/wp\/v2\/tags?post=46809"}],"curies":[{"name":"wp","href":"https:\/\/api.w.org\/{rel}","templated":true}]}}