{"id":46925,"date":"2016-01-29T17:30:34","date_gmt":"2016-01-29T20:30:34","guid":{"rendered":"http:\/\/prensa.mendoza.gov.ar\/?p=46925"},"modified":"2016-01-29T17:30:34","modified_gmt":"2016-01-29T20:30:34","slug":"cornejo-y-bullrich-participaron-de-la-reunion-del-consejo-de-seguridad-en-el-futbol","status":"publish","type":"post","link":"https:\/\/www.mendoza.gov.ar\/prensa\/cornejo-y-bullrich-participaron-de-la-reunion-del-consejo-de-seguridad-en-el-futbol\/","title":{"rendered":"Cornejo y Bullrich participaron de la reuni\u00f3n del Consejo de Seguridad en el F\u00fatbol"},"content":{"rendered":"<!DOCTYPE html PUBLIC \"-\/\/W3C\/\/DTD HTML 4.0 Transitional\/\/EN\" \"http:\/\/www.w3.org\/TR\/REC-html40\/loose.dtd\">\n<html><body><p>En la v&iacute;spera del cl&aacute;sico Boca River que se jugar&aacute; en el Estadio Malvinas Argentinas, el Consejo de Seguridad en el F&uacute;tbol realiz&oacute; su primera reuni&oacute;n en Mendoza con la presencia de la ministra de Seguridad de la Naci&oacute;n, Patricia Bullrich.<\/p>\n<p>Desde esta ma&ntilde;ana, representantes de las 18 provincias del pa&iacute;s, autoridades nacionales de la nueva gesti&oacute;n, y presidentes de diferentes clubes de toda la Argentina, &nbsp;eval&uacute;an diferentes &nbsp;iniciativas para terminar con la violencia en los eventos &nbsp;futbol&iacute;ticos &nbsp;y ofrecer, como se&ntilde;al&oacute; ayer el presidente Mauricio Macri, &ldquo;m&aacute;s deporte y menos esc&aacute;ndalos&rdquo;.<\/p>\n<p>Avanzadas las deliberaciones, despu&eacute;s del mediod&iacute;a, la ministra Burllich y el gobernador Alfredo Cornejo se sumaron al encuentro. Juntos, se interiorizaron de los temas del debate y compartieron las conclusiones de esta reuni&oacute;n de trabajo.<\/p>\n<p>&rdquo; No venimos a plantear medidas efectivistas, ni a decir que vamos a terminar con los barrabravas de un d&iacute;a para el otro&rdquo;, explic&oacute;&nbsp;la ministra a los miembros del Consejo . Y afirm&oacute;&nbsp;que si bien desde hace tiempo muchos sectores de la pol&iacute;tica y de las fuerzas de seguridad han apa&ntilde;ado esta situaci&oacute;n, &ldquo;el actual gobierno nacional est&aacute; decidido a no ser c&oacute;mplice&rdquo;.<\/p>\n<p>Seg&uacute;n la funcionaria nacional son entre 300 y 500 mil las personas que acceden semanalmente a los espect&aacute;culos de f&uacute;tbol y &nbsp;s&oacute;lo 5 mil, los que &ldquo;destruyen la pasi&oacute;n&rdquo; por el deporte. &ldquo;No vamos a dejar que esos 5 mil &nbsp;sigan actuando. El Gobierno nacional y el de Mendoza est&aacute;n decidos a terminar con la violencia en el f&uacute;tbol&nbsp;en estos cuatro a&ntilde;os, pero, para eso,&nbsp;todos tenemos que comprometernos&rdquo;.<\/p>\n<p>Como anfitri&oacute;n,&nbsp;el gobernador Alfredo Cornejo agradeci&oacute; &nbsp;la presencia de los representantes de las provincias que se dieron cita hoy en Mendoza. &ldquo;Hasta ahora hemos asistido a un debate est&eacute;ril acerca de a quien le d&aacute;bamos la responsabilidad en materia de&nbsp;seguridad , se creaban estructuras pero se dec&iacute;a que la principal responsabilidad era de cada provincia. Esta es una visi&oacute;n sesgada; sin armon&iacute;a entre Naci&oacute;n y provincias no vamos a solucionar nunca el flagelo de la inseguridad&rdquo;.<\/p>\n<p>Sobre &nbsp;la violencia en el f&uacute;tbol, Cornejo se&ntilde;al&oacute;: &ldquo;No podemos entender que una de las 8 ligas m&aacute;s importantes del mundo se est&eacute; jugando s&oacute;lo en presencia de hinchadas locales, con partido suspendidos y que a&uacute;n as&iacute; existan hechos de violencia. La soluci&oacute;n est&aacute; en trabajar estrat&eacute;gicamente, tomando como ejemplo &nbsp;las medidas que&nbsp;han dado resultado en otros lugares del mundo&rdquo;.<\/p>\n<p>&ldquo;Este gobierno ha demostrado voluntad pol&iacute;tica al encarar la problem&aacute;tica de la inseguridad, las provincias solas, sin la ayuda del Estado nacional no podr&iacute;amos hacerlo&rdquo;, dijo el gobernador y concluy&oacute;: &ldquo;nos sentimos acompa&ntilde;ados por la Naci&oacute;n en materia de seguridad,los argentinos nos merecemos salir de esta situaci&oacute;n&rdquo;.<\/p>\n<p>&nbsp;<\/p>\n<p>&nbsp;<\/p>\n<p>&nbsp;<\/p>\n<p>&nbsp;<\/p>\n<\/body><\/html>\n","protected":false},"excerpt":{"rendered":"El mandatario mendocino  acompa\u00f1\u00f3 a la ministra de Seguridad de la Naci\u00f3n a la reuni\u00f3n que desde esta ma\u00f1ana se desarrolla en el Centro de Congresos y Exposiciones. ","protected":false},"author":3,"featured_media":46937,"comment_status":"open","ping_status":"open","sticky":false,"template":"","format":"standard","meta":[],"categories":[19],"tags":[],"_links":{"self":[{"href":"https:\/\/www.mendoza.gov.ar\/prensa\/wp-json\/wp\/v2\/posts\/46925"}],"collection":[{"href":"https:\/\/www.mendoza.gov.ar\/prensa\/wp-json\/wp\/v2\/posts"}],"about":[{"href":"https:\/\/www.mendoza.gov.ar\/prensa\/wp-json\/wp\/v2\/types\/post"}],"author":[{"embeddable":true,"href":"https:\/\/www.mendoza.gov.ar\/prensa\/wp-json\/wp\/v2\/users\/3"}],"replies":[{"embeddable":true,"href":"https:\/\/www.mendoza.gov.ar\/prensa\/wp-json\/wp\/v2\/comments?post=46925"}],"version-history":[{"count":0,"href":"https:\/\/www.mendoza.gov.ar\/prensa\/wp-json\/wp\/v2\/posts\/46925\/revisions"}],"wp:featuredmedia":[{"embeddable":true,"href":"https:\/\/www.mendoza.gov.ar\/prensa\/wp-json\/wp\/v2\/media\/46937"}],"wp:attachment":[{"href":"https:\/\/www.mendoza.gov.ar\/prensa\/wp-json\/wp\/v2\/media?parent=46925"}],"wp:term":[{"taxonomy":"category","embeddable":true,"href":"https:\/\/www.mendoza.gov.ar\/prensa\/wp-json\/wp\/v2\/categories?post=46925"},{"taxonomy":"post_tag","embeddable":true,"href":"https:\/\/www.mendoza.gov.ar\/prensa\/wp-json\/wp\/v2\/tags?post=46925"}],"curies":[{"name":"wp","href":"https:\/\/api.w.org\/{rel}","templated":true}]}}