{"id":47030,"date":"2016-02-01T12:18:16","date_gmt":"2016-02-01T15:18:16","guid":{"rendered":"http:\/\/prensa.mendoza.gov.ar\/?p=47030"},"modified":"2016-02-01T12:18:16","modified_gmt":"2016-02-01T15:18:16","slug":"la-secretaria-de-ambiente-conmemora-manana-el-dia-de-humedales","status":"publish","type":"post","link":"https:\/\/www.mendoza.gov.ar\/prensa\/la-secretaria-de-ambiente-conmemora-manana-el-dia-de-humedales\/","title":{"rendered":"La Secretar\u00eda de Ambiente conmemora ma\u00f1ana el D\u00eda de Humedales"},"content":{"rendered":"<!DOCTYPE html PUBLIC \"-\/\/W3C\/\/DTD HTML 4.0 Transitional\/\/EN\" \"http:\/\/www.w3.org\/TR\/REC-html40\/loose.dtd\">\n<html><body><p>En adhesi&oacute;n al D&iacute;a Internacional de los Humedales, que se celebra el 2 de febrero de cada a&ntilde;o, la Direcci&oacute;n de Recursos Naturales Renovables de la Secretar&iacute;a de Ambiente y Ordenamiento Territorial ha organizado una jornada informativa destinada al p&uacute;blico en general.<\/p>\n<p>Se desarrollar&aacute; ma&ntilde;ana martes, a partir de las 9.30, en el auditorio del Museo de la Educaci&oacute;n, edificio de la ex escuela Mitre, sito en Av. San Mart&iacute;n 22, Ciudad.<\/p>\n<p>Durante la jornada se abordar&aacute;n los siguientes temas:<\/p>\n<ul>\n<li>Inventario de los humedales del sistema de &aacute;reas naturales protegidas de la provincia y su importancia en la conservaci&oacute;n de los recursos naturales<\/li>\n<li>Afectaci&oacute;n de los humedales por el cambio clim&aacute;tico y herramientas para su mitigaci&oacute;n<\/li>\n<li>Fauna terrestre de los humedales<\/li>\n<li>Fauna acu&aacute;tica aut&oacute;ctona y ex&oacute;tica de los ambientes h&iacute;dricos.<\/li>\n<li>La importancia de la flora nativa en el equilibrio ecol&oacute;gico de los humedales.Afectaci&oacute;n de las especies vegetales ex&oacute;ticas invasoras sobre el h&aacute;bitat de la fauna aut&oacute;ctona de los humedales. Caso Tamarindo.<\/li>\n<\/ul>\n<p>La actividad es libre y gratuita y por mayor informaci&oacute;n los interesados podr&aacute;n comunicarse con los tel&eacute;fonos 4201408 y 4252090.<\/p>\n<\/body><\/html>\n","protected":false},"excerpt":{"rendered":"Ser\u00e1 a partir de las 9.30, en el auditorio del Museo de la Educaci\u00f3n, edificio de la ex escuela Mitre,  Av. San Mart\u00edn 22, Ciudad. La actividad est\u00e1 dirigida al p\u00fablico en general.","protected":false},"author":3,"featured_media":47031,"comment_status":"open","ping_status":"open","sticky":false,"template":"","format":"standard","meta":[],"categories":[3],"tags":[],"_links":{"self":[{"href":"https:\/\/www.mendoza.gov.ar\/prensa\/wp-json\/wp\/v2\/posts\/47030"}],"collection":[{"href":"https:\/\/www.mendoza.gov.ar\/prensa\/wp-json\/wp\/v2\/posts"}],"about":[{"href":"https:\/\/www.mendoza.gov.ar\/prensa\/wp-json\/wp\/v2\/types\/post"}],"author":[{"embeddable":true,"href":"https:\/\/www.mendoza.gov.ar\/prensa\/wp-json\/wp\/v2\/users\/3"}],"replies":[{"embeddable":true,"href":"https:\/\/www.mendoza.gov.ar\/prensa\/wp-json\/wp\/v2\/comments?post=47030"}],"version-history":[{"count":0,"href":"https:\/\/www.mendoza.gov.ar\/prensa\/wp-json\/wp\/v2\/posts\/47030\/revisions"}],"wp:featuredmedia":[{"embeddable":true,"href":"https:\/\/www.mendoza.gov.ar\/prensa\/wp-json\/wp\/v2\/media\/47031"}],"wp:attachment":[{"href":"https:\/\/www.mendoza.gov.ar\/prensa\/wp-json\/wp\/v2\/media?parent=47030"}],"wp:term":[{"taxonomy":"category","embeddable":true,"href":"https:\/\/www.mendoza.gov.ar\/prensa\/wp-json\/wp\/v2\/categories?post=47030"},{"taxonomy":"post_tag","embeddable":true,"href":"https:\/\/www.mendoza.gov.ar\/prensa\/wp-json\/wp\/v2\/tags?post=47030"}],"curies":[{"name":"wp","href":"https:\/\/api.w.org\/{rel}","templated":true}]}}