{"id":47096,"date":"2016-02-02T11:25:37","date_gmt":"2016-02-02T14:25:37","guid":{"rendered":"http:\/\/prensa.mendoza.gov.ar\/?p=47096"},"modified":"2016-02-02T11:25:37","modified_gmt":"2016-02-02T14:25:37","slug":"a-fin-del-dia-podria-estar-habilitado-el-camino-a-uspallata","status":"publish","type":"post","link":"https:\/\/www.mendoza.gov.ar\/prensa\/a-fin-del-dia-podria-estar-habilitado-el-camino-a-uspallata\/","title":{"rendered":"A final del d\u00eda podr\u00eda estar habilitado el camino a Uspallata por la Ruta 7"},"content":{"rendered":"<!DOCTYPE html PUBLIC \"-\/\/W3C\/\/DTD HTML 4.0 Transitional\/\/EN\" \"http:\/\/www.w3.org\/TR\/REC-html40\/loose.dtd\">\n<html><body><p>Miguel Rivas, titular de Vialidad Nacional en Mendoza, &nbsp;inform&oacute; que para finales del dia quedar&aacute; habilitado el tr&aacute;nsito en la zona afectada por el derrumbe de un puente&nbsp;antes de llegar a Uspallata provocado por las intensas lluvias, ayer en la tarde.<\/p>\n<p>Al respecto, Rivas destac&oacute;: &ldquo;La obra fundamental que estamos haciendo, despu&eacute;s de haber hecho la evaluaci&oacute;n a las cuatro de la ma&ntilde;ana, es hacer una variante para lo que vamos a utilizar un puente Bailey. Esto nos permitir&aacute;&nbsp;poder descongestionar la zona de Uspallata para las &uacute;ltimas horas de esta tarde. As&iacute; es que, para quienes est&eacute;n en el lugar les aconsejo que se queden ah&iacute; y no se muevan ya que lo tenemos controlado y van a poder bajar en las &uacute;ltimas horas&rdquo;.<\/p>\n<p><a href=\"https:\/\/www.mendoza.gov.ar\/prensa\/wp-content\/uploads\/sites\/23\/0006.jpg\"><img loading=\"lazy\" class=\"alignnone wp-image-47138 img-responsive center-block\" src=\"https:\/\/www.mendoza.gov.ar\/prensa\/wp-content\/uploads\/sites\/23\/0006.jpg\" alt=\"\" width=\"650\" height=\"365\"><\/a><\/p>\n<p>El Bailey es un puente port&aacute;til prefabricado dise&ntilde;ado para uso militar. Se utiliza para salvar luces de hasta 60 metros mediante el ensamblado de elementos de unos 3 metros de longitud, f&aacute;cilmente transportables en cami&oacute;n.<\/p>\n<p>Para utilizar el puente de 30 metros, Vialidad Nacional ha construido un terrapl&eacute;n sobre el cual se instalar&aacute; y que rellenar&aacute; el espacio dejado por el alud que tiene 60 metros de ancho y 10 de profundidad.<\/p>\n<p>&ldquo;La decisi&oacute;n fue hacer este terrapl&eacute;n, mientras el puente viene en camino desde el norte. Esto nos va servir para colocarlo. El ancho del terrapl&eacute;n nos va a permitir que aunque sigan las lluvias no se tenga que interrumpir la circulaci&oacute;n&rdquo;, agreg&oacute; Rivas.<\/p>\n<p>El puente soporta hasta 45 toneladas lo que va a resistir el paso de veh&iacute;culos pesados y dado que tiene cuatro metros de ancho permitir&aacute; la circulaci&oacute;n de&nbsp;veh&iacute;culos en ambas direcciones, salvo en el caso de camiones que deber&aacute;n tener la precauci&oacute;n de circular alternativamente.<\/p>\n<p>&ldquo;Por supuesto que va a haber gente velando por la seguridad de quienes circulen y que el puente est&eacute; en condiciones todo el tiempo&rdquo;. finaliz&oacute; Rivas.<\/p>\n<p>En tanto, ya est&aacute; en marcha el proyecto para reconstruir la ruta por &oacute;rdenes expresas del gobernador, Alfredo Cornejo por lo que ya est&aacute;n en camino especialistas para comenzar la tarea de manera inmediata. El plazo de ejecuci&oacute;n ser&aacute; de aproximadamente unos 6 meses pero se est&aacute;n buscando alternativas que permitan acortar los tiempos.<\/p>\n<p><a href=\"https:\/\/www.mendoza.gov.ar\/prensa\/wp-content\/uploads\/sites\/23\/Miguel-Rivas.jpg\"><img loading=\"lazy\" class=\"alignnone wp-image-47134 img-responsive center-block\" src=\"https:\/\/www.mendoza.gov.ar\/prensa\/wp-content\/uploads\/sites\/23\/Miguel-Rivas.jpg\" alt=\"Miguel Rivas\" width=\"819\" height=\"547\"><\/a><\/p>\n<p><strong>Ruta desde Barreal<\/strong><\/p>\n<p>Por su parte, Defensa Civil de la provincia inform&oacute; que la ruta &nbsp;Mendoza &ndash; Barreal &ndash; Uspallata se encuentra habilitada para veh&iacute;culos livianos con much&iacute;sima precauci&oacute;n.<\/p>\n<p>Quienes deban viajar a Chile desde Mendoza podr&aacute;n viajar a San Juan y all&iacute; tomar la Ruta 149 desde Calingasta a Tamber&iacute;as y Barreal hasta la localidad mendocina de Uspallata, con 30 km de ripio compactado, para retomar desde all&iacute; la ruta internacional.<\/p>\n<p>Por otro lado, se comunica a los usuarios del Sistema Integrado Cristo Redentor que desde las&nbsp;9.45 de hoy qued&oacute; abierto el tr&aacute;nsito para veh&iacute;culos menores. Producto de esta medida ya se encuentran circulando veh&iacute;culos desde el t&uacute;nel hacia Uspallata para luego tomar el camino alternativo antes detallado.<\/p>\n<p>Desde Uspallata hasta Barreal hay una distancia de 80 km y desde esa localidad hasta Mendoza 223 km.<\/p>\n<\/body><\/html>\n","protected":false},"excerpt":{"rendered":"As\u00ed lo explic\u00f3 el titular de Vialidad Nacional, Miguel Rivas quien adem\u00e1s detall\u00f3 el procedimiento que se est\u00e1 utilizando para la construcci\u00f3n de una variante que permitir\u00e1 el paso de todo tipo de veh\u00edculos.","protected":false},"author":3,"featured_media":47137,"comment_status":"open","ping_status":"open","sticky":false,"template":"","format":"standard","meta":[],"categories":[19],"tags":[],"_links":{"self":[{"href":"https:\/\/www.mendoza.gov.ar\/prensa\/wp-json\/wp\/v2\/posts\/47096"}],"collection":[{"href":"https:\/\/www.mendoza.gov.ar\/prensa\/wp-json\/wp\/v2\/posts"}],"about":[{"href":"https:\/\/www.mendoza.gov.ar\/prensa\/wp-json\/wp\/v2\/types\/post"}],"author":[{"embeddable":true,"href":"https:\/\/www.mendoza.gov.ar\/prensa\/wp-json\/wp\/v2\/users\/3"}],"replies":[{"embeddable":true,"href":"https:\/\/www.mendoza.gov.ar\/prensa\/wp-json\/wp\/v2\/comments?post=47096"}],"version-history":[{"count":0,"href":"https:\/\/www.mendoza.gov.ar\/prensa\/wp-json\/wp\/v2\/posts\/47096\/revisions"}],"wp:featuredmedia":[{"embeddable":true,"href":"https:\/\/www.mendoza.gov.ar\/prensa\/wp-json\/wp\/v2\/media\/47137"}],"wp:attachment":[{"href":"https:\/\/www.mendoza.gov.ar\/prensa\/wp-json\/wp\/v2\/media?parent=47096"}],"wp:term":[{"taxonomy":"category","embeddable":true,"href":"https:\/\/www.mendoza.gov.ar\/prensa\/wp-json\/wp\/v2\/categories?post=47096"},{"taxonomy":"post_tag","embeddable":true,"href":"https:\/\/www.mendoza.gov.ar\/prensa\/wp-json\/wp\/v2\/tags?post=47096"}],"curies":[{"name":"wp","href":"https:\/\/api.w.org\/{rel}","templated":true}]}}