{"id":47100,"date":"2016-02-02T10:32:40","date_gmt":"2016-02-02T13:32:40","guid":{"rendered":"http:\/\/prensa.mendoza.gov.ar\/?p=47100"},"modified":"2016-02-02T10:32:40","modified_gmt":"2016-02-02T13:32:40","slug":"cornejo-recibio-a-inversores-para-trabajar-en-generacion-de-energia-solar","status":"publish","type":"post","link":"https:\/\/www.mendoza.gov.ar\/prensa\/cornejo-recibio-a-inversores-para-trabajar-en-generacion-de-energia-solar\/","title":{"rendered":"Cornejo recibi\u00f3 a inversores para trabajar en generaci\u00f3n de energ\u00eda solar"},"content":{"rendered":"<!DOCTYPE html PUBLIC \"-\/\/W3C\/\/DTD HTML 4.0 Transitional\/\/EN\" \"http:\/\/www.w3.org\/TR\/REC-html40\/loose.dtd\">\n<html><body><p>Alfredo Cornejo encabez&oacute; una reuni&oacute;n en la que participaron potenciales inversores canadienses. Lo acompa&ntilde;&oacute; el subsecretario de Energ&iacute;a y Miner&iacute;a, Emilio Gui&ntilde;az&uacute;. Estudiaron la posibilidad de trabajar en un Proyecto de Desarrollo Integral de Energ&iacute;as Fotovoltaicas en la Argentina.<\/p>\n<p>&ldquo;El proyecto contemplar&iacute;a, en una primera etapa, la instalaci&oacute;n de una f&aacute;brica de celdas fotovoltaicas, y en una segunda, lo concreci&oacute;n de varias f&aacute;bricas de paneles fotovoltaicos&rdquo;,&nbsp;indic&oacute; Gui&ntilde;az&uacute;. Aclar&oacute; que, &ldquo;la idea es analizar la factibilidad y la escala necesaria de la radicaci&oacute;n de una industria de fabricaci&oacute;n de celdas y paneles fotovoltaicos en Argentina&rdquo;.<\/p>\n<p>Adem&aacute;s subray&oacute; que: &ldquo;Mendoza est&aacute; siendo estudiada, por estos inversores, por la conjunci&oacute;n de diversas capacidades, como la buena disponibilidad del recurso solar, nuestras ventajas en t&eacute;rminos de mano calificada, por los contactos con las universidades y por la industria local&rdquo;.<\/p>\n<p>Esta no es la primera vez que el Gobernador incursiona en este tipo de convenios. En diciembre del a&ntilde;o pasado Cornejo, junto al intendente de Godoy Cruz, Tadeo Garc&iacute;a Zalazar,&nbsp;dejaron inaugurada la primer Planta Solar Fotovoltaica, ubicada en los galpones del Espacio Verde Luis Menotti Pescarmona. Este proyecto formaba parte de un acuerdo firmado por Cornejo cuando era intendente de la comuna.<\/p>\n<\/body><\/html>\n","protected":false},"excerpt":{"rendered":"El Gobernador se reuni\u00f3 con inversores canadienses para analizar la factibilidad de fabricaci\u00f3n e implementaci\u00f3n de celdas y paneles fotovoltaicos.","protected":false},"author":3,"featured_media":47102,"comment_status":"open","ping_status":"open","sticky":false,"template":"","format":"standard","meta":[],"categories":[19],"tags":[],"_links":{"self":[{"href":"https:\/\/www.mendoza.gov.ar\/prensa\/wp-json\/wp\/v2\/posts\/47100"}],"collection":[{"href":"https:\/\/www.mendoza.gov.ar\/prensa\/wp-json\/wp\/v2\/posts"}],"about":[{"href":"https:\/\/www.mendoza.gov.ar\/prensa\/wp-json\/wp\/v2\/types\/post"}],"author":[{"embeddable":true,"href":"https:\/\/www.mendoza.gov.ar\/prensa\/wp-json\/wp\/v2\/users\/3"}],"replies":[{"embeddable":true,"href":"https:\/\/www.mendoza.gov.ar\/prensa\/wp-json\/wp\/v2\/comments?post=47100"}],"version-history":[{"count":0,"href":"https:\/\/www.mendoza.gov.ar\/prensa\/wp-json\/wp\/v2\/posts\/47100\/revisions"}],"wp:featuredmedia":[{"embeddable":true,"href":"https:\/\/www.mendoza.gov.ar\/prensa\/wp-json\/wp\/v2\/media\/47102"}],"wp:attachment":[{"href":"https:\/\/www.mendoza.gov.ar\/prensa\/wp-json\/wp\/v2\/media?parent=47100"}],"wp:term":[{"taxonomy":"category","embeddable":true,"href":"https:\/\/www.mendoza.gov.ar\/prensa\/wp-json\/wp\/v2\/categories?post=47100"},{"taxonomy":"post_tag","embeddable":true,"href":"https:\/\/www.mendoza.gov.ar\/prensa\/wp-json\/wp\/v2\/tags?post=47100"}],"curies":[{"name":"wp","href":"https:\/\/api.w.org\/{rel}","templated":true}]}}