{"id":47132,"date":"2016-02-02T12:55:39","date_gmt":"2016-02-02T15:55:39","guid":{"rendered":"http:\/\/prensa.mendoza.gov.ar\/?p=47132"},"modified":"2016-02-02T12:55:39","modified_gmt":"2016-02-02T15:55:39","slug":"el-camino-a-uspallata-por-paramillos-se-encuentra-cortado","status":"publish","type":"post","link":"https:\/\/www.mendoza.gov.ar\/prensa\/el-camino-a-uspallata-por-paramillos-se-encuentra-cortado\/","title":{"rendered":"El camino a Uspallata por Paramillos se encuentra cortado"},"content":{"rendered":"<!DOCTYPE html PUBLIC \"-\/\/W3C\/\/DTD HTML 4.0 Transitional\/\/EN\" \"http:\/\/www.w3.org\/TR\/REC-html40\/loose.dtd\">\n\n","protected":false},"excerpt":{"rendered":"Ante la afluencia de viajeros que intenta llegar a Uspallata por Paramillos, el Gobierno de la Provincia informa que el camino se encuentra cortado a la altura de Villavicencio.\n\nSe informa que el \u00fanico camino habilitado para llegar a la ruta internacional es a trav\u00e9s \u00a0de la localidad sanjuanina de Barreal.\n\nSe recuerda, al respecto que el tr\u00e1nsito por esa v\u00eda est\u00e1 solo habilitado para veh\u00edculos livianos con m\u00e1xima precauci\u00f3n.","protected":false},"author":3,"featured_media":0,"comment_status":"open","ping_status":"open","sticky":false,"template":"","format":"standard","meta":[],"categories":[19],"tags":[],"_links":{"self":[{"href":"https:\/\/www.mendoza.gov.ar\/prensa\/wp-json\/wp\/v2\/posts\/47132"}],"collection":[{"href":"https:\/\/www.mendoza.gov.ar\/prensa\/wp-json\/wp\/v2\/posts"}],"about":[{"href":"https:\/\/www.mendoza.gov.ar\/prensa\/wp-json\/wp\/v2\/types\/post"}],"author":[{"embeddable":true,"href":"https:\/\/www.mendoza.gov.ar\/prensa\/wp-json\/wp\/v2\/users\/3"}],"replies":[{"embeddable":true,"href":"https:\/\/www.mendoza.gov.ar\/prensa\/wp-json\/wp\/v2\/comments?post=47132"}],"version-history":[{"count":0,"href":"https:\/\/www.mendoza.gov.ar\/prensa\/wp-json\/wp\/v2\/posts\/47132\/revisions"}],"wp:attachment":[{"href":"https:\/\/www.mendoza.gov.ar\/prensa\/wp-json\/wp\/v2\/media?parent=47132"}],"wp:term":[{"taxonomy":"category","embeddable":true,"href":"https:\/\/www.mendoza.gov.ar\/prensa\/wp-json\/wp\/v2\/categories?post=47132"},{"taxonomy":"post_tag","embeddable":true,"href":"https:\/\/www.mendoza.gov.ar\/prensa\/wp-json\/wp\/v2\/tags?post=47132"}],"curies":[{"name":"wp","href":"https:\/\/api.w.org\/{rel}","templated":true}]}}