{"id":47166,"date":"2016-02-02T17:03:22","date_gmt":"2016-02-02T20:03:22","guid":{"rendered":"http:\/\/prensa.mendoza.gov.ar\/?p=47166"},"modified":"2016-02-02T17:03:22","modified_gmt":"2016-02-02T20:03:22","slug":"dia-internacional-de-los-humedales-ambiente-presento-propuesta-para-la-conservacion-de-los-acuiferos-de-mendoza","status":"publish","type":"post","link":"https:\/\/www.mendoza.gov.ar\/prensa\/dia-internacional-de-los-humedales-ambiente-presento-propuesta-para-la-conservacion-de-los-acuiferos-de-mendoza\/","title":{"rendered":"D\u00eda internacional de los humedales: Ambiente present\u00f3 propuesta para la conservaci\u00f3n de los acu\u00edferos de Mendoza"},"content":{"rendered":"<!DOCTYPE html PUBLIC \"-\/\/W3C\/\/DTD HTML 4.0 Transitional\/\/EN\" \"http:\/\/www.w3.org\/TR\/REC-html40\/loose.dtd\">\n<html><body><p>Con motivo de la celebraci&oacute;n del D&iacute;a Internacional de los Humedales, hoy, en el Museo de la Educaci&oacute;n, ex Escuela Mitre, &nbsp;t&eacute;cnicos y profesionales &nbsp;de la Direcci&oacute;n de Recursos Naturales presentaron propuestas para la conservaci&oacute;n de los humedales de la provincia.<\/p>\n<p>El secretario de Ambiente y Ordenamiento Territorial, Humberto Mingorance, presidi&oacute; el encuentro, en el cual, adem&aacute;s, se dio a conocer la situaci&oacute;n actual de los humedales y las tareas&nbsp; que deben &nbsp;realizarse a corto, mediano y largo plazo para su mantenimiento.<\/p>\n<p><a href=\"https:\/\/www.mendoza.gov.ar\/prensa\/wp-content\/uploads\/sites\/23\/mingorance-cham-sosa.jpg\"><img loading=\"lazy\" class=\"alignnone wp-image-47167 img-responsive center-block\" src=\"https:\/\/www.mendoza.gov.ar\/prensa\/wp-content\/uploads\/sites\/23\/mingorance-cham-sosa.jpg\" alt=\"\" width=\"650\" height=\"433\"><\/a><\/p>\n<p>En la oportunidad, acompa&ntilde;aron a Mingorance, &nbsp;la directora de Recursos Naturales, Mabel Chambouleyron y el jefe de gabinete de la Secretar&iacute;a, Eduardo Sosa.<\/p>\n<p>Los humedales de la provincia de Mendoza son fundamentales para la supervivencia de la poblaci&oacute;n y el desarrollo de sus actividades econ&oacute;micas; por eso, &nbsp;la Secretar&iacute;a de Ambiente y Ordenamiento Territorial ha elaborado una agenda de actividades que incluye &nbsp;una jornada de educaci&oacute;n y concientizaci&oacute;n para que la sociedad mendocina colabore con la protecci&oacute;n y mantenimiento de estos acu&iacute;feros.<\/p>\n<\/body><\/html>\n","protected":false},"excerpt":{"rendered":"Profesionales y t\u00e9cnicos entregaron al secretario Humberto Mingorance una serie de proyectos para la protecci\u00f3n de los ecosistemas de los humedales. ","protected":false},"author":3,"featured_media":47168,"comment_status":"open","ping_status":"open","sticky":false,"template":"","format":"standard","meta":[],"categories":[3],"tags":[],"_links":{"self":[{"href":"https:\/\/www.mendoza.gov.ar\/prensa\/wp-json\/wp\/v2\/posts\/47166"}],"collection":[{"href":"https:\/\/www.mendoza.gov.ar\/prensa\/wp-json\/wp\/v2\/posts"}],"about":[{"href":"https:\/\/www.mendoza.gov.ar\/prensa\/wp-json\/wp\/v2\/types\/post"}],"author":[{"embeddable":true,"href":"https:\/\/www.mendoza.gov.ar\/prensa\/wp-json\/wp\/v2\/users\/3"}],"replies":[{"embeddable":true,"href":"https:\/\/www.mendoza.gov.ar\/prensa\/wp-json\/wp\/v2\/comments?post=47166"}],"version-history":[{"count":0,"href":"https:\/\/www.mendoza.gov.ar\/prensa\/wp-json\/wp\/v2\/posts\/47166\/revisions"}],"wp:featuredmedia":[{"embeddable":true,"href":"https:\/\/www.mendoza.gov.ar\/prensa\/wp-json\/wp\/v2\/media\/47168"}],"wp:attachment":[{"href":"https:\/\/www.mendoza.gov.ar\/prensa\/wp-json\/wp\/v2\/media?parent=47166"}],"wp:term":[{"taxonomy":"category","embeddable":true,"href":"https:\/\/www.mendoza.gov.ar\/prensa\/wp-json\/wp\/v2\/categories?post=47166"},{"taxonomy":"post_tag","embeddable":true,"href":"https:\/\/www.mendoza.gov.ar\/prensa\/wp-json\/wp\/v2\/tags?post=47166"}],"curies":[{"name":"wp","href":"https:\/\/api.w.org\/{rel}","templated":true}]}}