{"id":47186,"date":"2016-02-02T20:39:56","date_gmt":"2016-02-02T23:39:56","guid":{"rendered":"http:\/\/prensa.mendoza.gov.ar\/?p=47186"},"modified":"2016-02-02T20:39:56","modified_gmt":"2016-02-02T23:39:56","slug":"la-avenida-san-martin-de-las-heras-sera-remodelada","status":"publish","type":"post","link":"https:\/\/www.mendoza.gov.ar\/prensa\/la-avenida-san-martin-de-las-heras-sera-remodelada\/","title":{"rendered":"La avenida San Mart\u00edn de Las Heras ser\u00e1 remodelada"},"content":{"rendered":"<!DOCTYPE html PUBLIC \"-\/\/W3C\/\/DTD HTML 4.0 Transitional\/\/EN\" \"http:\/\/www.w3.org\/TR\/REC-html40\/loose.dtd\">\n<html><body><p>Por pedido del gobernador Alfredo Cornejo, el senador nacional, Julio Cobos, y Daniel Orozco, intendente de Las Heras, mantuvieron una reuni&oacute;n con el secretario de Obras P&uacute;blicas de la Naci&oacute;n, Daniel Chain.<\/p>\n<p>Durante el encuentro se aprob&oacute; la financiaci&oacute;n de $28 millones para la obra de reconstrucci&oacute;n de calle San Mart&iacute;n. El proyecto comprende el inicio inmediato de las refacciones de 1.400 metros de la avenida, comenzando desde el zanj&oacute;n de Los Ciruelos.<\/p>\n<p>Julio Cobos se&ntilde;al&oacute; al respecto: &ldquo;este proyecto se inici&oacute; en la gesti&oacute;n anterior y vamos a darle continuidad para poder hacerlo realidad. El plan de remodelaci&oacute;n y renovaci&oacute;n de esta arteria es muy importante para el &aacute;rea metropolitana. El Secretario nos confirm&oacute; la realizaci&oacute;n de la misma y el inicio&nbsp; en un corto plazo&rdquo;.<\/p>\n<p>Entre las remodelaciones que se proyectan para la obra est&aacute; la reparaci&oacute;n de los canales; la colocaci&oacute;n de puentes peatonales y vehiculares; adem&aacute;s, est&aacute; previsto reemplazar ca&ntilde;er&iacute;as de agua y cloacas que se encuentran debajo de la calzada. La obra tendr&aacute; un plazo de ejecuci&oacute;n de 12 meses.<\/p>\n<p>En cuanto a otras obras que se proyectan en Mendoza, Cobos agreg&oacute;: &ldquo;adem&aacute;s, hablamos sobre Portezuelo del Viento, para retomar lo antes posible el proyecto. Es algo que tanto el gobernador de Mendoza como el presidente de la Naci&oacute;n quieren llevar adelante&rdquo;.<\/p>\n<\/body><\/html>\n","protected":false},"excerpt":{"rendered":"El gobernador Alfredo Cornejo gestion\u00f3 una reuni\u00f3n entre el secretario de Obras P\u00fablicas de la Naci\u00f3n, Daniel Chain, Cobos y Orozco, en la que consiguieron financiamiento para la repavimentaci\u00f3n. Con una inversi\u00f3n de $28 millones, se reconstruir\u00e1n 1.400 metros de la avenida que cruza ese departamento.","protected":false},"author":3,"featured_media":47187,"comment_status":"open","ping_status":"open","sticky":false,"template":"","format":"standard","meta":[],"categories":[19],"tags":[],"_links":{"self":[{"href":"https:\/\/www.mendoza.gov.ar\/prensa\/wp-json\/wp\/v2\/posts\/47186"}],"collection":[{"href":"https:\/\/www.mendoza.gov.ar\/prensa\/wp-json\/wp\/v2\/posts"}],"about":[{"href":"https:\/\/www.mendoza.gov.ar\/prensa\/wp-json\/wp\/v2\/types\/post"}],"author":[{"embeddable":true,"href":"https:\/\/www.mendoza.gov.ar\/prensa\/wp-json\/wp\/v2\/users\/3"}],"replies":[{"embeddable":true,"href":"https:\/\/www.mendoza.gov.ar\/prensa\/wp-json\/wp\/v2\/comments?post=47186"}],"version-history":[{"count":0,"href":"https:\/\/www.mendoza.gov.ar\/prensa\/wp-json\/wp\/v2\/posts\/47186\/revisions"}],"wp:featuredmedia":[{"embeddable":true,"href":"https:\/\/www.mendoza.gov.ar\/prensa\/wp-json\/wp\/v2\/media\/47187"}],"wp:attachment":[{"href":"https:\/\/www.mendoza.gov.ar\/prensa\/wp-json\/wp\/v2\/media?parent=47186"}],"wp:term":[{"taxonomy":"category","embeddable":true,"href":"https:\/\/www.mendoza.gov.ar\/prensa\/wp-json\/wp\/v2\/categories?post=47186"},{"taxonomy":"post_tag","embeddable":true,"href":"https:\/\/www.mendoza.gov.ar\/prensa\/wp-json\/wp\/v2\/tags?post=47186"}],"curies":[{"name":"wp","href":"https:\/\/api.w.org\/{rel}","templated":true}]}}