{"id":47228,"date":"2016-02-03T15:15:27","date_gmt":"2016-02-03T18:15:27","guid":{"rendered":"http:\/\/prensa.mendoza.gov.ar\/?p=47228"},"modified":"2016-02-03T15:15:27","modified_gmt":"2016-02-03T18:15:27","slug":"la-uncuyo-brindara-apoyo-al-trabajo-de-unicipio","status":"publish","type":"post","link":"https:\/\/www.mendoza.gov.ar\/prensa\/la-uncuyo-brindara-apoyo-al-trabajo-de-unicipio\/","title":{"rendered":"La UNCuyo brindar\u00e1 apoyo al trabajo de Unicipio"},"content":{"rendered":"<!DOCTYPE html PUBLIC \"-\/\/W3C\/\/DTD HTML 4.0 Transitional\/\/EN\" \"http:\/\/www.w3.org\/TR\/REC-html40\/loose.dtd\">\n<html><body><p>Hoy en el Rectorado de la UNCuyo, el titular de la casa de estudios, Daniel Pizzi y el secretario de Ambiente y Ordenamiento Territorial dela Provincia, Humberto Mingorance, se reunieron para definir una agenda de actividades conjuntas para avanzar y fortalecer las acciones de Unicipio.<\/p>\n<p>Durante el encuentro, Pizzi garantiz&oacute; el apoyo de la Universidad para la elaboraci&oacute;n de un plan de Ordenamiento Territorial para Unicipio.<\/p>\n<p>Del mismo modo, ambos funcionarios resolvieron mantener nuevos encuentros para trabajar sobre otras tem&aacute;ticas ambientales en las que la UNCuyo puede colaborar con la Provincia.<\/p>\n<p>&nbsp;<\/p>\n<\/body><\/html>\n","protected":false},"excerpt":{"rendered":"As\u00ed lo asegur\u00f3 el Rector de la Universidad Nacional de Cuyo, Daniel Pizzi, quien se reuni\u00f3 hoy con el secretario de Ambiente de la Provincia Humberto Mingorance. ","protected":false},"author":3,"featured_media":47229,"comment_status":"open","ping_status":"open","sticky":false,"template":"","format":"standard","meta":[],"categories":[3],"tags":[],"_links":{"self":[{"href":"https:\/\/www.mendoza.gov.ar\/prensa\/wp-json\/wp\/v2\/posts\/47228"}],"collection":[{"href":"https:\/\/www.mendoza.gov.ar\/prensa\/wp-json\/wp\/v2\/posts"}],"about":[{"href":"https:\/\/www.mendoza.gov.ar\/prensa\/wp-json\/wp\/v2\/types\/post"}],"author":[{"embeddable":true,"href":"https:\/\/www.mendoza.gov.ar\/prensa\/wp-json\/wp\/v2\/users\/3"}],"replies":[{"embeddable":true,"href":"https:\/\/www.mendoza.gov.ar\/prensa\/wp-json\/wp\/v2\/comments?post=47228"}],"version-history":[{"count":0,"href":"https:\/\/www.mendoza.gov.ar\/prensa\/wp-json\/wp\/v2\/posts\/47228\/revisions"}],"wp:featuredmedia":[{"embeddable":true,"href":"https:\/\/www.mendoza.gov.ar\/prensa\/wp-json\/wp\/v2\/media\/47229"}],"wp:attachment":[{"href":"https:\/\/www.mendoza.gov.ar\/prensa\/wp-json\/wp\/v2\/media?parent=47228"}],"wp:term":[{"taxonomy":"category","embeddable":true,"href":"https:\/\/www.mendoza.gov.ar\/prensa\/wp-json\/wp\/v2\/categories?post=47228"},{"taxonomy":"post_tag","embeddable":true,"href":"https:\/\/www.mendoza.gov.ar\/prensa\/wp-json\/wp\/v2\/tags?post=47228"}],"curies":[{"name":"wp","href":"https:\/\/api.w.org\/{rel}","templated":true}]}}