{"id":47231,"date":"2016-02-03T15:25:55","date_gmt":"2016-02-03T18:25:55","guid":{"rendered":"http:\/\/prensa.mendoza.gov.ar\/?p=47231"},"modified":"2016-02-03T15:25:55","modified_gmt":"2016-02-03T18:25:55","slug":"siguen-las-tareas-de-mantenimiento-y-mejoras-en-el-parque-general-san-martin","status":"publish","type":"post","link":"https:\/\/www.mendoza.gov.ar\/prensa\/siguen-las-tareas-de-mantenimiento-y-mejoras-en-el-parque-general-san-martin\/","title":{"rendered":"Siguen las tareas de mantenimiento y mejoras en el Parque General San Mart\u00edn"},"content":{"rendered":"<!DOCTYPE html PUBLIC \"-\/\/W3C\/\/DTD HTML 4.0 Transitional\/\/EN\" \"http:\/\/www.w3.org\/TR\/REC-html40\/loose.dtd\">\n<html><body><p>El administrador de Parques y Zool&oacute;gicos, Ricardo Mariotti, anunci&oacute; que el organismo a su cargo reforz&oacute; las cuadrillas de limpieza para garantizar la realizaci&oacute;n de este tipo de tareas durante los fines de semana.<\/p>\n<p>&ldquo;A pesar de recibir una administraci&oacute;n en estado cr&iacute;tico y de bajos recursos, en conjunto con la Secretar&iacute;a de Ambiente logramos regularizar algunos pagos a proveedores y poner en funcionamiento m&aacute;quinas que trabajan cotidianamente en la limpieza y mantenimiento de los predios&rdquo;, se&ntilde;al&oacute; Mariotti.<\/p>\n<p><a href=\"https:\/\/www.mendoza.gov.ar\/prensa\/wp-content\/uploads\/sites\/23\/parque2.jpg\"><img loading=\"lazy\" class=\"alignnone wp-image-47233 img-responsive center-block\" src=\"https:\/\/www.mendoza.gov.ar\/prensa\/wp-content\/uploads\/sites\/23\/parque2.jpg\" alt=\"\" width=\"650\" height=\"488\"><\/a><\/p>\n<p>Durante la semana, en el predio se distribuyen diferentes cuadrillas que se encargan de cortar el pasto, desmalezar y mantener limpio los caminos. De este modo, &nbsp;a poco m&aacute;s de un mes de esta nueva gesti&oacute;n, se vuelve a dar forma y a poner en orden cada uno de los predios que lo componen.<\/p>\n<p>Durante esta semana se espera un gran operativo de limpieza en el Parque C&iacute;vico que rodea la Casa de Gobierno.<\/p>\n<\/body><\/html>\n","protected":false},"excerpt":{"rendered":"La Administraci\u00f3n de Parques y Zool\u00f3gicos reforz\u00f3 las cuadrillas de limpieza en el parque.\n\n","protected":false},"author":3,"featured_media":47232,"comment_status":"open","ping_status":"open","sticky":false,"template":"","format":"standard","meta":[],"categories":[3],"tags":[],"_links":{"self":[{"href":"https:\/\/www.mendoza.gov.ar\/prensa\/wp-json\/wp\/v2\/posts\/47231"}],"collection":[{"href":"https:\/\/www.mendoza.gov.ar\/prensa\/wp-json\/wp\/v2\/posts"}],"about":[{"href":"https:\/\/www.mendoza.gov.ar\/prensa\/wp-json\/wp\/v2\/types\/post"}],"author":[{"embeddable":true,"href":"https:\/\/www.mendoza.gov.ar\/prensa\/wp-json\/wp\/v2\/users\/3"}],"replies":[{"embeddable":true,"href":"https:\/\/www.mendoza.gov.ar\/prensa\/wp-json\/wp\/v2\/comments?post=47231"}],"version-history":[{"count":0,"href":"https:\/\/www.mendoza.gov.ar\/prensa\/wp-json\/wp\/v2\/posts\/47231\/revisions"}],"wp:featuredmedia":[{"embeddable":true,"href":"https:\/\/www.mendoza.gov.ar\/prensa\/wp-json\/wp\/v2\/media\/47232"}],"wp:attachment":[{"href":"https:\/\/www.mendoza.gov.ar\/prensa\/wp-json\/wp\/v2\/media?parent=47231"}],"wp:term":[{"taxonomy":"category","embeddable":true,"href":"https:\/\/www.mendoza.gov.ar\/prensa\/wp-json\/wp\/v2\/categories?post=47231"},{"taxonomy":"post_tag","embeddable":true,"href":"https:\/\/www.mendoza.gov.ar\/prensa\/wp-json\/wp\/v2\/tags?post=47231"}],"curies":[{"name":"wp","href":"https:\/\/api.w.org\/{rel}","templated":true}]}}