{"id":47266,"date":"2016-02-03T20:14:37","date_gmt":"2016-02-03T23:14:37","guid":{"rendered":"http:\/\/prensa.mendoza.gov.ar\/?p=47266"},"modified":"2016-02-03T20:14:37","modified_gmt":"2016-02-03T23:14:37","slug":"el-cfi-dara-apoyo-financiero-para-vendimia-y-reactivacion-productiva","status":"publish","type":"post","link":"https:\/\/www.mendoza.gov.ar\/prensa\/el-cfi-dara-apoyo-financiero-para-vendimia-y-reactivacion-productiva\/","title":{"rendered":"El CFI dar\u00e1 apoyo financiero para Vendimia y reactivaci\u00f3n productiva"},"content":{"rendered":"<!DOCTYPE html PUBLIC \"-\/\/W3C\/\/DTD HTML 4.0 Transitional\/\/EN\" \"http:\/\/www.w3.org\/TR\/REC-html40\/loose.dtd\">\n<html><body><p>El gobernador Alfredo Cornejo recibi&oacute; esta tarde en su despacho al secretario General del Consejo Federal de Inversiones &nbsp;(CFI), Juan Jos&eacute; Ci&aacute;cera, donde firmaron convenios que benefician a diversos sectores de la provincia. Del encuentro tambi&eacute;n participaron el ministro de Hacienda y Finanzas, Mart&iacute;n Kerchner, y el secretario de Cultura de Mendoza, Diego Gareca.<\/p>\n<p>Mediante el primer convenio suscripto, &nbsp;el CFI aportar&aacute; a Mendoza recursos t&eacute;cnicos y un total de $16 millones para la producci&oacute;n y realizaci&oacute;n de la Fiesta Nacional de la Vendimia 2016. El objetivo de este acuerdo es contribuir al desarrollo cultural de la poblaci&oacute;n, poniendo en valor el potencial art&iacute;stico.<\/p>\n<p>En segundo lugar, se rubric&oacute; un acuerdo de asistencia financiera por $41.300.000, destinados a&nbsp;micro, peque&ntilde;as y medianas empresas radicadas en Mendoza, nuevas o existentes, que presenten proyectos rentables y sustentables en el tiempo. Los fondos se&nbsp;canalizar&aacute;n mediante una l&iacute;nea de cr&eacute;ditos para la reactivaci&oacute;n productiva para&nbsp;fortalecer el desarrollo de las actividades productivas regionales.<\/p>\n<\/body><\/html>\n","protected":false},"excerpt":{"rendered":"El gobernador suscribi\u00f3 convenios con el Consejo Federal de Inversiones por $16 millones para la Fiesta Nacional de la Vendimia y $41,3 para cr\u00e9ditos de reactivaci\u00f3n productiva.","protected":false},"author":3,"featured_media":47269,"comment_status":"open","ping_status":"open","sticky":false,"template":"","format":"standard","meta":[],"categories":[19],"tags":[],"_links":{"self":[{"href":"https:\/\/www.mendoza.gov.ar\/prensa\/wp-json\/wp\/v2\/posts\/47266"}],"collection":[{"href":"https:\/\/www.mendoza.gov.ar\/prensa\/wp-json\/wp\/v2\/posts"}],"about":[{"href":"https:\/\/www.mendoza.gov.ar\/prensa\/wp-json\/wp\/v2\/types\/post"}],"author":[{"embeddable":true,"href":"https:\/\/www.mendoza.gov.ar\/prensa\/wp-json\/wp\/v2\/users\/3"}],"replies":[{"embeddable":true,"href":"https:\/\/www.mendoza.gov.ar\/prensa\/wp-json\/wp\/v2\/comments?post=47266"}],"version-history":[{"count":0,"href":"https:\/\/www.mendoza.gov.ar\/prensa\/wp-json\/wp\/v2\/posts\/47266\/revisions"}],"wp:featuredmedia":[{"embeddable":true,"href":"https:\/\/www.mendoza.gov.ar\/prensa\/wp-json\/wp\/v2\/media\/47269"}],"wp:attachment":[{"href":"https:\/\/www.mendoza.gov.ar\/prensa\/wp-json\/wp\/v2\/media?parent=47266"}],"wp:term":[{"taxonomy":"category","embeddable":true,"href":"https:\/\/www.mendoza.gov.ar\/prensa\/wp-json\/wp\/v2\/categories?post=47266"},{"taxonomy":"post_tag","embeddable":true,"href":"https:\/\/www.mendoza.gov.ar\/prensa\/wp-json\/wp\/v2\/tags?post=47266"}],"curies":[{"name":"wp","href":"https:\/\/api.w.org\/{rel}","templated":true}]}}