{"id":47344,"date":"2016-02-05T08:00:55","date_gmt":"2016-02-05T11:00:55","guid":{"rendered":"http:\/\/prensa.mendoza.gov.ar\/?p=47344"},"modified":"2016-02-05T08:00:55","modified_gmt":"2016-02-05T11:00:55","slug":"se-encuentra-habilitado-el-ingreso-al-publico-en-el-zoologico-provincial","status":"publish","type":"post","link":"https:\/\/www.mendoza.gov.ar\/prensa\/se-encuentra-habilitado-el-ingreso-al-publico-en-el-zoologico-provincial\/","title":{"rendered":"Se encuentra habilitado el ingreso al p\u00fablico en el Zool\u00f3gico Provincial"},"content":{"rendered":"<!DOCTYPE html PUBLIC \"-\/\/W3C\/\/DTD HTML 4.0 Transitional\/\/EN\" \"http:\/\/www.w3.org\/TR\/REC-html40\/loose.dtd\">\n<html><body><p>El Zool&oacute;gico Provincial abri&oacute; sus puertas nuevamente. Esta decisi&oacute;n surgio luego de tomar nuevas medidas para garantizar la seguridad del paseo que convoca a diario a mendocinos y turistas.<\/p>\n<p>Hace una semana, tras la muerte de los &uacute;ltimos dos animales, la Secretar&iacute;a de Ambiente y la Direcci&oacute;n del Zool&oacute;gico, tomaron como principal medida cerrar las puertas del lugar y declararlo en estado de emergencia para definir de manera urgente las mejoras correspondientes para asegurar la salud de los animales y continuar con los avances del operativo de investigaci&oacute;n.<\/p>\n<p>Entre las mejoras que se definieron en este periodo figuran la compra de insumos para el servicio veterinario, b&uacute;squeda de nuevos proveedores de alimentos, mantenimiento de las c&aacute;maras frigor&iacute;ficas, limpieza de galpones y recintos, refuerzos en la seguridad, prevenci&oacute;n interna en el paseo y avance en los procedimientos investigativos para dar con las causas de las muertes.<\/p>\n<p>Como primera medida, la directora del Zool&oacute;gico, Mariana Caram, y el secretario de Ambiente, Humberto Mingorance, decidieron reforzar la seguridad del paseo aumentando la cantidad de personal para monitorear sectores cr&iacute;ticos. Para los rondines diarios, custodias de los recintos afectados e ingresos, se incorpor&oacute; &nbsp;personal de la Polic&iacute;a de Mendoza, guardaparques y serenos.<\/p>\n<p>Otra de las prioridades es la alimentaci&oacute;n de los animales. La Secretar&iacute;a se encuentra trabajando en la b&uacute;squeda de nuevos proveedores de fardos de alfalfa que garanticen su calidad. Adem&aacute;s, continua realizando un monitoreo exhaustivo en el stock disponible.<\/p>\n<p>Finalmente, otra de las medidas preventivas aplicadas para proteger a los animales es el reemplazo de bolsas pl&aacute;sticas por envoltorios de papel en todos los alimentos que se venden en el interior del Zool&oacute;gico.<\/p>\n<\/body><\/html>\n","protected":false},"excerpt":{"rendered":"Luego de una semana, el paseo reabri\u00f3 sus puertas con nuevas medidas en seguridad y prevenci\u00f3n. Se trabaja en mejorar la calidad de alimentos y servicios y en garantizar la provisi\u00f3n de insumos.","protected":false},"author":3,"featured_media":47346,"comment_status":"open","ping_status":"open","sticky":false,"template":"","format":"standard","meta":[],"categories":[3],"tags":[],"_links":{"self":[{"href":"https:\/\/www.mendoza.gov.ar\/prensa\/wp-json\/wp\/v2\/posts\/47344"}],"collection":[{"href":"https:\/\/www.mendoza.gov.ar\/prensa\/wp-json\/wp\/v2\/posts"}],"about":[{"href":"https:\/\/www.mendoza.gov.ar\/prensa\/wp-json\/wp\/v2\/types\/post"}],"author":[{"embeddable":true,"href":"https:\/\/www.mendoza.gov.ar\/prensa\/wp-json\/wp\/v2\/users\/3"}],"replies":[{"embeddable":true,"href":"https:\/\/www.mendoza.gov.ar\/prensa\/wp-json\/wp\/v2\/comments?post=47344"}],"version-history":[{"count":0,"href":"https:\/\/www.mendoza.gov.ar\/prensa\/wp-json\/wp\/v2\/posts\/47344\/revisions"}],"wp:featuredmedia":[{"embeddable":true,"href":"https:\/\/www.mendoza.gov.ar\/prensa\/wp-json\/wp\/v2\/media\/47346"}],"wp:attachment":[{"href":"https:\/\/www.mendoza.gov.ar\/prensa\/wp-json\/wp\/v2\/media?parent=47344"}],"wp:term":[{"taxonomy":"category","embeddable":true,"href":"https:\/\/www.mendoza.gov.ar\/prensa\/wp-json\/wp\/v2\/categories?post=47344"},{"taxonomy":"post_tag","embeddable":true,"href":"https:\/\/www.mendoza.gov.ar\/prensa\/wp-json\/wp\/v2\/tags?post=47344"}],"curies":[{"name":"wp","href":"https:\/\/api.w.org\/{rel}","templated":true}]}}