{"id":47355,"date":"2016-02-09T08:30:25","date_gmt":"2016-02-09T11:30:25","guid":{"rendered":"http:\/\/prensa.mendoza.gov.ar\/?p=47355"},"modified":"2016-02-09T08:30:25","modified_gmt":"2016-02-09T11:30:25","slug":"coloquio-sobre-el-centenario-de-la-constitucion-de-1916-en-la-legislatura-de-mendoza","status":"publish","type":"post","link":"https:\/\/www.mendoza.gov.ar\/prensa\/coloquio-sobre-el-centenario-de-la-constitucion-de-1916-en-la-legislatura-de-mendoza\/","title":{"rendered":"Coloquio sobre el Centenario de la Constituci\u00f3n de 1916 en la Legislatura de Mendoza"},"content":{"rendered":"<!DOCTYPE html PUBLIC \"-\/\/W3C\/\/DTD HTML 4.0 Transitional\/\/EN\" \"http:\/\/www.w3.org\/TR\/REC-html40\/loose.dtd\">\n<html><body><p>Entre febrero y diciembre se realizar&aacute;n en la Legislatura Provincial distintas actividades por el Centenario de la Constituci&oacute;n de Mendoza de 1916. Habr&aacute; talleres, audiencias p&uacute;blicas, coloquios y foros que abordar&aacute;n dicha tem&aacute;tica.<\/p>\n<p>La primera actividad ser&aacute; un Coloquio de Apertura, este jueves 11 de febrero, a las 9 en el Sal&oacute;n de los Pasos Perdidos de la Legislatura Provincial. Contar&aacute; con la presencia de importantes letrados mendocinos.<\/p>\n<p>El evento estar&aacute; dividido en tres bloques de exposici&oacute;n. El primero de ellos estar&aacute; a cargo del Dr. Carlos Eg&uuml;es y Dra. A&iacute;da Kemelmajer de Carlucci&nbsp;quienes hablar&aacute;n sobre &ldquo;Contexto Hist&oacute;rico de la Constituci&oacute;n de 1916. En el segundo bloque disertar&aacute;n la Dra. Gabriela Abalos y el Dr. Ismael Farrando, sobre las &ldquo;Instituciones y Organismos de Control&rdquo;. La &uacute;ltima exposici&oacute;n estar&aacute; a cargo del Dr. Miguel Mathus Escorihuela y la Dra. Isabel Agnello&nbsp;y abarcar&aacute; la tem&aacute;tica &ldquo;Organismos descentralizados&rdquo;.<\/p>\n<p>Cabe se&ntilde;alar que los moderadores ser&aacute;n los periodistas: Luis Abrego, Viviana Garc&iacute;a Sotelo&nbsp; y Fernando Z&aacute;rraga.<\/p>\n<p>El d&iacute;a elegido para este Coloquio se debe a que el 11 de febrero se cumple un nuevo aniversario de la Constituci&oacute;n de Mendoza, que rige actualmente en nuestra Provincia.<\/p>\n<p>La vicegobernadora Laura Montero y el Presidente de la C&aacute;mara de Diputados, N&eacute;stor Par&eacute;s, proponen que a trav&eacute;s de estas iniciativas se generen sentidos de pertenencia, reconocimiento e identidad con nuestra Carta Magna y que este Centenario sea una gran oportunidad para que la poblaci&oacute;n aprecie el valor de la Constituci&oacute;n Provincial y la haga propia.<br>\n<a href=\"https:\/\/www.mendoza.gov.ar\/prensa\/wp-content\/uploads\/sites\/23\/invitaci%C3%B3n-100-a%C3%B1os-de-la-Constituci%C3%B3n.jpg\"><img loading=\"lazy\" class=\"aligncenter wp-image-47356 img-responsive center-block\" src=\"https:\/\/www.mendoza.gov.ar\/prensa\/wp-content\/uploads\/sites\/23\/invitaci%C3%B3n-100-a%C3%B1os-de-la-Constituci%C3%B3n.jpg\" alt=\"invitaci&oacute;n 100 a&ntilde;os de la Constituci&oacute;n\" width=\"650\" height=\"666\"><\/a><\/p>\n<p><strong>Celebremos los 100 a&ntilde;os de nuestra Constituci&oacute;n provincial<\/strong><\/p>\n<p>La primera Constituci&oacute;n en Mendoza fue dictada en 1854. A partir de &eacute;sta se sucedieron las reformas de 1894\/5, 1900, 1910, 1916 y la de 1948\/9 (queda sin vigencia); m&aacute;s las correspondientes enmiendas de s&oacute;lo un art&iacute;culo por a&ntilde;o, arbitradas desde 1916.<\/p>\n<p>En 1916 se realiz&oacute; una nueva reforma de la Constituci&oacute;n Provincial por Asamblea Constituyente de la cual se destac&oacute; por su modernismo jur&iacute;dico, y por haber incluido una destacada legislaci&oacute;n social entre sus art&iacute;culos.&nbsp; Fue aprobada el 11 de febrero de ese a&ntilde;o.<\/p>\n<p>En esta etapa de constituciones estrictas, se instituy&oacute; la legislatura unicameral, subsistiendo la Sala con 25 diputados. Con la primera Constituci&oacute;n se observa una C&aacute;mara legislativa que privilegiaba en su composici&oacute;n a quienes pose&iacute;an bienes y las tareas de los legisladores fueron gratuitas hasta 1918.<\/p>\n<p>Con respecto al mandato, &eacute;ste fue primeramente de dos a&ntilde;os, a partir de la reforma de 1894\/5 -incluyendo el texto de 1916- de tres, y finalmente de cuatro, siendo adem&aacute;s reelegibles.<\/p>\n<p>El Senado, establecido desde 1895, se conformaba por elecci&oacute;n directa, con un mandato que parti&oacute; de seis a&ntilde;os y disminuy&oacute; despu&eacute;s a cuatro; y con un senador por Capital y uno por cada departamento, criterio que cambi&oacute; en la de 1916, que los estableci&oacute; en proporci&oacute;n a la poblaci&oacute;n de cada una de las secciones electorales, diluyendo as&iacute; el anterior perfil institucional.<\/p>\n<p>Desde 1895 se estableci&oacute; constitucionalmente la figura del vicegobernador con la funci&oacute;n eventual de reemplazar al gobernador y con la permanente de presidir el Senado provincial.<\/p>\n<p>La <strong>Constituci&oacute;n Provincial<\/strong> de 1916 es la que actualmente est&aacute; vigente en Mendoza, si bien con algunas reformas que se le han realizado durante el siglo XX. Por influencia de la Ley S&aacute;enz Pe&ntilde;a, mantuvo el voto universal, pero acot&oacute;, adem&aacute;s, que deb&iacute;a ser secreto y obligatorio; conceptos repetidos en el texto de 1948\/9, donde se sostuvo que tambi&eacute;n era igualitario y directo.<\/p>\n<p>En 1949, se acord&oacute; la reforma constitucional que tuvo corta duraci&oacute;n, porque por el golpe de estado de 1955, el gobierno que surgi&oacute; de &eacute;l dej&oacute; sin efecto las reformas constitucionales impulsadas durante la administraci&oacute;n justicialista. As&iacute;, por decreto, el gobernador de facto Isidoro Busquets derog&oacute; la Carta de 1948\/9 y puso en vigencia la anterior de 1916, que hoy nos rige.<\/p>\n<p>Las reformas de 1965 fueron derogadas, poco despu&eacute;s, con otro m&eacute;todo. La misma Constituci&oacute;n (1916) arbitraba la posibilidad de modificar hasta un art&iacute;culo por a&ntilde;o mediante una ley provincial, con condici&oacute;n de someter la cl&aacute;usula a consideraci&oacute;n del pueblo en las siguientes elecciones de diputados.<\/p>\n<p>Desde su sanci&oacute;n, la Carta Magna tuvo modificaciones puntuales a trav&eacute;s del mecanismo de enmienda, pero no se llev&oacute; adelante reformas de fondo por intermedio de Asambleas Constituyentes.<br>\n<a href=\"https:\/\/www.mendoza.gov.ar\/prensa\/wp-content\/uploads\/sites\/23\/invitaci%C3%B3n-100-a%C3%B1os-de-la-Constituci%C3%B3n.jpg\"><br>\n<\/a><\/p>\n<\/body><\/html>\n","protected":false},"excerpt":{"rendered":"La actividad se realizar\u00e1 el jueves 11 a las 9, en el Sal\u00f3n de los Pasos Perdidos. Disertar\u00e1n importantes letrados mendocinos. La iniciativa busca poner en valor nuestra Carta Magna.","protected":false},"author":3,"featured_media":47362,"comment_status":"open","ping_status":"open","sticky":false,"template":"","format":"standard","meta":[],"categories":[1],"tags":[],"_links":{"self":[{"href":"https:\/\/www.mendoza.gov.ar\/prensa\/wp-json\/wp\/v2\/posts\/47355"}],"collection":[{"href":"https:\/\/www.mendoza.gov.ar\/prensa\/wp-json\/wp\/v2\/posts"}],"about":[{"href":"https:\/\/www.mendoza.gov.ar\/prensa\/wp-json\/wp\/v2\/types\/post"}],"author":[{"embeddable":true,"href":"https:\/\/www.mendoza.gov.ar\/prensa\/wp-json\/wp\/v2\/users\/3"}],"replies":[{"embeddable":true,"href":"https:\/\/www.mendoza.gov.ar\/prensa\/wp-json\/wp\/v2\/comments?post=47355"}],"version-history":[{"count":0,"href":"https:\/\/www.mendoza.gov.ar\/prensa\/wp-json\/wp\/v2\/posts\/47355\/revisions"}],"wp:featuredmedia":[{"embeddable":true,"href":"https:\/\/www.mendoza.gov.ar\/prensa\/wp-json\/wp\/v2\/media\/47362"}],"wp:attachment":[{"href":"https:\/\/www.mendoza.gov.ar\/prensa\/wp-json\/wp\/v2\/media?parent=47355"}],"wp:term":[{"taxonomy":"category","embeddable":true,"href":"https:\/\/www.mendoza.gov.ar\/prensa\/wp-json\/wp\/v2\/categories?post=47355"},{"taxonomy":"post_tag","embeddable":true,"href":"https:\/\/www.mendoza.gov.ar\/prensa\/wp-json\/wp\/v2\/tags?post=47355"}],"curies":[{"name":"wp","href":"https:\/\/api.w.org\/{rel}","templated":true}]}}