{"id":473690,"date":"2025-05-13T09:00:41","date_gmt":"2025-05-13T12:00:41","guid":{"rendered":"https:\/\/www.mendoza.gov.ar\/prensa\/?p=473690"},"modified":"2025-05-13T09:21:37","modified_gmt":"2025-05-13T12:21:37","slug":"pinty-saba-pone-en-escena-un-homenaje-a-100-anos-de-diseno-moda-y-revolucion","status":"publish","type":"post","link":"https:\/\/www.mendoza.gov.ar\/prensa\/pinty-saba-pone-en-escena-un-homenaje-a-100-anos-de-diseno-moda-y-revolucion\/","title":{"rendered":"Pinty Saba pone en escena un homenaje a 100 a\u00f1os de dise\u00f1o, moda y revoluci\u00f3n"},"content":{"rendered":"<!DOCTYPE html PUBLIC \"-\/\/W3C\/\/DTD HTML 4.0 Transitional\/\/EN\" \"http:\/\/www.w3.org\/TR\/REC-html40\/loose.dtd\">\n<html><body><h5>El viernes 16, a las 21, en el Teatro Independencia se presentar&aacute; <em>Seg&uacute;n pasan los a&ntilde;os, <\/em>un espect&aacute;culo perform&aacute;tico dirigido por la reconocida artista Pinty Saba y producido junto al Teatro Las Sillas.<\/h5>\n\n\n\n<p>Inspirado en la c&eacute;lebre canci&oacute;n de&nbsp;<em>Casablanca<\/em>, el show combina cine,  teatro, danza, m&uacute;sica y dise&ntilde;o de vestuario en una propuesta multidisciplinaria y po&eacute;tica. Con base en su obra anterior<em>, El Desfile<\/em>, Saba propone una puesta original donde el vestuario se convierte en protagonista y medio de reflexi&oacute;n sobre los cambios sociales a lo largo del tiempo.<\/p>\n\n\n\n<p>La funci&oacute;n cuenta con la participaci&oacute;n de nueve <em>performers <\/em>y artistas mendocinos de distintas disciplinas, en un despliegue esc&eacute;nico que incluye m&uacute;sica, luces, proyecciones y piezas ic&oacute;nicas del dise&ntilde;o, ofreciendo una experiencia visual y emocional &uacute;nica.<\/p>\n\n\n\n<p>Pinty Saba toma como punto de partida su &uacute;ltima producci&oacute;n en este formato <em>El Desfile, <\/em>para reversionarla y darle vida a una puesta original que busca sorprender por su despliegue esc&eacute;nico no convencional, en el que las y los espectadores se relacionan con lo que sucede desde un lugar po&eacute;tico y de profunda reflexi&oacute;n.<\/p>\n\n\n\n<p><em>Seg&uacute;n pasan los a&ntilde;os<\/em> recorre la obra de grandes dise&ntilde;adores y va trazando el cambio social que sus propuestas provocaron. El espect&aacute;culo, donde el s&eacute;ptimo arte tambi&eacute;n es fuente de inspiraci&oacute;n, tiene como protagonista el vestuario, aquello con lo que cubrimos nuestros cuerpos. Algo que puede parecer superficial y hasta comercial, pero que sin embargo, a trav&eacute;s de cada escena y de cada dise&ntilde;ador, se va revelando un mensaje provocador y transformador.<\/p>\n\n\n\n<p>Esta puesta en escena re&uacute;ne artistas de diferentes rubros como actores, vestuaristas, bailarines, core&oacute;grafos, cineastas, t&eacute;cnicos y escen&oacute;grafos, para crear una obra que durante una hora y media permitir&aacute; a los espectadores viajar a lo largo de los a&ntilde;os y sorprenderse con descubrir algo que estaba oculto, quiz&aacute;s debajo de las telas.<\/p>\n\n\n\n<p>La propuesta invita a descubrir la relaci&oacute;n estrecha entre los dise&ntilde;adores y la gente, entre ellos y el cine, entre ellos y las estrellas de la m&uacute;sica, entre ellos y las ideolog&iacute;as, entre ellos extranjeros y nosotros argentinos.<\/p>\n\n\n\n<p>Las entradas anticipadas pueden adquirirse en<a rel=\"noreferrer noopener\" href=\"https:\/\/www.entradaweb.com.ar\/evento\/87cd0714\/step\/1\" target=\"_blank\">www.entradaweb.com.ar<\/a>&nbsp;o en la &nbsp;boleter&iacute;a del Teatro Independencia, Chile y Espejo, Ciudad de Mendoza.<\/p>\n\n\n\n<p><strong>Ficha t&eacute;cnica y art&iacute;stica<\/strong><\/p>\n\n\n\n<p>Idea y direcci&oacute;n general: Pinty Saba<\/p>\n\n\n\n<p>Elenco: <em>performers<\/em>: Emiliana L&oacute;pez Dupertuis, Aldana Postizzi, Mat&iacute;as Montiel, Delfina Mascaro, Nicol&aacute;s G&oacute;mez, Josefina Canillas, David Laguna y Santi Petit.<\/p>\n\n\n\n<p>Realizaci&oacute;n y operaci&oacute;n de videos: Munir Ots y Pablo Tello.<\/p>\n\n\n\n<p>Iluminaci&oacute;n y sonido: Gerardo Burk, Romina Moyano y Felipe Curadelli.<\/p>\n\n\n\n<p>Utiler&iacute;a: Emir Vanela y Alejo Lepes.<\/p>\n\n\n\n<p>Coreograf&iacute;as: Rub&eacute;n Villegas y Carlos Chac&oacute;n.<\/p>\n\n\n\n<p>Vestuarios: Victoria Fornoni.<\/p>\n\n\n\n<p>Producci&oacute;n: Gabriel Ortuvia y Fernando Cossano.<\/p>\n\n\n\n<p><strong>Pinty Saba<\/strong><\/p>\n\n\n\n<p>Es actriz, directora, gestora cultural y formadora de teatro, cine y TV. Desde hace 38 a&ntilde;os dirige el Teatro Las Sillas y, a su vez, es una de las fundadoras de Espacio Ficcional, un proyecto dedicado a la formaci&oacute;n de actores y actrices que deseen fortalecer sus aptitudes en el &aacute;mbito teatral y audiovisual.<\/p>\n\n\n\n<p>Como actriz ha participado en m&aacute;s de 100 obras y producciones desarrollando distintos roles. En su faceta de educadora y docente, dicta cursos de actuaci&oacute;n para adultos y ni&ntilde;os, orientados a actuaci&oacute;n frente a c&aacute;mara.<\/p>\n\n\n\n<p>Fue responsable de la c&aacute;tedra de Actuaci&oacute;n II de la Escuela de Teatro de la Universidad Nacional de Cuyo, profesora titular de las c&aacute;tedras de Direcci&oacute;n de Actores I y II de la Escuela de Cine y Video de Mendoza (1989-2012). En 2019 particip&oacute; en la fundaci&oacute;n de la escuela de actuaci&oacute;n Espacio Ficcional, destinada a la formaci&oacute;n de actores.<\/p>\n\n\n\n<p>A lo largo de su carrera trabaj&oacute; con numerosos referentes del &aacute;mbito provincial, nacional e internacional, en escenarios del pa&iacute;s, Chile, Espa&ntilde;a e Italia.<\/p>\n\n\n\n<figure class=\"wp-block-gallery columns-3\"><ul class=\"blocks-gallery-grid\"><li class=\"blocks-gallery-item\"><figure><a href=\"https:\/\/www.mendoza.gov.ar\/wp-content\/uploads\/sites\/5\/2025\/05\/segun-pasan-los-anos-obra-teatro-dirigida-pinty-saba-3jpg.webp_-700x472.jpg\"><img loading=\"lazy\" width=\"700\" height=\"472\" src=\"https:\/\/www.mendoza.gov.ar\/wp-content\/uploads\/sites\/5\/2025\/05\/segun-pasan-los-anos-obra-teatro-dirigida-pinty-saba-3jpg.webp_-700x472.jpg\" alt=\"\" data-id=\"473691\" data-link=\"https:\/\/www.mendoza.gov.ar\/prensa\/?attachment_id=473691\" class=\"wp-image-473691 img-responsive center-block\" srcset=\"https:\/\/www.mendoza.gov.ar\/wp-content\/uploads\/sites\/5\/2025\/05\/segun-pasan-los-anos-obra-teatro-dirigida-pinty-saba-3jpg.webp_-700x472.jpg 700w, https:\/\/www.mendoza.gov.ar\/wp-content\/uploads\/sites\/5\/2025\/05\/segun-pasan-los-anos-obra-teatro-dirigida-pinty-saba-3jpg.webp_-250x169.jpg 250w, https:\/\/www.mendoza.gov.ar\/wp-content\/uploads\/sites\/5\/2025\/05\/segun-pasan-los-anos-obra-teatro-dirigida-pinty-saba-3jpg.webp_-768x518.jpg 768w, https:\/\/www.mendoza.gov.ar\/wp-content\/uploads\/sites\/5\/2025\/05\/segun-pasan-los-anos-obra-teatro-dirigida-pinty-saba-3jpg.webp_-1536x1036.jpg 1536w, https:\/\/www.mendoza.gov.ar\/wp-content\/uploads\/sites\/5\/2025\/05\/segun-pasan-los-anos-obra-teatro-dirigida-pinty-saba-3jpg.webp_-2048x1382.jpg 2048w, https:\/\/www.mendoza.gov.ar\/wp-content\/uploads\/sites\/5\/2025\/05\/segun-pasan-los-anos-obra-teatro-dirigida-pinty-saba-3jpg.webp_-120x81.jpg 120w\" sizes=\"(max-width: 700px) 100vw, 700px\"><\/a><\/figure><\/li><li class=\"blocks-gallery-item\"><figure><a href=\"https:\/\/www.mendoza.gov.ar\/wp-content\/uploads\/sites\/5\/2025\/05\/segun-pasan-los-anos-obra-teatro-dirigida-pinty-saba-4jpg.webp_-700x486.jpg\"><img loading=\"lazy\" width=\"700\" height=\"486\" src=\"https:\/\/www.mendoza.gov.ar\/wp-content\/uploads\/sites\/5\/2025\/05\/segun-pasan-los-anos-obra-teatro-dirigida-pinty-saba-4jpg.webp_-700x486.jpg\" alt=\"\" data-id=\"473692\" data-link=\"https:\/\/www.mendoza.gov.ar\/prensa\/?attachment_id=473692\" class=\"wp-image-473692 img-responsive center-block\" srcset=\"https:\/\/www.mendoza.gov.ar\/wp-content\/uploads\/sites\/5\/2025\/05\/segun-pasan-los-anos-obra-teatro-dirigida-pinty-saba-4jpg.webp_-700x486.jpg 700w, https:\/\/www.mendoza.gov.ar\/wp-content\/uploads\/sites\/5\/2025\/05\/segun-pasan-los-anos-obra-teatro-dirigida-pinty-saba-4jpg.webp_-250x174.jpg 250w, https:\/\/www.mendoza.gov.ar\/wp-content\/uploads\/sites\/5\/2025\/05\/segun-pasan-los-anos-obra-teatro-dirigida-pinty-saba-4jpg.webp_-768x533.jpg 768w, https:\/\/www.mendoza.gov.ar\/wp-content\/uploads\/sites\/5\/2025\/05\/segun-pasan-los-anos-obra-teatro-dirigida-pinty-saba-4jpg.webp_-1536x1067.jpg 1536w, https:\/\/www.mendoza.gov.ar\/wp-content\/uploads\/sites\/5\/2025\/05\/segun-pasan-los-anos-obra-teatro-dirigida-pinty-saba-4jpg.webp_-120x83.jpg 120w, https:\/\/www.mendoza.gov.ar\/wp-content\/uploads\/sites\/5\/2025\/05\/segun-pasan-los-anos-obra-teatro-dirigida-pinty-saba-4jpg.webp_.jpg 1978w\" sizes=\"(max-width: 700px) 100vw, 700px\"><\/a><\/figure><\/li><li class=\"blocks-gallery-item\"><figure><a href=\"https:\/\/www.mendoza.gov.ar\/wp-content\/uploads\/sites\/5\/2025\/05\/pinti-saba.jpg\"><img loading=\"lazy\" width=\"700\" height=\"505\" src=\"https:\/\/www.mendoza.gov.ar\/wp-content\/uploads\/sites\/5\/2025\/05\/pinti-saba-700x505.jpg\" alt=\"\" data-id=\"473694\" data-full-url=\"https:\/\/www.mendoza.gov.ar\/wp-content\/uploads\/sites\/5\/2025\/05\/pinti-saba.jpg\" data-link=\"https:\/\/www.mendoza.gov.ar\/prensa\/?attachment_id=473694\" class=\"wp-image-473694 img-responsive center-block\" srcset=\"https:\/\/www.mendoza.gov.ar\/wp-content\/uploads\/sites\/5\/2025\/05\/pinti-saba-700x505.jpg 700w, https:\/\/www.mendoza.gov.ar\/wp-content\/uploads\/sites\/5\/2025\/05\/pinti-saba-250x180.jpg 250w, https:\/\/www.mendoza.gov.ar\/wp-content\/uploads\/sites\/5\/2025\/05\/pinti-saba-768x554.jpg 768w, https:\/\/www.mendoza.gov.ar\/wp-content\/uploads\/sites\/5\/2025\/05\/pinti-saba-120x87.jpg 120w, https:\/\/www.mendoza.gov.ar\/wp-content\/uploads\/sites\/5\/2025\/05\/pinti-saba.jpg 869w\" sizes=\"(max-width: 700px) 100vw, 700px\"><\/a><\/figure><\/li><li class=\"blocks-gallery-item\"><figure><a href=\"https:\/\/www.mendoza.gov.ar\/wp-content\/uploads\/sites\/5\/2025\/05\/tango.jpg\"><img loading=\"lazy\" width=\"700\" height=\"396\" src=\"https:\/\/www.mendoza.gov.ar\/wp-content\/uploads\/sites\/5\/2025\/05\/tango-700x396.jpg\" alt=\"\" data-id=\"473695\" data-full-url=\"https:\/\/www.mendoza.gov.ar\/wp-content\/uploads\/sites\/5\/2025\/05\/tango.jpg\" data-link=\"https:\/\/www.mendoza.gov.ar\/prensa\/?attachment_id=473695\" class=\"wp-image-473695 img-responsive center-block\" srcset=\"https:\/\/www.mendoza.gov.ar\/wp-content\/uploads\/sites\/5\/2025\/05\/tango-700x396.jpg 700w, https:\/\/www.mendoza.gov.ar\/wp-content\/uploads\/sites\/5\/2025\/05\/tango-250x141.jpg 250w, https:\/\/www.mendoza.gov.ar\/wp-content\/uploads\/sites\/5\/2025\/05\/tango-768x434.jpg 768w, https:\/\/www.mendoza.gov.ar\/wp-content\/uploads\/sites\/5\/2025\/05\/tango-120x68.jpg 120w, https:\/\/www.mendoza.gov.ar\/wp-content\/uploads\/sites\/5\/2025\/05\/tango.jpg 1143w\" sizes=\"(max-width: 700px) 100vw, 700px\"><\/a><\/figure><\/li><\/ul><\/figure>\n<\/body><\/html>\n","protected":false},"excerpt":{"rendered":"El viernes 16, a las 21, en el Teatro Independencia se presentar&aacute; Seg&uacute;n pasan los a&ntilde;os, un espect&aacute;culo perform&aacute;tico dirigido por la reconocida artista Pinty Saba y producido junto al Teatro Las Sillas. Inspirado en la c&eacute;lebre canci&oacute;n de&nbsp;Casablanca, el show combina cine, teatro, danza, m&uacute;sica y dise&ntilde;o de vestuario en una propuesta multidisciplinaria y&#8230; <a class=\"view-article\" href=\"https:\/\/www.mendoza.gov.ar\/prensa\/pinty-saba-pone-en-escena-un-homenaje-a-100-anos-de-diseno-moda-y-revolucion\/\"><\/a>","protected":false},"author":61,"featured_media":473695,"comment_status":"open","ping_status":"open","sticky":false,"template":"","format":"standard","meta":[],"categories":[8,12],"tags":[],"_links":{"self":[{"href":"https:\/\/www.mendoza.gov.ar\/prensa\/wp-json\/wp\/v2\/posts\/473690"}],"collection":[{"href":"https:\/\/www.mendoza.gov.ar\/prensa\/wp-json\/wp\/v2\/posts"}],"about":[{"href":"https:\/\/www.mendoza.gov.ar\/prensa\/wp-json\/wp\/v2\/types\/post"}],"author":[{"embeddable":true,"href":"https:\/\/www.mendoza.gov.ar\/prensa\/wp-json\/wp\/v2\/users\/61"}],"replies":[{"embeddable":true,"href":"https:\/\/www.mendoza.gov.ar\/prensa\/wp-json\/wp\/v2\/comments?post=473690"}],"version-history":[{"count":5,"href":"https:\/\/www.mendoza.gov.ar\/prensa\/wp-json\/wp\/v2\/posts\/473690\/revisions"}],"predecessor-version":[{"id":473701,"href":"https:\/\/www.mendoza.gov.ar\/prensa\/wp-json\/wp\/v2\/posts\/473690\/revisions\/473701"}],"wp:featuredmedia":[{"embeddable":true,"href":"https:\/\/www.mendoza.gov.ar\/prensa\/wp-json\/wp\/v2\/media\/473695"}],"wp:attachment":[{"href":"https:\/\/www.mendoza.gov.ar\/prensa\/wp-json\/wp\/v2\/media?parent=473690"}],"wp:term":[{"taxonomy":"category","embeddable":true,"href":"https:\/\/www.mendoza.gov.ar\/prensa\/wp-json\/wp\/v2\/categories?post=473690"},{"taxonomy":"post_tag","embeddable":true,"href":"https:\/\/www.mendoza.gov.ar\/prensa\/wp-json\/wp\/v2\/tags?post=473690"}],"curies":[{"name":"wp","href":"https:\/\/api.w.org\/{rel}","templated":true}]}}