{"id":473862,"date":"2025-05-13T17:07:29","date_gmt":"2025-05-13T20:07:29","guid":{"rendered":"https:\/\/www.mendoza.gov.ar\/prensa\/?p=473862"},"modified":"2025-05-14T07:37:47","modified_gmt":"2025-05-14T10:37:47","slug":"en-maniobras-preventivas-la-policia-de-mendoza-recupero-cinco-vehiculos-robados","status":"publish","type":"post","link":"https:\/\/www.mendoza.gov.ar\/prensa\/en-maniobras-preventivas-la-policia-de-mendoza-recupero-cinco-vehiculos-robados\/","title":{"rendered":"En maniobras preventivas, la Polic\u00eda de Mendoza recuper\u00f3 cinco veh\u00edculos robados"},"content":{"rendered":"<!DOCTYPE html PUBLIC \"-\/\/W3C\/\/DTD HTML 4.0 Transitional\/\/EN\" \"http:\/\/www.w3.org\/TR\/REC-html40\/loose.dtd\">\n<html><body><h5>La Unidad de Acci&oacute;n Preventiva (UAP) tambi&eacute;n detuvo a cuatro personas y secuestr&oacute; un arma y droga.<\/h5>\n\n\n\n<p>En el Gran Mendoza, la Polic&iacute;a detuvo a cuatro personas, secuestr&oacute; un arma de fuego y recuper&oacute; cinco veh&iacute;culos robados, en el marco de patrullajes preventivos. Las acciones fueron ejecutadas por la Unidad de Acci&oacute;n Preventiva (UAP) en Guaymall&eacute;n, Las Heras, Maip&uacute; y Godoy Cruz.<\/p>\n\n\n\n<p>En Guaymall&eacute;n, en la intersecci&oacute;n de las calles Colombia y Capilla de Nieve, fue hallada una motocicleta Bajaj Boxer 150 cc blanca sin dominio colocado. El rodado estaba cubierto con un tabl&oacute;n y una manta. Al verificar el motor, se comprob&oacute; que ten&iacute;a pedido de secuestro desde mayo por averiguaci&oacute;n de hurto agravado.<\/p>\n\n\n\n<p>En el mismo departamento, en la calle Arist&oacute;bulo del Valle, dos hombres fueron observados por efectivos de la UAP, y, al notar la presencia policial, aceleraron el paso. Uno de ellos huy&oacute; corriendo y fue alcanzado en la intersecci&oacute;n de las calles Soler y Pedro Molina. Tras un rastrillaje, se hall&oacute; un rev&oacute;lver calibre 22, color negro, con empu&ntilde;adura envuelta en cinta adhesiva. El detenido, de 32 a&ntilde;os, fue trasladado a la Comisar&iacute;a 25.<\/p>\n\n\n\n<p>En Las Heras, en la intersecci&oacute;n de las calles Las Rosas y Bolivia, el personal de la UAP persigui&oacute; a dos hombres que iban a bordo de una motocicleta Royal Enfield negra, quienes intentaron huir. Al ingresar a un descampado, perdieron el control, cayeron y lograron escapar. El rodado presentaba un pedido de secuestro por robo simple. Adem&aacute;s, se hall&oacute; un casco azul, utilizado por uno de los fugados.<\/p>\n\n\n\n<p>En Godoy Cruz, en la calle Agust&iacute;n &Aacute;lvarez y Ruta 50, efectivos de la UAP interceptaron a un menor de 17 a&ntilde;os que conduc&iacute;a una motocicleta Motomel 250 cc negra. Los n&uacute;meros del motor no coincid&iacute;an con la tarjeta vehicular presentada y ten&iacute;an un grabado artesanal. Por disposici&oacute;n del fiscal en turno, el rodado fue secuestrado y se dio intervenci&oacute;n a la jurisdicci&oacute;n correspondiente.<\/p>\n\n\n\n<p>En calle Pellegrini y San Miguel, en Las Heras, una patrulla fue desplazada para verificar un autom&oacute;vil Chevrolet Corsa blanco en aparente estado de abandono. El veh&iacute;culo no ten&iacute;a dominio y los cristales estaban sin grabado de patente, salvo el trasero derecho, donde se hallaron los &uacute;ltimos n&uacute;meros del chasis. Se confirm&oacute; que ten&iacute;a un pedido de secuestro por hurto agravado desde abril.<\/p>\n\n\n\n<p>Finalmente, durante patrullajes en el barrio Tres Estrellas, en Godoy Cruz, una motocicleta negra con dos hombres fue interceptada en la intersecci&oacute;n de las calles Rawson y Acceso Sur. Tras intentar huir, ambos fueron reducidos y, al registrar sus prendas, se hall&oacute; un envoltorio de coca&iacute;na. Los aprehendidos, de 19 a&ntilde;os, fueron trasladados a la Comisar&iacute;a 52.<\/p>\n\n\n\n<figure class=\"wp-block-gallery columns-3\"><ul class=\"blocks-gallery-grid\"><li class=\"blocks-gallery-item\"><figure><a href=\"https:\/\/www.mendoza.gov.ar\/wp-content\/uploads\/sites\/5\/2025\/05\/a05b8f03-72e1-410f-b180-a24bd2027e5c.jpg\"><img loading=\"lazy\" width=\"700\" height=\"315\" src=\"https:\/\/www.mendoza.gov.ar\/wp-content\/uploads\/sites\/5\/2025\/05\/a05b8f03-72e1-410f-b180-a24bd2027e5c-700x315.jpg\" alt=\"\" data-id=\"473863\" data-full-url=\"https:\/\/www.mendoza.gov.ar\/wp-content\/uploads\/sites\/5\/2025\/05\/a05b8f03-72e1-410f-b180-a24bd2027e5c.jpg\" data-link=\"https:\/\/www.mendoza.gov.ar\/prensa\/?attachment_id=473863\" class=\"wp-image-473863 img-responsive center-block\" srcset=\"https:\/\/www.mendoza.gov.ar\/wp-content\/uploads\/sites\/5\/2025\/05\/a05b8f03-72e1-410f-b180-a24bd2027e5c-700x315.jpg 700w, https:\/\/www.mendoza.gov.ar\/wp-content\/uploads\/sites\/5\/2025\/05\/a05b8f03-72e1-410f-b180-a24bd2027e5c-250x113.jpg 250w, https:\/\/www.mendoza.gov.ar\/wp-content\/uploads\/sites\/5\/2025\/05\/a05b8f03-72e1-410f-b180-a24bd2027e5c-768x346.jpg 768w, https:\/\/www.mendoza.gov.ar\/wp-content\/uploads\/sites\/5\/2025\/05\/a05b8f03-72e1-410f-b180-a24bd2027e5c-120x54.jpg 120w, https:\/\/www.mendoza.gov.ar\/wp-content\/uploads\/sites\/5\/2025\/05\/a05b8f03-72e1-410f-b180-a24bd2027e5c.jpg 1280w\" sizes=\"(max-width: 700px) 100vw, 700px\"><\/a><\/figure><\/li><li class=\"blocks-gallery-item\"><figure><a href=\"https:\/\/www.mendoza.gov.ar\/wp-content\/uploads\/sites\/5\/2025\/05\/PORTADA-14-1-1.jpg\"><img src=\"https:\/\/www.mendoza.gov.ar\/wp-content\/uploads\/sites\/5\/2025\/05\/PORTADA-14-1-1-700x494.jpg\" alt=\"\" data-id=\"473864\" data-full-url=\"https:\/\/www.mendoza.gov.ar\/wp-content\/uploads\/sites\/5\/2025\/05\/PORTADA-14-1-1.jpg\" data-link=\"https:\/\/www.mendoza.gov.ar\/prensa\/?attachment_id=473864\" class=\"wp-image-473864 img-responsive center-block\"><\/a><\/figure><\/li><li class=\"blocks-gallery-item\"><figure><a href=\"https:\/\/www.mendoza.gov.ar\/wp-content\/uploads\/sites\/5\/2025\/05\/e63a3f48-e2d1-4ab9-a375-d8e5fc87a9d0.jpg\"><img loading=\"lazy\" width=\"700\" height=\"525\" src=\"https:\/\/www.mendoza.gov.ar\/wp-content\/uploads\/sites\/5\/2025\/05\/e63a3f48-e2d1-4ab9-a375-d8e5fc87a9d0-700x525.jpg\" alt=\"\" data-id=\"473865\" data-full-url=\"https:\/\/www.mendoza.gov.ar\/wp-content\/uploads\/sites\/5\/2025\/05\/e63a3f48-e2d1-4ab9-a375-d8e5fc87a9d0.jpg\" data-link=\"https:\/\/www.mendoza.gov.ar\/prensa\/?attachment_id=473865\" class=\"wp-image-473865 img-responsive center-block\" srcset=\"https:\/\/www.mendoza.gov.ar\/wp-content\/uploads\/sites\/5\/2025\/05\/e63a3f48-e2d1-4ab9-a375-d8e5fc87a9d0-700x525.jpg 700w, https:\/\/www.mendoza.gov.ar\/wp-content\/uploads\/sites\/5\/2025\/05\/e63a3f48-e2d1-4ab9-a375-d8e5fc87a9d0-250x188.jpg 250w, https:\/\/www.mendoza.gov.ar\/wp-content\/uploads\/sites\/5\/2025\/05\/e63a3f48-e2d1-4ab9-a375-d8e5fc87a9d0-768x576.jpg 768w, https:\/\/www.mendoza.gov.ar\/wp-content\/uploads\/sites\/5\/2025\/05\/e63a3f48-e2d1-4ab9-a375-d8e5fc87a9d0-1536x1152.jpg 1536w, https:\/\/www.mendoza.gov.ar\/wp-content\/uploads\/sites\/5\/2025\/05\/e63a3f48-e2d1-4ab9-a375-d8e5fc87a9d0-2048x1536.jpg 2048w, https:\/\/www.mendoza.gov.ar\/wp-content\/uploads\/sites\/5\/2025\/05\/e63a3f48-e2d1-4ab9-a375-d8e5fc87a9d0-120x90.jpg 120w\" sizes=\"(max-width: 700px) 100vw, 700px\"><\/a><\/figure><\/li><li class=\"blocks-gallery-item\"><figure><a href=\"https:\/\/www.mendoza.gov.ar\/wp-content\/uploads\/sites\/5\/2025\/05\/06f25a6d-b825-4539-bcd6-26d8213d8d90.jpg\"><img loading=\"lazy\" width=\"700\" height=\"394\" src=\"https:\/\/www.mendoza.gov.ar\/wp-content\/uploads\/sites\/5\/2025\/05\/06f25a6d-b825-4539-bcd6-26d8213d8d90-700x394.jpg\" alt=\"\" data-id=\"473866\" data-full-url=\"https:\/\/www.mendoza.gov.ar\/wp-content\/uploads\/sites\/5\/2025\/05\/06f25a6d-b825-4539-bcd6-26d8213d8d90.jpg\" data-link=\"https:\/\/www.mendoza.gov.ar\/prensa\/?attachment_id=473866\" class=\"wp-image-473866 img-responsive center-block\" srcset=\"https:\/\/www.mendoza.gov.ar\/wp-content\/uploads\/sites\/5\/2025\/05\/06f25a6d-b825-4539-bcd6-26d8213d8d90-700x394.jpg 700w, https:\/\/www.mendoza.gov.ar\/wp-content\/uploads\/sites\/5\/2025\/05\/06f25a6d-b825-4539-bcd6-26d8213d8d90-250x141.jpg 250w, https:\/\/www.mendoza.gov.ar\/wp-content\/uploads\/sites\/5\/2025\/05\/06f25a6d-b825-4539-bcd6-26d8213d8d90-768x432.jpg 768w, https:\/\/www.mendoza.gov.ar\/wp-content\/uploads\/sites\/5\/2025\/05\/06f25a6d-b825-4539-bcd6-26d8213d8d90-120x68.jpg 120w, https:\/\/www.mendoza.gov.ar\/wp-content\/uploads\/sites\/5\/2025\/05\/06f25a6d-b825-4539-bcd6-26d8213d8d90.jpg 1280w\" sizes=\"(max-width: 700px) 100vw, 700px\"><\/a><\/figure><\/li><li class=\"blocks-gallery-item\"><figure><a href=\"https:\/\/www.mendoza.gov.ar\/wp-content\/uploads\/sites\/5\/2025\/05\/3a7a6879-cd8c-446c-be26-c7e3d3ff238e.jpg\"><img loading=\"lazy\" width=\"700\" height=\"527\" src=\"https:\/\/www.mendoza.gov.ar\/wp-content\/uploads\/sites\/5\/2025\/05\/3a7a6879-cd8c-446c-be26-c7e3d3ff238e-700x527.jpg\" alt=\"\" data-id=\"473867\" data-full-url=\"https:\/\/www.mendoza.gov.ar\/wp-content\/uploads\/sites\/5\/2025\/05\/3a7a6879-cd8c-446c-be26-c7e3d3ff238e.jpg\" data-link=\"https:\/\/www.mendoza.gov.ar\/prensa\/?attachment_id=473867\" class=\"wp-image-473867 img-responsive center-block\" srcset=\"https:\/\/www.mendoza.gov.ar\/wp-content\/uploads\/sites\/5\/2025\/05\/3a7a6879-cd8c-446c-be26-c7e3d3ff238e-700x527.jpg 700w, https:\/\/www.mendoza.gov.ar\/wp-content\/uploads\/sites\/5\/2025\/05\/3a7a6879-cd8c-446c-be26-c7e3d3ff238e-250x188.jpg 250w, https:\/\/www.mendoza.gov.ar\/wp-content\/uploads\/sites\/5\/2025\/05\/3a7a6879-cd8c-446c-be26-c7e3d3ff238e-768x578.jpg 768w, https:\/\/www.mendoza.gov.ar\/wp-content\/uploads\/sites\/5\/2025\/05\/3a7a6879-cd8c-446c-be26-c7e3d3ff238e-120x90.jpg 120w, https:\/\/www.mendoza.gov.ar\/wp-content\/uploads\/sites\/5\/2025\/05\/3a7a6879-cd8c-446c-be26-c7e3d3ff238e.jpg 1280w\" sizes=\"(max-width: 700px) 100vw, 700px\"><\/a><\/figure><\/li><\/ul><\/figure>\n<\/body><\/html>\n","protected":false},"excerpt":{"rendered":"La Unidad de Acci&oacute;n Preventiva (UAP) tambi&eacute;n detuvo a cuatro personas y secuestr&oacute; un arma y droga. En el Gran Mendoza, la Polic&iacute;a detuvo a cuatro personas, secuestr&oacute; un arma de fuego y recuper&oacute; cinco veh&iacute;culos robados, en el marco de patrullajes preventivos. Las acciones fueron ejecutadas por la Unidad de Acci&oacute;n Preventiva (UAP) en&#8230; <a class=\"view-article\" href=\"https:\/\/www.mendoza.gov.ar\/prensa\/en-maniobras-preventivas-la-policia-de-mendoza-recupero-cinco-vehiculos-robados\/\"><\/a>","protected":false},"author":63,"featured_media":473864,"comment_status":"open","ping_status":"open","sticky":false,"template":"","format":"standard","meta":[],"categories":[3036,33],"tags":[],"_links":{"self":[{"href":"https:\/\/www.mendoza.gov.ar\/prensa\/wp-json\/wp\/v2\/posts\/473862"}],"collection":[{"href":"https:\/\/www.mendoza.gov.ar\/prensa\/wp-json\/wp\/v2\/posts"}],"about":[{"href":"https:\/\/www.mendoza.gov.ar\/prensa\/wp-json\/wp\/v2\/types\/post"}],"author":[{"embeddable":true,"href":"https:\/\/www.mendoza.gov.ar\/prensa\/wp-json\/wp\/v2\/users\/63"}],"replies":[{"embeddable":true,"href":"https:\/\/www.mendoza.gov.ar\/prensa\/wp-json\/wp\/v2\/comments?post=473862"}],"version-history":[{"count":8,"href":"https:\/\/www.mendoza.gov.ar\/prensa\/wp-json\/wp\/v2\/posts\/473862\/revisions"}],"predecessor-version":[{"id":473902,"href":"https:\/\/www.mendoza.gov.ar\/prensa\/wp-json\/wp\/v2\/posts\/473862\/revisions\/473902"}],"wp:featuredmedia":[{"embeddable":true,"href":"https:\/\/www.mendoza.gov.ar\/prensa\/wp-json\/wp\/v2\/media\/473864"}],"wp:attachment":[{"href":"https:\/\/www.mendoza.gov.ar\/prensa\/wp-json\/wp\/v2\/media?parent=473862"}],"wp:term":[{"taxonomy":"category","embeddable":true,"href":"https:\/\/www.mendoza.gov.ar\/prensa\/wp-json\/wp\/v2\/categories?post=473862"},{"taxonomy":"post_tag","embeddable":true,"href":"https:\/\/www.mendoza.gov.ar\/prensa\/wp-json\/wp\/v2\/tags?post=473862"}],"curies":[{"name":"wp","href":"https:\/\/api.w.org\/{rel}","templated":true}]}}