{"id":473903,"date":"2025-05-14T08:10:46","date_gmt":"2025-05-14T11:10:46","guid":{"rendered":"https:\/\/www.mendoza.gov.ar\/prensa\/?p=473903"},"modified":"2025-05-14T09:23:55","modified_gmt":"2025-05-14T12:23:55","slug":"espacios-mas-seguros-rus-y-calvente-recorrieron-una-base-del-programa-que-fortalece-la-prevencion-en-guaymallen","status":"publish","type":"post","link":"https:\/\/www.mendoza.gov.ar\/prensa\/espacios-mas-seguros-rus-y-calvente-recorrieron-una-base-del-programa-que-fortalece-la-prevencion-en-guaymallen\/","title":{"rendered":"Espacios M\u00e1s Seguros: Rus y Calvente recorrieron una base del programa que fortalece la prevenci\u00f3n en Guaymall\u00e9n"},"content":{"rendered":"<!DOCTYPE html PUBLIC \"-\/\/W3C\/\/DTD HTML 4.0 Transitional\/\/EN\" \"http:\/\/www.w3.org\/TR\/REC-html40\/loose.dtd\">\n<html><body><h5>Se trata del programa cuyos resultados fueron presentados en el Espacio Arizu el 19 de marzo, en conjunto con Las Heras. La iniciativa combina prevenci&oacute;n y abordajes situacional, ambiental y social en microzonas espec&iacute;ficas, mediante la articulaci&oacute;n entre el Gobierno, los municipios y las fuerzas policiales.<\/h5>\n\n\n\n<p>La ministra de Seguridad y Justicia, Mercedes Rus, junto al intendente de Guaymall&eacute;n, Marcos Calvente, recorri&oacute; dos de las bases del programa Espacios M&aacute;s Seguros. Acompa&ntilde;ados por el secretario de Gobierno  municipal, Ignacio Conte; el subdirector de Servicios Comunitarios y Seguridad Vial, Gonzalo Ag&uuml;ero y por el referente del Observatorio de Seguridad Ciudadana, Javier &Aacute;vila, supervisaron los avances de esta estrategia preventiva que logr&oacute; reducir las situaciones reportadas al sistema de emergentolog&iacute;a.<\/p>\n\n\n\n<p>El programa, presentado oficialmente el 9 de marzo en el Espacio Arizu en conjunto con Las Heras, comenz&oacute; como una prueba piloto en 2024 y hoy, se encuentra en plena segunda etapa con impacto real en los barrios. Se trata de un abordaje microterritorial que combina an&aacute;lisis de llamadas al 911, recorridas sistem&aacute;ticas de preventores, mejoras urbanas y presencia policial estrat&eacute;gica.<\/p>\n\n\n\n<p>&ldquo;Este es un programa integral, que no s&oacute;lo prev&eacute; presencia policial, sino tambi&eacute;n capacitaci&oacute;n y herramientas en materia de seguridad ciudadana local para los preventores municipales que est&aacute;n abocados a la tarea de prevenci&oacute;n vial&rdquo;, afirm&oacute; la ministra Rus.<\/p>\n\n\n\n<p>Durante la recorrida, la titular de la cartera de Seguridad explic&oacute;: &ldquo;El programa implica una mesa t&eacute;cnica que dirige en qu&eacute; cuadrante se va a hacer esta asistencia, que combina personal de preventores con personal policial, en qu&eacute; d&iacute;as y en qu&eacute; horarios. Se trata de zonas que son elegidas estrat&eacute;gicamente por la cantidad de sucesos delictivos o teniendo en cuenta la cantidad de sucesos delictivos y que van cubriendo con binomios de polic&iacute;as y preventores&rdquo;.<\/p>\n\n\n\n<p>Por su parte, Javier &Aacute;vila explic&oacute;: &ldquo;Espacios M&aacute;s Seguros es un programa basado en datos concretos. Seleccionamos zonas con concentraci&oacute;n de llamadas a los servicios de emergencia y en ellas, se despliega una intervenci&oacute;n que combina prevenci&oacute;n ambiental, social y situacional. Los recorridos se realizan con una app dise&ntilde;ada por el Ministerio, que permite registrar factores de riesgo en tiempo real y definir respuestas conjuntas con el municipio&rdquo;.<\/p>\n\n\n\n<p>La herramienta tecnol&oacute;gica tambi&eacute;n fue destacada por Rus, quien se&ntilde;al&oacute;: &ldquo;Se dispone de una app espec&iacute;fica para que los preventores vayan subiendo novedades que hacen al urban&iacute;stico, al ambiente, al desarrollo local y que tienen impacto en seguridad, como luminarias, bald&iacute;os, casas o autos abandonados&rdquo;.<\/p>\n\n\n\n<p>&ldquo;Todo aporta, en definitiva, a tener mejor custodiadas las distintas zonas de influencia de los departamentos, pero haci&eacute;ndolo con un involucramiento progresivo de preventores que se ocupaban solo de lo vial y que ahora empiezan a tener una observaci&oacute;n m&aacute;s estrat&eacute;gica vinculada a la seguridad local&rdquo;, concluy&oacute; la ministra.<\/p>\n\n\n\n<p>La base visitada en Guaymall&eacute;n forma parte de una estrategia territorial que ya se aplica en Las Heras, que tambi&eacute;n se encuentra en la segunda etapa y que se implementar&aacute; pr&oacute;ximamente en Luj&aacute;n de Cuyo. En todos los casos, el despliegue incluye una mesa t&eacute;cnica que monitorea indicadores y define acciones de forma articulada con cada municipio.<\/p>\n\n\n\n<figure class=\"wp-block-gallery columns-3 is-cropped\"><ul class=\"blocks-gallery-grid\"><li class=\"blocks-gallery-item\"><figure><img loading=\"lazy\" width=\"700\" height=\"466\" src=\"https:\/\/www.mendoza.gov.ar\/wp-content\/uploads\/sites\/5\/2025\/05\/PORTADA-12-1-700x466.jpeg\" alt=\"\" data-id=\"473906\" data-link=\"https:\/\/www.mendoza.gov.ar\/prensa\/?attachment_id=473906\" class=\"wp-image-473906 img-responsive center-block\" srcset=\"https:\/\/www.mendoza.gov.ar\/wp-content\/uploads\/sites\/5\/2025\/05\/PORTADA-12-1-700x466.jpeg 700w, https:\/\/www.mendoza.gov.ar\/wp-content\/uploads\/sites\/5\/2025\/05\/PORTADA-12-1-250x167.jpeg 250w, https:\/\/www.mendoza.gov.ar\/wp-content\/uploads\/sites\/5\/2025\/05\/PORTADA-12-1-768x512.jpeg 768w, https:\/\/www.mendoza.gov.ar\/wp-content\/uploads\/sites\/5\/2025\/05\/PORTADA-12-1-1536x1023.jpeg 1536w, https:\/\/www.mendoza.gov.ar\/wp-content\/uploads\/sites\/5\/2025\/05\/PORTADA-12-1-120x80.jpeg 120w, https:\/\/www.mendoza.gov.ar\/wp-content\/uploads\/sites\/5\/2025\/05\/PORTADA-12-1.jpeg 1600w\" sizes=\"(max-width: 700px) 100vw, 700px\"><\/figure><\/li><li class=\"blocks-gallery-item\"><figure><img loading=\"lazy\" width=\"700\" height=\"466\" src=\"https:\/\/www.mendoza.gov.ar\/wp-content\/uploads\/sites\/5\/2025\/05\/WhatsApp-Image-2025-05-13-at-19.53.42-2-700x466.jpeg\" alt=\"\" data-id=\"473907\" data-link=\"https:\/\/www.mendoza.gov.ar\/prensa\/?attachment_id=473907\" class=\"wp-image-473907 img-responsive center-block\" srcset=\"https:\/\/www.mendoza.gov.ar\/wp-content\/uploads\/sites\/5\/2025\/05\/WhatsApp-Image-2025-05-13-at-19.53.42-2-700x466.jpeg 700w, https:\/\/www.mendoza.gov.ar\/wp-content\/uploads\/sites\/5\/2025\/05\/WhatsApp-Image-2025-05-13-at-19.53.42-2-250x167.jpeg 250w, https:\/\/www.mendoza.gov.ar\/wp-content\/uploads\/sites\/5\/2025\/05\/WhatsApp-Image-2025-05-13-at-19.53.42-2-768x512.jpeg 768w, https:\/\/www.mendoza.gov.ar\/wp-content\/uploads\/sites\/5\/2025\/05\/WhatsApp-Image-2025-05-13-at-19.53.42-2-1536x1023.jpeg 1536w, https:\/\/www.mendoza.gov.ar\/wp-content\/uploads\/sites\/5\/2025\/05\/WhatsApp-Image-2025-05-13-at-19.53.42-2-120x80.jpeg 120w, https:\/\/www.mendoza.gov.ar\/wp-content\/uploads\/sites\/5\/2025\/05\/WhatsApp-Image-2025-05-13-at-19.53.42-2.jpeg 1600w\" sizes=\"(max-width: 700px) 100vw, 700px\"><\/figure><\/li><li class=\"blocks-gallery-item\"><figure><img loading=\"lazy\" width=\"700\" height=\"466\" src=\"https:\/\/www.mendoza.gov.ar\/wp-content\/uploads\/sites\/5\/2025\/05\/WhatsApp-Image-2025-05-13-at-20.04.40-700x466.jpeg\" alt=\"\" data-id=\"473908\" data-link=\"https:\/\/www.mendoza.gov.ar\/prensa\/?attachment_id=473908\" class=\"wp-image-473908 img-responsive center-block\" srcset=\"https:\/\/www.mendoza.gov.ar\/wp-content\/uploads\/sites\/5\/2025\/05\/WhatsApp-Image-2025-05-13-at-20.04.40-700x466.jpeg 700w, https:\/\/www.mendoza.gov.ar\/wp-content\/uploads\/sites\/5\/2025\/05\/WhatsApp-Image-2025-05-13-at-20.04.40-250x167.jpeg 250w, https:\/\/www.mendoza.gov.ar\/wp-content\/uploads\/sites\/5\/2025\/05\/WhatsApp-Image-2025-05-13-at-20.04.40-768x512.jpeg 768w, https:\/\/www.mendoza.gov.ar\/wp-content\/uploads\/sites\/5\/2025\/05\/WhatsApp-Image-2025-05-13-at-20.04.40-1536x1023.jpeg 1536w, https:\/\/www.mendoza.gov.ar\/wp-content\/uploads\/sites\/5\/2025\/05\/WhatsApp-Image-2025-05-13-at-20.04.40-120x80.jpeg 120w, https:\/\/www.mendoza.gov.ar\/wp-content\/uploads\/sites\/5\/2025\/05\/WhatsApp-Image-2025-05-13-at-20.04.40.jpeg 1600w\" sizes=\"(max-width: 700px) 100vw, 700px\"><\/figure><\/li><li class=\"blocks-gallery-item\"><figure><img loading=\"lazy\" width=\"700\" height=\"466\" src=\"https:\/\/www.mendoza.gov.ar\/wp-content\/uploads\/sites\/5\/2025\/05\/WhatsApp-Image-2025-05-13-at-19.53.43-1-700x466.jpeg\" alt=\"\" data-id=\"473909\" data-link=\"https:\/\/www.mendoza.gov.ar\/prensa\/?attachment_id=473909\" class=\"wp-image-473909 img-responsive center-block\" srcset=\"https:\/\/www.mendoza.gov.ar\/wp-content\/uploads\/sites\/5\/2025\/05\/WhatsApp-Image-2025-05-13-at-19.53.43-1-700x466.jpeg 700w, https:\/\/www.mendoza.gov.ar\/wp-content\/uploads\/sites\/5\/2025\/05\/WhatsApp-Image-2025-05-13-at-19.53.43-1-250x167.jpeg 250w, https:\/\/www.mendoza.gov.ar\/wp-content\/uploads\/sites\/5\/2025\/05\/WhatsApp-Image-2025-05-13-at-19.53.43-1-768x512.jpeg 768w, https:\/\/www.mendoza.gov.ar\/wp-content\/uploads\/sites\/5\/2025\/05\/WhatsApp-Image-2025-05-13-at-19.53.43-1-1536x1023.jpeg 1536w, https:\/\/www.mendoza.gov.ar\/wp-content\/uploads\/sites\/5\/2025\/05\/WhatsApp-Image-2025-05-13-at-19.53.43-1-120x80.jpeg 120w, https:\/\/www.mendoza.gov.ar\/wp-content\/uploads\/sites\/5\/2025\/05\/WhatsApp-Image-2025-05-13-at-19.53.43-1.jpeg 1600w\" sizes=\"(max-width: 700px) 100vw, 700px\"><\/figure><\/li><li class=\"blocks-gallery-item\"><figure><img loading=\"lazy\" width=\"700\" height=\"466\" src=\"https:\/\/www.mendoza.gov.ar\/wp-content\/uploads\/sites\/5\/2025\/05\/WhatsApp-Image-2025-05-13-at-20.03.47-700x466.jpeg\" alt=\"\" data-id=\"473910\" data-link=\"https:\/\/www.mendoza.gov.ar\/prensa\/?attachment_id=473910\" class=\"wp-image-473910 img-responsive center-block\" srcset=\"https:\/\/www.mendoza.gov.ar\/wp-content\/uploads\/sites\/5\/2025\/05\/WhatsApp-Image-2025-05-13-at-20.03.47-700x466.jpeg 700w, https:\/\/www.mendoza.gov.ar\/wp-content\/uploads\/sites\/5\/2025\/05\/WhatsApp-Image-2025-05-13-at-20.03.47-250x167.jpeg 250w, https:\/\/www.mendoza.gov.ar\/wp-content\/uploads\/sites\/5\/2025\/05\/WhatsApp-Image-2025-05-13-at-20.03.47-768x512.jpeg 768w, https:\/\/www.mendoza.gov.ar\/wp-content\/uploads\/sites\/5\/2025\/05\/WhatsApp-Image-2025-05-13-at-20.03.47-1536x1023.jpeg 1536w, https:\/\/www.mendoza.gov.ar\/wp-content\/uploads\/sites\/5\/2025\/05\/WhatsApp-Image-2025-05-13-at-20.03.47-120x80.jpeg 120w, https:\/\/www.mendoza.gov.ar\/wp-content\/uploads\/sites\/5\/2025\/05\/WhatsApp-Image-2025-05-13-at-20.03.47.jpeg 1600w\" sizes=\"(max-width: 700px) 100vw, 700px\"><\/figure><\/li><li class=\"blocks-gallery-item\"><figure><img loading=\"lazy\" width=\"700\" height=\"466\" src=\"https:\/\/www.mendoza.gov.ar\/wp-content\/uploads\/sites\/5\/2025\/05\/WhatsApp-Image-2025-05-13-at-19.53.43-700x466.jpeg\" alt=\"\" data-id=\"473911\" data-link=\"https:\/\/www.mendoza.gov.ar\/prensa\/?attachment_id=473911\" class=\"wp-image-473911 img-responsive center-block\" srcset=\"https:\/\/www.mendoza.gov.ar\/wp-content\/uploads\/sites\/5\/2025\/05\/WhatsApp-Image-2025-05-13-at-19.53.43-700x466.jpeg 700w, https:\/\/www.mendoza.gov.ar\/wp-content\/uploads\/sites\/5\/2025\/05\/WhatsApp-Image-2025-05-13-at-19.53.43-250x167.jpeg 250w, https:\/\/www.mendoza.gov.ar\/wp-content\/uploads\/sites\/5\/2025\/05\/WhatsApp-Image-2025-05-13-at-19.53.43-768x512.jpeg 768w, https:\/\/www.mendoza.gov.ar\/wp-content\/uploads\/sites\/5\/2025\/05\/WhatsApp-Image-2025-05-13-at-19.53.43-1536x1023.jpeg 1536w, https:\/\/www.mendoza.gov.ar\/wp-content\/uploads\/sites\/5\/2025\/05\/WhatsApp-Image-2025-05-13-at-19.53.43-120x80.jpeg 120w, https:\/\/www.mendoza.gov.ar\/wp-content\/uploads\/sites\/5\/2025\/05\/WhatsApp-Image-2025-05-13-at-19.53.43.jpeg 1600w\" sizes=\"(max-width: 700px) 100vw, 700px\"><\/figure><\/li><li class=\"blocks-gallery-item\"><figure><img loading=\"lazy\" width=\"700\" height=\"467\" src=\"https:\/\/www.mendoza.gov.ar\/wp-content\/uploads\/sites\/5\/2025\/05\/WhatsApp-Image-2025-05-13-at-19.53.39-700x467.jpeg\" alt=\"\" data-id=\"473912\" data-link=\"https:\/\/www.mendoza.gov.ar\/prensa\/?attachment_id=473912\" class=\"wp-image-473912 img-responsive center-block\" srcset=\"https:\/\/www.mendoza.gov.ar\/wp-content\/uploads\/sites\/5\/2025\/05\/WhatsApp-Image-2025-05-13-at-19.53.39-700x467.jpeg 700w, https:\/\/www.mendoza.gov.ar\/wp-content\/uploads\/sites\/5\/2025\/05\/WhatsApp-Image-2025-05-13-at-19.53.39-250x167.jpeg 250w, https:\/\/www.mendoza.gov.ar\/wp-content\/uploads\/sites\/5\/2025\/05\/WhatsApp-Image-2025-05-13-at-19.53.39-768x512.jpeg 768w, https:\/\/www.mendoza.gov.ar\/wp-content\/uploads\/sites\/5\/2025\/05\/WhatsApp-Image-2025-05-13-at-19.53.39-1536x1024.jpeg 1536w, https:\/\/www.mendoza.gov.ar\/wp-content\/uploads\/sites\/5\/2025\/05\/WhatsApp-Image-2025-05-13-at-19.53.39-120x80.jpeg 120w, https:\/\/www.mendoza.gov.ar\/wp-content\/uploads\/sites\/5\/2025\/05\/WhatsApp-Image-2025-05-13-at-19.53.39.jpeg 1600w\" sizes=\"(max-width: 700px) 100vw, 700px\"><\/figure><\/li><li class=\"blocks-gallery-item\"><figure><img loading=\"lazy\" width=\"700\" height=\"466\" src=\"https:\/\/www.mendoza.gov.ar\/wp-content\/uploads\/sites\/5\/2025\/05\/WhatsApp-Image-2025-05-13-at-19.53.42-700x466.jpeg\" alt=\"\" data-id=\"473913\" data-link=\"https:\/\/www.mendoza.gov.ar\/prensa\/?attachment_id=473913\" class=\"wp-image-473913 img-responsive center-block\" srcset=\"https:\/\/www.mendoza.gov.ar\/wp-content\/uploads\/sites\/5\/2025\/05\/WhatsApp-Image-2025-05-13-at-19.53.42-700x466.jpeg 700w, https:\/\/www.mendoza.gov.ar\/wp-content\/uploads\/sites\/5\/2025\/05\/WhatsApp-Image-2025-05-13-at-19.53.42-250x167.jpeg 250w, https:\/\/www.mendoza.gov.ar\/wp-content\/uploads\/sites\/5\/2025\/05\/WhatsApp-Image-2025-05-13-at-19.53.42-768x512.jpeg 768w, https:\/\/www.mendoza.gov.ar\/wp-content\/uploads\/sites\/5\/2025\/05\/WhatsApp-Image-2025-05-13-at-19.53.42-1536x1023.jpeg 1536w, https:\/\/www.mendoza.gov.ar\/wp-content\/uploads\/sites\/5\/2025\/05\/WhatsApp-Image-2025-05-13-at-19.53.42-120x80.jpeg 120w, https:\/\/www.mendoza.gov.ar\/wp-content\/uploads\/sites\/5\/2025\/05\/WhatsApp-Image-2025-05-13-at-19.53.42.jpeg 1600w\" sizes=\"(max-width: 700px) 100vw, 700px\"><\/figure><\/li><li class=\"blocks-gallery-item\"><figure><img loading=\"lazy\" width=\"700\" height=\"467\" src=\"https:\/\/www.mendoza.gov.ar\/wp-content\/uploads\/sites\/5\/2025\/05\/WhatsApp-Image-2025-05-13-at-19.53.40-1-700x467.jpeg\" alt=\"\" data-id=\"473914\" data-link=\"https:\/\/www.mendoza.gov.ar\/prensa\/?attachment_id=473914\" class=\"wp-image-473914 img-responsive center-block\" srcset=\"https:\/\/www.mendoza.gov.ar\/wp-content\/uploads\/sites\/5\/2025\/05\/WhatsApp-Image-2025-05-13-at-19.53.40-1-700x467.jpeg 700w, https:\/\/www.mendoza.gov.ar\/wp-content\/uploads\/sites\/5\/2025\/05\/WhatsApp-Image-2025-05-13-at-19.53.40-1-250x167.jpeg 250w, https:\/\/www.mendoza.gov.ar\/wp-content\/uploads\/sites\/5\/2025\/05\/WhatsApp-Image-2025-05-13-at-19.53.40-1-768x512.jpeg 768w, https:\/\/www.mendoza.gov.ar\/wp-content\/uploads\/sites\/5\/2025\/05\/WhatsApp-Image-2025-05-13-at-19.53.40-1-120x80.jpeg 120w, https:\/\/www.mendoza.gov.ar\/wp-content\/uploads\/sites\/5\/2025\/05\/WhatsApp-Image-2025-05-13-at-19.53.40-1.jpeg 1532w\" sizes=\"(max-width: 700px) 100vw, 700px\"><\/figure><\/li><li class=\"blocks-gallery-item\"><figure><img loading=\"lazy\" width=\"700\" height=\"466\" src=\"https:\/\/www.mendoza.gov.ar\/wp-content\/uploads\/sites\/5\/2025\/05\/WhatsApp-Image-2025-05-13-at-19.53.41-1-700x466.jpeg\" alt=\"\" data-id=\"473915\" data-link=\"https:\/\/www.mendoza.gov.ar\/prensa\/?attachment_id=473915\" class=\"wp-image-473915 img-responsive center-block\" srcset=\"https:\/\/www.mendoza.gov.ar\/wp-content\/uploads\/sites\/5\/2025\/05\/WhatsApp-Image-2025-05-13-at-19.53.41-1-700x466.jpeg 700w, https:\/\/www.mendoza.gov.ar\/wp-content\/uploads\/sites\/5\/2025\/05\/WhatsApp-Image-2025-05-13-at-19.53.41-1-250x167.jpeg 250w, https:\/\/www.mendoza.gov.ar\/wp-content\/uploads\/sites\/5\/2025\/05\/WhatsApp-Image-2025-05-13-at-19.53.41-1-768x512.jpeg 768w, https:\/\/www.mendoza.gov.ar\/wp-content\/uploads\/sites\/5\/2025\/05\/WhatsApp-Image-2025-05-13-at-19.53.41-1-1536x1023.jpeg 1536w, https:\/\/www.mendoza.gov.ar\/wp-content\/uploads\/sites\/5\/2025\/05\/WhatsApp-Image-2025-05-13-at-19.53.41-1-120x80.jpeg 120w, https:\/\/www.mendoza.gov.ar\/wp-content\/uploads\/sites\/5\/2025\/05\/WhatsApp-Image-2025-05-13-at-19.53.41-1.jpeg 1600w\" sizes=\"(max-width: 700px) 100vw, 700px\"><\/figure><\/li><li class=\"blocks-gallery-item\"><figure><img loading=\"lazy\" width=\"700\" height=\"466\" src=\"https:\/\/www.mendoza.gov.ar\/wp-content\/uploads\/sites\/5\/2025\/05\/WhatsApp-Image-2025-05-13-at-19.53.42-1-700x466.jpeg\" alt=\"\" data-id=\"473916\" data-link=\"https:\/\/www.mendoza.gov.ar\/prensa\/?attachment_id=473916\" class=\"wp-image-473916 img-responsive center-block\" srcset=\"https:\/\/www.mendoza.gov.ar\/wp-content\/uploads\/sites\/5\/2025\/05\/WhatsApp-Image-2025-05-13-at-19.53.42-1-700x466.jpeg 700w, https:\/\/www.mendoza.gov.ar\/wp-content\/uploads\/sites\/5\/2025\/05\/WhatsApp-Image-2025-05-13-at-19.53.42-1-250x167.jpeg 250w, https:\/\/www.mendoza.gov.ar\/wp-content\/uploads\/sites\/5\/2025\/05\/WhatsApp-Image-2025-05-13-at-19.53.42-1-768x512.jpeg 768w, https:\/\/www.mendoza.gov.ar\/wp-content\/uploads\/sites\/5\/2025\/05\/WhatsApp-Image-2025-05-13-at-19.53.42-1-1536x1023.jpeg 1536w, https:\/\/www.mendoza.gov.ar\/wp-content\/uploads\/sites\/5\/2025\/05\/WhatsApp-Image-2025-05-13-at-19.53.42-1-120x80.jpeg 120w, https:\/\/www.mendoza.gov.ar\/wp-content\/uploads\/sites\/5\/2025\/05\/WhatsApp-Image-2025-05-13-at-19.53.42-1.jpeg 1600w\" sizes=\"(max-width: 700px) 100vw, 700px\"><\/figure><\/li><li class=\"blocks-gallery-item\"><figure><img loading=\"lazy\" width=\"700\" height=\"467\" src=\"https:\/\/www.mendoza.gov.ar\/wp-content\/uploads\/sites\/5\/2025\/05\/WhatsApp-Image-2025-05-13-at-19.53.38-700x467.jpeg\" alt=\"\" data-id=\"473918\" data-link=\"https:\/\/www.mendoza.gov.ar\/prensa\/?attachment_id=473918\" class=\"wp-image-473918 img-responsive center-block\" srcset=\"https:\/\/www.mendoza.gov.ar\/wp-content\/uploads\/sites\/5\/2025\/05\/WhatsApp-Image-2025-05-13-at-19.53.38-700x467.jpeg 700w, https:\/\/www.mendoza.gov.ar\/wp-content\/uploads\/sites\/5\/2025\/05\/WhatsApp-Image-2025-05-13-at-19.53.38-250x167.jpeg 250w, https:\/\/www.mendoza.gov.ar\/wp-content\/uploads\/sites\/5\/2025\/05\/WhatsApp-Image-2025-05-13-at-19.53.38-768x512.jpeg 768w, https:\/\/www.mendoza.gov.ar\/wp-content\/uploads\/sites\/5\/2025\/05\/WhatsApp-Image-2025-05-13-at-19.53.38-1536x1024.jpeg 1536w, https:\/\/www.mendoza.gov.ar\/wp-content\/uploads\/sites\/5\/2025\/05\/WhatsApp-Image-2025-05-13-at-19.53.38-120x80.jpeg 120w, https:\/\/www.mendoza.gov.ar\/wp-content\/uploads\/sites\/5\/2025\/05\/WhatsApp-Image-2025-05-13-at-19.53.38.jpeg 1600w\" sizes=\"(max-width: 700px) 100vw, 700px\"><\/figure><\/li><li class=\"blocks-gallery-item\"><figure><img loading=\"lazy\" width=\"700\" height=\"467\" src=\"https:\/\/www.mendoza.gov.ar\/wp-content\/uploads\/sites\/5\/2025\/05\/WhatsApp-Image-2025-05-13-at-19.53.40-700x467.jpeg\" alt=\"\" data-id=\"473919\" data-link=\"https:\/\/www.mendoza.gov.ar\/prensa\/?attachment_id=473919\" class=\"wp-image-473919 img-responsive center-block\" srcset=\"https:\/\/www.mendoza.gov.ar\/wp-content\/uploads\/sites\/5\/2025\/05\/WhatsApp-Image-2025-05-13-at-19.53.40-700x467.jpeg 700w, https:\/\/www.mendoza.gov.ar\/wp-content\/uploads\/sites\/5\/2025\/05\/WhatsApp-Image-2025-05-13-at-19.53.40-250x167.jpeg 250w, https:\/\/www.mendoza.gov.ar\/wp-content\/uploads\/sites\/5\/2025\/05\/WhatsApp-Image-2025-05-13-at-19.53.40-768x512.jpeg 768w, https:\/\/www.mendoza.gov.ar\/wp-content\/uploads\/sites\/5\/2025\/05\/WhatsApp-Image-2025-05-13-at-19.53.40-1536x1024.jpeg 1536w, https:\/\/www.mendoza.gov.ar\/wp-content\/uploads\/sites\/5\/2025\/05\/WhatsApp-Image-2025-05-13-at-19.53.40-120x80.jpeg 120w, https:\/\/www.mendoza.gov.ar\/wp-content\/uploads\/sites\/5\/2025\/05\/WhatsApp-Image-2025-05-13-at-19.53.40.jpeg 1599w\" sizes=\"(max-width: 700px) 100vw, 700px\"><\/figure><\/li><li class=\"blocks-gallery-item\"><figure><img loading=\"lazy\" width=\"700\" height=\"467\" src=\"https:\/\/www.mendoza.gov.ar\/wp-content\/uploads\/sites\/5\/2025\/05\/WhatsApp-Image-2025-05-13-at-19.53.38-1-700x467.jpeg\" alt=\"\" data-id=\"473920\" data-full-url=\"https:\/\/www.mendoza.gov.ar\/wp-content\/uploads\/sites\/5\/2025\/05\/WhatsApp-Image-2025-05-13-at-19.53.38-1.jpeg\" data-link=\"https:\/\/www.mendoza.gov.ar\/prensa\/?attachment_id=473920\" class=\"wp-image-473920 img-responsive center-block\" srcset=\"https:\/\/www.mendoza.gov.ar\/wp-content\/uploads\/sites\/5\/2025\/05\/WhatsApp-Image-2025-05-13-at-19.53.38-1-700x467.jpeg 700w, https:\/\/www.mendoza.gov.ar\/wp-content\/uploads\/sites\/5\/2025\/05\/WhatsApp-Image-2025-05-13-at-19.53.38-1-250x167.jpeg 250w, https:\/\/www.mendoza.gov.ar\/wp-content\/uploads\/sites\/5\/2025\/05\/WhatsApp-Image-2025-05-13-at-19.53.38-1-768x512.jpeg 768w, https:\/\/www.mendoza.gov.ar\/wp-content\/uploads\/sites\/5\/2025\/05\/WhatsApp-Image-2025-05-13-at-19.53.38-1-1536x1024.jpeg 1536w, https:\/\/www.mendoza.gov.ar\/wp-content\/uploads\/sites\/5\/2025\/05\/WhatsApp-Image-2025-05-13-at-19.53.38-1-120x80.jpeg 120w, https:\/\/www.mendoza.gov.ar\/wp-content\/uploads\/sites\/5\/2025\/05\/WhatsApp-Image-2025-05-13-at-19.53.38-1.jpeg 1600w\" sizes=\"(max-width: 700px) 100vw, 700px\"><\/figure><\/li><\/ul><\/figure>\n<\/body><\/html>\n","protected":false},"excerpt":{"rendered":"Se trata del programa cuyos resultados fueron presentados en el Espacio Arizu el 19 de marzo, en conjunto con Las Heras. La iniciativa combina prevenci&oacute;n y abordajes situacional, ambiental y social en microzonas espec&iacute;ficas, mediante la articulaci&oacute;n entre el Gobierno, los municipios y las fuerzas policiales. La ministra de Seguridad y Justicia, Mercedes Rus, junto&#8230; <a class=\"view-article\" href=\"https:\/\/www.mendoza.gov.ar\/prensa\/espacios-mas-seguros-rus-y-calvente-recorrieron-una-base-del-programa-que-fortalece-la-prevencion-en-guaymallen\/\"><\/a>","protected":false},"author":61,"featured_media":473917,"comment_status":"open","ping_status":"open","sticky":false,"template":"","format":"standard","meta":[],"categories":[2711,33],"tags":[],"_links":{"self":[{"href":"https:\/\/www.mendoza.gov.ar\/prensa\/wp-json\/wp\/v2\/posts\/473903"}],"collection":[{"href":"https:\/\/www.mendoza.gov.ar\/prensa\/wp-json\/wp\/v2\/posts"}],"about":[{"href":"https:\/\/www.mendoza.gov.ar\/prensa\/wp-json\/wp\/v2\/types\/post"}],"author":[{"embeddable":true,"href":"https:\/\/www.mendoza.gov.ar\/prensa\/wp-json\/wp\/v2\/users\/61"}],"replies":[{"embeddable":true,"href":"https:\/\/www.mendoza.gov.ar\/prensa\/wp-json\/wp\/v2\/comments?post=473903"}],"version-history":[{"count":3,"href":"https:\/\/www.mendoza.gov.ar\/prensa\/wp-json\/wp\/v2\/posts\/473903\/revisions"}],"predecessor-version":[{"id":473922,"href":"https:\/\/www.mendoza.gov.ar\/prensa\/wp-json\/wp\/v2\/posts\/473903\/revisions\/473922"}],"wp:featuredmedia":[{"embeddable":true,"href":"https:\/\/www.mendoza.gov.ar\/prensa\/wp-json\/wp\/v2\/media\/473917"}],"wp:attachment":[{"href":"https:\/\/www.mendoza.gov.ar\/prensa\/wp-json\/wp\/v2\/media?parent=473903"}],"wp:term":[{"taxonomy":"category","embeddable":true,"href":"https:\/\/www.mendoza.gov.ar\/prensa\/wp-json\/wp\/v2\/categories?post=473903"},{"taxonomy":"post_tag","embeddable":true,"href":"https:\/\/www.mendoza.gov.ar\/prensa\/wp-json\/wp\/v2\/tags?post=473903"}],"curies":[{"name":"wp","href":"https:\/\/api.w.org\/{rel}","templated":true}]}}