{"id":474163,"date":"2025-05-14T19:00:31","date_gmt":"2025-05-14T22:00:31","guid":{"rendered":"https:\/\/www.mendoza.gov.ar\/prensa\/?p=474163"},"modified":"2025-05-14T20:00:07","modified_gmt":"2025-05-14T23:00:07","slug":"el-iusp-convoca-nuevamente-a-jovenes-con-formacion-militar-que-deseen-sumarse-a-la-policia","status":"publish","type":"post","link":"https:\/\/www.mendoza.gov.ar\/prensa\/el-iusp-convoca-nuevamente-a-jovenes-con-formacion-militar-que-deseen-sumarse-a-la-policia\/","title":{"rendered":"El IUSP convoca nuevamente a j\u00f3venes con formaci\u00f3n militar que deseen sumarse a la Polic\u00eda"},"content":{"rendered":"<!DOCTYPE html PUBLIC \"-\/\/W3C\/\/DTD HTML 4.0 Transitional\/\/EN\" \"http:\/\/www.w3.org\/TR\/REC-html40\/loose.dtd\">\n<html><body><h5>El llamado est&aacute; destinado a postulantes de 18 a 29 a&ntilde;os con experiencia en las fuerzas armadas o de seguridad. Hay tiempo hasta el 31 de mayo para inscribirse.<\/h5>\n\n\n\n<p>El Instituto Universitario de Seguridad P&uacute;blica (IUSP) abri&oacute; una nueva convocatoria para j&oacute;venes con instrucci&oacute;n militar voluntaria o formaci&oacute;n t&eacute;cnica y t&aacute;ctica adquirida en fuerzas armadas o de seguridad, ya sean provinciales o nacionales. El objetivo es formar nuevos auxiliares para la Polic&iacute;a de Mendoza y fortalecer el sistema de seguridad con personal capacitado.<\/p>\n\n\n\n<p>La inscripci&oacute;n estar&aacute; habilitada hasta el 31 de mayo y ser&aacute; exclusivamente para la sede central del IUSP. Las personas interesadoa deben tener entre 18 y 29 a&ntilde;os y acreditar formaci&oacute;n previa. El proceso de ingreso consta de cuatro etapas eliminatorias y requiere la presentaci&oacute;n de documentaci&oacute;n personal y m&eacute;dica.<\/p>\n\n\n\n<p>El curso b&aacute;sico de formaci&oacute;n policial apunta a desarrollar conocimientos te&oacute;ricos, habilidades pr&aacute;cticas y actitudes esenciales para el ejercicio profesional. Durante el cursado, los cadetes reciben una beca mensual de 200.000 pesos destinada a cubrir gastos de transporte y alimentaci&oacute;n. Adem&aacute;s, el IUSP se hace cargo del equipamiento necesario para el r&eacute;gimen de internado, en una inversi&oacute;n directa del Gobierno de Mendoza.<\/p>\n\n\n\n<p>La iniciativa busca consolidar la profesionalizaci&oacute;n y la permanencia de personal con experiencia previa dentro del sistema de seguridad provincial. Para m&aacute;s informaci&oacute;n, requisitos y acceso a la preinscripci&oacute;n, se puede ingresar al sitio oficial del Instituto: <a href=\"http:\/\/iusp.uncuyo.edu.ar\">iusp.uncuyo.edu.ar<\/a>.<\/p>\n\n\n\n<figure class=\"wp-block-gallery columns-1\"><ul class=\"blocks-gallery-grid\"><li class=\"blocks-gallery-item\"><figure><a href=\"https:\/\/www.mendoza.gov.ar\/wp-content\/uploads\/sites\/5\/2025\/05\/PORTADA-IUSP.jpg\"><img src=\"https:\/\/www.mendoza.gov.ar\/wp-content\/uploads\/sites\/5\/2025\/05\/PORTADA-IUSP-700x467.jpg\" alt=\"\" data-id=\"474164\" data-full-url=\"https:\/\/www.mendoza.gov.ar\/wp-content\/uploads\/sites\/5\/2025\/05\/PORTADA-IUSP.jpg\" data-link=\"https:\/\/www.mendoza.gov.ar\/prensa\/?attachment_id=474164\" class=\"wp-image-474164 img-responsive center-block\"><\/a><\/figure><\/li><\/ul><\/figure>\n<\/body><\/html>\n","protected":false},"excerpt":{"rendered":"El llamado est&aacute; destinado a postulantes de 18 a 29 a&ntilde;os con experiencia en las fuerzas armadas o de seguridad. Hay tiempo hasta el 31 de mayo para inscribirse. El Instituto Universitario de Seguridad P&uacute;blica (IUSP) abri&oacute; una nueva convocatoria para j&oacute;venes con instrucci&oacute;n militar voluntaria o formaci&oacute;n t&eacute;cnica y t&aacute;ctica adquirida en fuerzas armadas&#8230; <a class=\"view-article\" href=\"https:\/\/www.mendoza.gov.ar\/prensa\/el-iusp-convoca-nuevamente-a-jovenes-con-formacion-militar-que-deseen-sumarse-a-la-policia\/\"><\/a>","protected":false},"author":63,"featured_media":474164,"comment_status":"open","ping_status":"open","sticky":false,"template":"","format":"standard","meta":[],"categories":[2711,33],"tags":[],"_links":{"self":[{"href":"https:\/\/www.mendoza.gov.ar\/prensa\/wp-json\/wp\/v2\/posts\/474163"}],"collection":[{"href":"https:\/\/www.mendoza.gov.ar\/prensa\/wp-json\/wp\/v2\/posts"}],"about":[{"href":"https:\/\/www.mendoza.gov.ar\/prensa\/wp-json\/wp\/v2\/types\/post"}],"author":[{"embeddable":true,"href":"https:\/\/www.mendoza.gov.ar\/prensa\/wp-json\/wp\/v2\/users\/63"}],"replies":[{"embeddable":true,"href":"https:\/\/www.mendoza.gov.ar\/prensa\/wp-json\/wp\/v2\/comments?post=474163"}],"version-history":[{"count":3,"href":"https:\/\/www.mendoza.gov.ar\/prensa\/wp-json\/wp\/v2\/posts\/474163\/revisions"}],"predecessor-version":[{"id":474179,"href":"https:\/\/www.mendoza.gov.ar\/prensa\/wp-json\/wp\/v2\/posts\/474163\/revisions\/474179"}],"wp:featuredmedia":[{"embeddable":true,"href":"https:\/\/www.mendoza.gov.ar\/prensa\/wp-json\/wp\/v2\/media\/474164"}],"wp:attachment":[{"href":"https:\/\/www.mendoza.gov.ar\/prensa\/wp-json\/wp\/v2\/media?parent=474163"}],"wp:term":[{"taxonomy":"category","embeddable":true,"href":"https:\/\/www.mendoza.gov.ar\/prensa\/wp-json\/wp\/v2\/categories?post=474163"},{"taxonomy":"post_tag","embeddable":true,"href":"https:\/\/www.mendoza.gov.ar\/prensa\/wp-json\/wp\/v2\/tags?post=474163"}],"curies":[{"name":"wp","href":"https:\/\/api.w.org\/{rel}","templated":true}]}}