{"id":474181,"date":"2025-05-15T08:07:43","date_gmt":"2025-05-15T11:07:43","guid":{"rendered":"https:\/\/www.mendoza.gov.ar\/prensa\/?p=474181"},"modified":"2025-05-15T08:51:49","modified_gmt":"2025-05-15T11:51:49","slug":"mas-vigilancia-mejor-prevencion-avanza-la-obra-del-nuevo-centro-de-monitoreo-en-junin","status":"publish","type":"post","link":"https:\/\/www.mendoza.gov.ar\/prensa\/mas-vigilancia-mejor-prevencion-avanza-la-obra-del-nuevo-centro-de-monitoreo-en-junin\/","title":{"rendered":"M\u00e1s vigilancia, mejor prevenci\u00f3n: avanza la obra del nuevo Centro de Monitoreo en Jun\u00edn"},"content":{"rendered":"<!DOCTYPE html PUBLIC \"-\/\/W3C\/\/DTD HTML 4.0 Transitional\/\/EN\" \"http:\/\/www.w3.org\/TR\/REC-html40\/loose.dtd\">\n<html><body><h5>Mercedes Rus recorri&oacute; junto a Mario Abed el nuevo espacio que permitir&aacute; unificar herramientas tecnol&oacute;gicas para acortar los tiempos de respuesta y mejorar la capacidad policial.<\/h5>\n\n\n\n<p>La ministra de Seguridad y Justicia, Mercedes Rus, recorri&oacute; este martes, junto al intendente de Jun&iacute;n, Mario Abed, la obra del nuevo Centro de Monitoreo que se construye en el Parque Recreativo Due&ntilde;o del Sol. Se trata de una infraestructura moderna que se encuentra en su etapa final y que permitir&aacute; reforzar las tareas de prevenci&oacute;n, vigilancia y respuesta r&aacute;pida ante emergencias en la zona Este de la provincia.<\/p>\n\n\n\n<p>En el recorrido participaron adem&aacute;s Mario Ana, senador provincial; Leandro Biskupovich, subsecretario de Tecnolog&iacute;a Aplicada a la Seguridad; Hern&aacute;n Amat, director general de Relaciones con la Comunidad; Eduardo Cano, jefe del Departamento de Videovigilancia; Mario Mor&oacute;n, secretario de Obras, y Mauricio Alonso, jefe del Departamento de Tecnolog&iacute;a.<\/p>\n\n\n\n<p>La obra es fruto de un convenio que se firm&oacute; en septiembre de 2024 entre el Ministerio de Seguridad y Justicia y la Municipalidad de Jun&iacute;n. La articulaci&oacute;n posibilita avanzar con una infraestructura de alta calidad, que integrar&aacute; las c&aacute;maras de videovigilancia que permitir&aacute;n la detecci&oacute;n en tiempo real de situaciones sospechosas, el despacho de emergencias y el sistema 911 en un &uacute;nico espacio operativo.<\/p>\n\n\n\n<p>Durante la visita, la ministra destac&oacute; que este nuevo centro representa un paso clave porque no solo permitir&aacute; optimizar el monitoreo mediante tecnolog&iacute;a de &uacute;ltima generaci&oacute;n sino tambi&eacute;n acortar los tiempos de respuesta ante situaciones cr&iacute;ticas.<\/p>\n\n\n\n<p>&ldquo;El objetivo es contar con un sistema de videovigilancia m&aacute;s robusto, que no solo permita la prevenci&oacute;n sino tambi&eacute;n una intervenci&oacute;n m&aacute;s r&aacute;pida de la polic&iacute;a. Esto tiene un impacto directo en la reducci&oacute;n del delito y mejora la efectividad en las detenciones&rdquo;, explic&oacute; la ministra de Seguridad y Justicia. Adem&aacute;s, en el Centro se prev&eacute; la integraci&oacute;n de las alarmas comunitarias al sistema de emergencias 911, lo que mejorar&aacute; los tiempos de atenci&oacute;n y respuesta ante situaciones cr&iacute;ticas.<\/p>\n\n\n\n<p>&ldquo;Estamos aplicando tecnolog&iacute;a y nuevos paradigmas que van a mejorar la capacidad de acci&oacute;n de nuestras fuerzas. Buscamos una polic&iacute;a m&aacute;s &aacute;gil, cercana y eficiente, y este tipo de inversiones son fundamentales para lograrlo&rdquo;, expres&oacute; Rus.<\/p>\n\n\n\n<p>Por su parte, Leandro Biskupovich explic&oacute;: &ldquo;Gracias a la inversi&oacute;n de la Provincia en materia de tecnolog&iacute;a aplicada a la seguridad y en particular a la que se comprometi&oacute; el Municipio de Jun&iacute;n mediante el convenio, podremos centralizar el monitoreo de todas las c&aacute;maras de videovigilancia del departamento, integrar las alarmas comunitarias al sistema del 911 y adem&aacute;s compartir un espacio f&iacute;sico estrat&eacute;gico<em>&rdquo;<\/em>.<\/p>\n\n\n\n<p>El centro concentrar&aacute; el monitoreo de las c&aacute;maras distribuidas en distintas localidades de la zona Este y de San Mart&iacute;n, Rivadavia, Santa Rosa, La Paz y Jun&iacute;n y se complementar&aacute; con nuevas adquisiciones en proceso de licitaci&oacute;n.<\/p>\n\n\n\n<p>Finalmente, la ministra cerr&oacute; comentando que el Centro va a ser un modelo para toda la provincia. &ldquo;Aqu&iacute; estamos aplicando tecnolog&iacute;a y paradigmas innovadores que queremos replicar en otros puntos del territorio&rdquo;, concluy&oacute;.<\/p>\n\n\n\n<figure class=\"wp-block-gallery columns-3\"><ul class=\"blocks-gallery-grid\"><li class=\"blocks-gallery-item\"><figure><a href=\"https:\/\/www.mendoza.gov.ar\/wp-content\/uploads\/sites\/5\/2025\/05\/WhatsApp-Image-2025-05-14-at-21.09.28-700x466.jpeg\"><img loading=\"lazy\" width=\"700\" height=\"466\" src=\"https:\/\/www.mendoza.gov.ar\/wp-content\/uploads\/sites\/5\/2025\/05\/WhatsApp-Image-2025-05-14-at-21.09.28-700x466.jpeg\" alt=\"\" data-id=\"474182\" data-link=\"https:\/\/www.mendoza.gov.ar\/prensa\/?attachment_id=474182\" class=\"wp-image-474182 img-responsive center-block\" srcset=\"https:\/\/www.mendoza.gov.ar\/wp-content\/uploads\/sites\/5\/2025\/05\/WhatsApp-Image-2025-05-14-at-21.09.28-700x466.jpeg 700w, https:\/\/www.mendoza.gov.ar\/wp-content\/uploads\/sites\/5\/2025\/05\/WhatsApp-Image-2025-05-14-at-21.09.28-250x167.jpeg 250w, https:\/\/www.mendoza.gov.ar\/wp-content\/uploads\/sites\/5\/2025\/05\/WhatsApp-Image-2025-05-14-at-21.09.28-768x512.jpeg 768w, https:\/\/www.mendoza.gov.ar\/wp-content\/uploads\/sites\/5\/2025\/05\/WhatsApp-Image-2025-05-14-at-21.09.28-1536x1023.jpeg 1536w, https:\/\/www.mendoza.gov.ar\/wp-content\/uploads\/sites\/5\/2025\/05\/WhatsApp-Image-2025-05-14-at-21.09.28-120x80.jpeg 120w, https:\/\/www.mendoza.gov.ar\/wp-content\/uploads\/sites\/5\/2025\/05\/WhatsApp-Image-2025-05-14-at-21.09.28.jpeg 1600w\" sizes=\"(max-width: 700px) 100vw, 700px\"><\/a><\/figure><\/li><li class=\"blocks-gallery-item\"><figure><a href=\"https:\/\/www.mendoza.gov.ar\/wp-content\/uploads\/sites\/5\/2025\/05\/WhatsApp-Image-2025-05-14-at-21.09.27-700x467.jpeg\"><img loading=\"lazy\" width=\"700\" height=\"467\" src=\"https:\/\/www.mendoza.gov.ar\/wp-content\/uploads\/sites\/5\/2025\/05\/WhatsApp-Image-2025-05-14-at-21.09.27-700x467.jpeg\" alt=\"\" data-id=\"474183\" data-link=\"https:\/\/www.mendoza.gov.ar\/prensa\/?attachment_id=474183\" class=\"wp-image-474183 img-responsive center-block\" srcset=\"https:\/\/www.mendoza.gov.ar\/wp-content\/uploads\/sites\/5\/2025\/05\/WhatsApp-Image-2025-05-14-at-21.09.27-700x467.jpeg 700w, https:\/\/www.mendoza.gov.ar\/wp-content\/uploads\/sites\/5\/2025\/05\/WhatsApp-Image-2025-05-14-at-21.09.27-250x167.jpeg 250w, https:\/\/www.mendoza.gov.ar\/wp-content\/uploads\/sites\/5\/2025\/05\/WhatsApp-Image-2025-05-14-at-21.09.27-768x512.jpeg 768w, https:\/\/www.mendoza.gov.ar\/wp-content\/uploads\/sites\/5\/2025\/05\/WhatsApp-Image-2025-05-14-at-21.09.27-1536x1024.jpeg 1536w, https:\/\/www.mendoza.gov.ar\/wp-content\/uploads\/sites\/5\/2025\/05\/WhatsApp-Image-2025-05-14-at-21.09.27-120x80.jpeg 120w, https:\/\/www.mendoza.gov.ar\/wp-content\/uploads\/sites\/5\/2025\/05\/WhatsApp-Image-2025-05-14-at-21.09.27.jpeg 1600w\" sizes=\"(max-width: 700px) 100vw, 700px\"><\/a><\/figure><\/li><li class=\"blocks-gallery-item\"><figure><a href=\"https:\/\/www.mendoza.gov.ar\/wp-content\/uploads\/sites\/5\/2025\/05\/WhatsApp-Image-2025-05-14-at-21.09.27-1-700x466.jpeg\"><img loading=\"lazy\" width=\"700\" height=\"466\" src=\"https:\/\/www.mendoza.gov.ar\/wp-content\/uploads\/sites\/5\/2025\/05\/WhatsApp-Image-2025-05-14-at-21.09.27-1-700x466.jpeg\" alt=\"\" data-id=\"474184\" data-link=\"https:\/\/www.mendoza.gov.ar\/prensa\/?attachment_id=474184\" class=\"wp-image-474184 img-responsive center-block\" srcset=\"https:\/\/www.mendoza.gov.ar\/wp-content\/uploads\/sites\/5\/2025\/05\/WhatsApp-Image-2025-05-14-at-21.09.27-1-700x466.jpeg 700w, https:\/\/www.mendoza.gov.ar\/wp-content\/uploads\/sites\/5\/2025\/05\/WhatsApp-Image-2025-05-14-at-21.09.27-1-250x167.jpeg 250w, https:\/\/www.mendoza.gov.ar\/wp-content\/uploads\/sites\/5\/2025\/05\/WhatsApp-Image-2025-05-14-at-21.09.27-1-768x512.jpeg 768w, https:\/\/www.mendoza.gov.ar\/wp-content\/uploads\/sites\/5\/2025\/05\/WhatsApp-Image-2025-05-14-at-21.09.27-1-1536x1023.jpeg 1536w, https:\/\/www.mendoza.gov.ar\/wp-content\/uploads\/sites\/5\/2025\/05\/WhatsApp-Image-2025-05-14-at-21.09.27-1-120x80.jpeg 120w, https:\/\/www.mendoza.gov.ar\/wp-content\/uploads\/sites\/5\/2025\/05\/WhatsApp-Image-2025-05-14-at-21.09.27-1.jpeg 1600w\" sizes=\"(max-width: 700px) 100vw, 700px\"><\/a><\/figure><\/li><li class=\"blocks-gallery-item\"><figure><a href=\"https:\/\/www.mendoza.gov.ar\/wp-content\/uploads\/sites\/5\/2025\/05\/WhatsApp-Image-2025-05-14-at-21.09.24-700x466.jpeg\"><img loading=\"lazy\" width=\"700\" height=\"466\" src=\"https:\/\/www.mendoza.gov.ar\/wp-content\/uploads\/sites\/5\/2025\/05\/WhatsApp-Image-2025-05-14-at-21.09.24-700x466.jpeg\" alt=\"\" data-id=\"474185\" data-link=\"https:\/\/www.mendoza.gov.ar\/prensa\/?attachment_id=474185\" class=\"wp-image-474185 img-responsive center-block\" srcset=\"https:\/\/www.mendoza.gov.ar\/wp-content\/uploads\/sites\/5\/2025\/05\/WhatsApp-Image-2025-05-14-at-21.09.24-700x466.jpeg 700w, https:\/\/www.mendoza.gov.ar\/wp-content\/uploads\/sites\/5\/2025\/05\/WhatsApp-Image-2025-05-14-at-21.09.24-250x167.jpeg 250w, https:\/\/www.mendoza.gov.ar\/wp-content\/uploads\/sites\/5\/2025\/05\/WhatsApp-Image-2025-05-14-at-21.09.24-768x512.jpeg 768w, https:\/\/www.mendoza.gov.ar\/wp-content\/uploads\/sites\/5\/2025\/05\/WhatsApp-Image-2025-05-14-at-21.09.24-1536x1023.jpeg 1536w, https:\/\/www.mendoza.gov.ar\/wp-content\/uploads\/sites\/5\/2025\/05\/WhatsApp-Image-2025-05-14-at-21.09.24-120x80.jpeg 120w, https:\/\/www.mendoza.gov.ar\/wp-content\/uploads\/sites\/5\/2025\/05\/WhatsApp-Image-2025-05-14-at-21.09.24.jpeg 1600w\" sizes=\"(max-width: 700px) 100vw, 700px\"><\/a><\/figure><\/li><li class=\"blocks-gallery-item\"><figure><a href=\"https:\/\/www.mendoza.gov.ar\/wp-content\/uploads\/sites\/5\/2025\/05\/WhatsApp-Image-2025-05-14-at-21.09.26-2-700x466.jpeg\"><img loading=\"lazy\" width=\"700\" height=\"466\" src=\"https:\/\/www.mendoza.gov.ar\/wp-content\/uploads\/sites\/5\/2025\/05\/WhatsApp-Image-2025-05-14-at-21.09.26-2-700x466.jpeg\" alt=\"\" data-id=\"474186\" data-link=\"https:\/\/www.mendoza.gov.ar\/prensa\/?attachment_id=474186\" class=\"wp-image-474186 img-responsive center-block\" srcset=\"https:\/\/www.mendoza.gov.ar\/wp-content\/uploads\/sites\/5\/2025\/05\/WhatsApp-Image-2025-05-14-at-21.09.26-2-700x466.jpeg 700w, https:\/\/www.mendoza.gov.ar\/wp-content\/uploads\/sites\/5\/2025\/05\/WhatsApp-Image-2025-05-14-at-21.09.26-2-250x167.jpeg 250w, https:\/\/www.mendoza.gov.ar\/wp-content\/uploads\/sites\/5\/2025\/05\/WhatsApp-Image-2025-05-14-at-21.09.26-2-768x512.jpeg 768w, https:\/\/www.mendoza.gov.ar\/wp-content\/uploads\/sites\/5\/2025\/05\/WhatsApp-Image-2025-05-14-at-21.09.26-2-1536x1023.jpeg 1536w, https:\/\/www.mendoza.gov.ar\/wp-content\/uploads\/sites\/5\/2025\/05\/WhatsApp-Image-2025-05-14-at-21.09.26-2-120x80.jpeg 120w, https:\/\/www.mendoza.gov.ar\/wp-content\/uploads\/sites\/5\/2025\/05\/WhatsApp-Image-2025-05-14-at-21.09.26-2.jpeg 1600w\" sizes=\"(max-width: 700px) 100vw, 700px\"><\/a><\/figure><\/li><li class=\"blocks-gallery-item\"><figure><a href=\"https:\/\/www.mendoza.gov.ar\/wp-content\/uploads\/sites\/5\/2025\/05\/WhatsApp-Image-2025-05-14-at-21.09.26-700x466.jpeg\"><img loading=\"lazy\" width=\"700\" height=\"466\" src=\"https:\/\/www.mendoza.gov.ar\/wp-content\/uploads\/sites\/5\/2025\/05\/WhatsApp-Image-2025-05-14-at-21.09.26-700x466.jpeg\" alt=\"\" data-id=\"474187\" data-link=\"https:\/\/www.mendoza.gov.ar\/prensa\/?attachment_id=474187\" class=\"wp-image-474187 img-responsive center-block\" srcset=\"https:\/\/www.mendoza.gov.ar\/wp-content\/uploads\/sites\/5\/2025\/05\/WhatsApp-Image-2025-05-14-at-21.09.26-700x466.jpeg 700w, https:\/\/www.mendoza.gov.ar\/wp-content\/uploads\/sites\/5\/2025\/05\/WhatsApp-Image-2025-05-14-at-21.09.26-250x167.jpeg 250w, https:\/\/www.mendoza.gov.ar\/wp-content\/uploads\/sites\/5\/2025\/05\/WhatsApp-Image-2025-05-14-at-21.09.26-768x512.jpeg 768w, https:\/\/www.mendoza.gov.ar\/wp-content\/uploads\/sites\/5\/2025\/05\/WhatsApp-Image-2025-05-14-at-21.09.26-1536x1023.jpeg 1536w, https:\/\/www.mendoza.gov.ar\/wp-content\/uploads\/sites\/5\/2025\/05\/WhatsApp-Image-2025-05-14-at-21.09.26-120x80.jpeg 120w, https:\/\/www.mendoza.gov.ar\/wp-content\/uploads\/sites\/5\/2025\/05\/WhatsApp-Image-2025-05-14-at-21.09.26.jpeg 1600w\" sizes=\"(max-width: 700px) 100vw, 700px\"><\/a><\/figure><\/li><li class=\"blocks-gallery-item\"><figure><a href=\"https:\/\/www.mendoza.gov.ar\/wp-content\/uploads\/sites\/5\/2025\/05\/WhatsApp-Image-2025-05-14-at-21.09.26-1-700x467.jpeg\"><img loading=\"lazy\" width=\"700\" height=\"467\" src=\"https:\/\/www.mendoza.gov.ar\/wp-content\/uploads\/sites\/5\/2025\/05\/WhatsApp-Image-2025-05-14-at-21.09.26-1-700x467.jpeg\" alt=\"\" data-id=\"474188\" data-link=\"https:\/\/www.mendoza.gov.ar\/prensa\/?attachment_id=474188\" class=\"wp-image-474188 img-responsive center-block\" srcset=\"https:\/\/www.mendoza.gov.ar\/wp-content\/uploads\/sites\/5\/2025\/05\/WhatsApp-Image-2025-05-14-at-21.09.26-1-700x467.jpeg 700w, https:\/\/www.mendoza.gov.ar\/wp-content\/uploads\/sites\/5\/2025\/05\/WhatsApp-Image-2025-05-14-at-21.09.26-1-250x167.jpeg 250w, https:\/\/www.mendoza.gov.ar\/wp-content\/uploads\/sites\/5\/2025\/05\/WhatsApp-Image-2025-05-14-at-21.09.26-1-768x512.jpeg 768w, https:\/\/www.mendoza.gov.ar\/wp-content\/uploads\/sites\/5\/2025\/05\/WhatsApp-Image-2025-05-14-at-21.09.26-1-1536x1024.jpeg 1536w, https:\/\/www.mendoza.gov.ar\/wp-content\/uploads\/sites\/5\/2025\/05\/WhatsApp-Image-2025-05-14-at-21.09.26-1-120x80.jpeg 120w, https:\/\/www.mendoza.gov.ar\/wp-content\/uploads\/sites\/5\/2025\/05\/WhatsApp-Image-2025-05-14-at-21.09.26-1.jpeg 1600w\" sizes=\"(max-width: 700px) 100vw, 700px\"><\/a><\/figure><\/li><li class=\"blocks-gallery-item\"><figure><a href=\"https:\/\/www.mendoza.gov.ar\/wp-content\/uploads\/sites\/5\/2025\/05\/PORTADA-13.jpeg\"><img loading=\"lazy\" width=\"700\" height=\"466\" src=\"https:\/\/www.mendoza.gov.ar\/wp-content\/uploads\/sites\/5\/2025\/05\/PORTADA-13-700x466.jpeg\" alt=\"\" data-id=\"474189\" data-full-url=\"https:\/\/www.mendoza.gov.ar\/wp-content\/uploads\/sites\/5\/2025\/05\/PORTADA-13.jpeg\" data-link=\"https:\/\/www.mendoza.gov.ar\/prensa\/?attachment_id=474189\" class=\"wp-image-474189 img-responsive center-block\" srcset=\"https:\/\/www.mendoza.gov.ar\/wp-content\/uploads\/sites\/5\/2025\/05\/PORTADA-13-700x466.jpeg 700w, https:\/\/www.mendoza.gov.ar\/wp-content\/uploads\/sites\/5\/2025\/05\/PORTADA-13-250x167.jpeg 250w, https:\/\/www.mendoza.gov.ar\/wp-content\/uploads\/sites\/5\/2025\/05\/PORTADA-13-768x512.jpeg 768w, https:\/\/www.mendoza.gov.ar\/wp-content\/uploads\/sites\/5\/2025\/05\/PORTADA-13-1536x1023.jpeg 1536w, https:\/\/www.mendoza.gov.ar\/wp-content\/uploads\/sites\/5\/2025\/05\/PORTADA-13-120x80.jpeg 120w, https:\/\/www.mendoza.gov.ar\/wp-content\/uploads\/sites\/5\/2025\/05\/PORTADA-13.jpeg 1600w\" sizes=\"(max-width: 700px) 100vw, 700px\"><\/a><\/figure><\/li><\/ul><\/figure>\n<\/body><\/html>\n","protected":false},"excerpt":{"rendered":"Mercedes Rus recorri&oacute; junto a Mario Abed el nuevo espacio que permitir&aacute; unificar herramientas tecnol&oacute;gicas para acortar los tiempos de respuesta y mejorar la capacidad policial. La ministra de Seguridad y Justicia, Mercedes Rus, recorri&oacute; este martes, junto al intendente de Jun&iacute;n, Mario Abed, la obra del nuevo Centro de Monitoreo que se construye en&#8230; <a class=\"view-article\" href=\"https:\/\/www.mendoza.gov.ar\/prensa\/mas-vigilancia-mejor-prevencion-avanza-la-obra-del-nuevo-centro-de-monitoreo-en-junin\/\"><\/a>","protected":false},"author":61,"featured_media":474189,"comment_status":"open","ping_status":"open","sticky":false,"template":"","format":"standard","meta":[],"categories":[33],"tags":[],"_links":{"self":[{"href":"https:\/\/www.mendoza.gov.ar\/prensa\/wp-json\/wp\/v2\/posts\/474181"}],"collection":[{"href":"https:\/\/www.mendoza.gov.ar\/prensa\/wp-json\/wp\/v2\/posts"}],"about":[{"href":"https:\/\/www.mendoza.gov.ar\/prensa\/wp-json\/wp\/v2\/types\/post"}],"author":[{"embeddable":true,"href":"https:\/\/www.mendoza.gov.ar\/prensa\/wp-json\/wp\/v2\/users\/61"}],"replies":[{"embeddable":true,"href":"https:\/\/www.mendoza.gov.ar\/prensa\/wp-json\/wp\/v2\/comments?post=474181"}],"version-history":[{"count":5,"href":"https:\/\/www.mendoza.gov.ar\/prensa\/wp-json\/wp\/v2\/posts\/474181\/revisions"}],"predecessor-version":[{"id":474206,"href":"https:\/\/www.mendoza.gov.ar\/prensa\/wp-json\/wp\/v2\/posts\/474181\/revisions\/474206"}],"wp:featuredmedia":[{"embeddable":true,"href":"https:\/\/www.mendoza.gov.ar\/prensa\/wp-json\/wp\/v2\/media\/474189"}],"wp:attachment":[{"href":"https:\/\/www.mendoza.gov.ar\/prensa\/wp-json\/wp\/v2\/media?parent=474181"}],"wp:term":[{"taxonomy":"category","embeddable":true,"href":"https:\/\/www.mendoza.gov.ar\/prensa\/wp-json\/wp\/v2\/categories?post=474181"},{"taxonomy":"post_tag","embeddable":true,"href":"https:\/\/www.mendoza.gov.ar\/prensa\/wp-json\/wp\/v2\/tags?post=474181"}],"curies":[{"name":"wp","href":"https:\/\/api.w.org\/{rel}","templated":true}]}}