{"id":474441,"date":"2025-05-16T09:46:47","date_gmt":"2025-05-16T12:46:47","guid":{"rendered":"https:\/\/www.mendoza.gov.ar\/prensa\/?p=474441"},"modified":"2025-05-16T11:40:54","modified_gmt":"2025-05-16T14:40:54","slug":"temporada-de-poda-en-mendoza-solo-estan-autorizados-municipios-vialidad-irrigacion-y-empresas-electricas","status":"publish","type":"post","link":"https:\/\/www.mendoza.gov.ar\/prensa\/temporada-de-poda-en-mendoza-solo-estan-autorizados-municipios-vialidad-irrigacion-y-empresas-electricas\/","title":{"rendered":"Temporada de poda en Mendoza: solo est\u00e1n autorizados municipios, Vialidad, Irrigaci\u00f3n y empresas el\u00e9ctricas"},"content":{"rendered":"<!DOCTYPE html PUBLIC \"-\/\/W3C\/\/DTD HTML 4.0 Transitional\/\/EN\" \"http:\/\/www.w3.org\/TR\/REC-html40\/loose.dtd\">\n<html><body><h5>La temporada se extiende hasta el 31 de agosto. El Ministerio de Energ&iacute;a y Ambiente recuerda que la poda responsable es fundamental para conservar un arbolado urbano seguro, sano y adaptado al entorno. Las personas individuales no tienen competencia legal para hacerlo y eso est&aacute; multado por ley.<\/h5>\n\n\n\n<p>Desde el 2 de mayo y hasta el 31 de agosto rige en toda la provincia la temporada de poda ordinaria, cuyo objetivo es realizar tareas de mantenimiento y conducci&oacute;n del arbolado p&uacute;blico para preservar los ejemplares y evitar interferencias con la infraestructura urbana y los servicios esenciales.<\/p>\n\n\n\n<p>Las tareas est&aacute;n exclusivamente a cargo de personal autorizado de las municipalidades y de las empresas el&eacute;ctricas habilitadas, quienes deben contar con el permiso correspondiente para intervenir sobre el arbolado en la v&iacute;a p&uacute;blica, con supervisi&oacute;n de un ingeniero agr&oacute;nomo o forestal.<\/p>\n\n\n\n<p><strong>&iquest;Qu&eacute; se poda y por qu&eacute;?<\/strong><\/p>\n\n\n\n<p>La poda ordinaria se enfoca en eliminar ramas que interfieren con:<br>&bull; Se&ntilde;ales viales<br>&bull; Luminarias<br>&bull; Sem&aacute;foros<br>&bull; Carteles<br>&bull; Techos y cableado a&eacute;reo<\/p>\n\n\n\n<p>&ldquo;El objetivo es guiar el desarrollo del &aacute;rbol para que conviva adecuadamente con el entorno urbano. Para realizar esta labor, se exige el uso de herramientas apropiadas y la supervisi&oacute;n de un ingeniero agr&oacute;nomo o forestal, quien debe garantizar que las pr&aacute;cticas se realicen conforme a los criterios t&eacute;cnicos establecidos&rdquo;, se&ntilde;al&oacute; el director de Biodiversidad y Ecoparque, Ignacio Haudet.<\/p>\n\n\n\n<p><strong>Solo con autorizaci&oacute;n oficial<\/strong><\/p>\n\n\n\n<p>Est&aacute;n habilitados a realizar estas tareas &uacute;nicamente los municipios, Vialidad, Irrigaci&oacute;n y las empresas el&eacute;ctricas que hayan tramitado la autorizaci&oacute;n correspondiente. La intervenci&oacute;n de personas f&iacute;sicas no autorizadas est&aacute; expresamente prohibida y sujeta a sanciones.<\/p>\n\n\n\n<p>&ldquo;Las personas individuales no deben tocar el &aacute;rbol. No tienen competencia legal para hacerlo y eso est&aacute; multado por ley. Esta es una &eacute;poca clave en la que se forma al &aacute;rbol para que no interfiera con los servicios p&uacute;blicos. Es importante entender que esto es parte de los servicios, no una complicaci&oacute;n&rdquo;, agreg&oacute; Haudet.<\/p>\n\n\n\n<p><strong>Una pr&aacute;ctica esencial para un arbolado sano<\/strong><\/p>\n\n\n\n<p>Desde el Ministerio de Energ&iacute;a y Ambiente se promueven pr&aacute;cticas sostenibles que garanticen la protecci&oacute;n del patrimonio natural de Mendoza. La poda responsable es una herramienta fundamental para conservar un arbolado urbano seguro, sano y adaptado al entorno.<\/p>\n\n\n\n<p>Ante cualquier duda, consulta o denuncia sobre intervenciones no autorizadas, se recomienda comunicarse con el municipio correspondiente o con la <a href=\"https:\/\/ticketsform.mendoza.gov.ar\/ticketsform\/servlet\/responderformulario?PORTAL_AMBIENTE\" data-type=\"URL\" data-id=\"https:\/\/ticketsform.mendoza.gov.ar\/ticketsform\/servlet\/responderformulario?PORTAL_AMBIENTE\">Direcci&oacute;n de Biodiversidad y Ecoparque<\/a> <\/p>\n\n\n\n<figure class=\"wp-block-gallery columns-1\"><ul class=\"blocks-gallery-grid\"><li class=\"blocks-gallery-item\"><figure><a href=\"https:\/\/www.mendoza.gov.ar\/wp-content\/uploads\/sites\/5\/2021\/03\/Mendoza.jpg\"><img src=\"https:\/\/www.mendoza.gov.ar\/wp-content\/uploads\/sites\/5\/2021\/03\/Mendoza-700x525.jpg\" alt=\"\" data-id=\"262681\" data-full-url=\"https:\/\/www.mendoza.gov.ar\/wp-content\/uploads\/sites\/5\/2021\/03\/Mendoza.jpg\" data-link=\"https:\/\/www.mendoza.gov.ar\/prensa\/arbolado-publico-el-gobierno-licita-la-adquisicion-de-7-destoconadoras\/mendoza-2\/\" class=\"wp-image-262681 img-responsive center-block\"><\/a><\/figure><\/li><\/ul><\/figure>\n<\/body><\/html>\n","protected":false},"excerpt":{"rendered":"La temporada se extiende hasta el 31 de agosto. El Ministerio de Energ&iacute;a y Ambiente recuerda que la poda responsable es fundamental para conservar un arbolado urbano seguro, sano y adaptado al entorno. Las personas individuales no tienen competencia legal para hacerlo y eso est&aacute; multado por ley. Desde el 2 de mayo y hasta&#8230; <a class=\"view-article\" href=\"https:\/\/www.mendoza.gov.ar\/prensa\/temporada-de-poda-en-mendoza-solo-estan-autorizados-municipios-vialidad-irrigacion-y-empresas-electricas\/\"><\/a>","protected":false},"author":61,"featured_media":262681,"comment_status":"open","ping_status":"open","sticky":false,"template":"","format":"standard","meta":[],"categories":[3037,3039,3,2711],"tags":[],"_links":{"self":[{"href":"https:\/\/www.mendoza.gov.ar\/prensa\/wp-json\/wp\/v2\/posts\/474441"}],"collection":[{"href":"https:\/\/www.mendoza.gov.ar\/prensa\/wp-json\/wp\/v2\/posts"}],"about":[{"href":"https:\/\/www.mendoza.gov.ar\/prensa\/wp-json\/wp\/v2\/types\/post"}],"author":[{"embeddable":true,"href":"https:\/\/www.mendoza.gov.ar\/prensa\/wp-json\/wp\/v2\/users\/61"}],"replies":[{"embeddable":true,"href":"https:\/\/www.mendoza.gov.ar\/prensa\/wp-json\/wp\/v2\/comments?post=474441"}],"version-history":[{"count":6,"href":"https:\/\/www.mendoza.gov.ar\/prensa\/wp-json\/wp\/v2\/posts\/474441\/revisions"}],"predecessor-version":[{"id":474464,"href":"https:\/\/www.mendoza.gov.ar\/prensa\/wp-json\/wp\/v2\/posts\/474441\/revisions\/474464"}],"wp:featuredmedia":[{"embeddable":true,"href":"https:\/\/www.mendoza.gov.ar\/prensa\/wp-json\/wp\/v2\/media\/262681"}],"wp:attachment":[{"href":"https:\/\/www.mendoza.gov.ar\/prensa\/wp-json\/wp\/v2\/media?parent=474441"}],"wp:term":[{"taxonomy":"category","embeddable":true,"href":"https:\/\/www.mendoza.gov.ar\/prensa\/wp-json\/wp\/v2\/categories?post=474441"},{"taxonomy":"post_tag","embeddable":true,"href":"https:\/\/www.mendoza.gov.ar\/prensa\/wp-json\/wp\/v2\/tags?post=474441"}],"curies":[{"name":"wp","href":"https:\/\/api.w.org\/{rel}","templated":true}]}}