{"id":475148,"date":"2025-05-20T12:43:52","date_gmt":"2025-05-20T15:43:52","guid":{"rendered":"https:\/\/www.mendoza.gov.ar\/prensa\/?p=475148"},"modified":"2025-05-20T16:33:11","modified_gmt":"2025-05-20T19:33:11","slug":"la-biblioteca-san-martin-recibira-un-concierto-del-duo-contrabajo-piano","status":"publish","type":"post","link":"https:\/\/www.mendoza.gov.ar\/prensa\/la-biblioteca-san-martin-recibira-un-concierto-del-duo-contrabajo-piano\/","title":{"rendered":"La Biblioteca San Mart\u00edn recibir\u00e1 un concierto del D\u00fao Contrabajo-Piano"},"content":{"rendered":"<!DOCTYPE html PUBLIC \"-\/\/W3C\/\/DTD HTML 4.0 Transitional\/\/EN\" \"http:\/\/www.w3.org\/TR\/REC-html40\/loose.dtd\">\n<html><body><h5>Este jueves 22, a las 20, la Biblioteca P&uacute;blica de la provincia recibir&aacute; al ensamble integrado por Carlos&nbsp;Verenzuela en&nbsp;contrabajo&nbsp;y Andrea&nbsp;Hoz en piano. La entrada ser&aacute; gratuita.<\/h5>\n\n\n\n<p>Ambos m&uacute;sicos cuentan con una vasta trayectoria&nbsp;en otras agrupaciones con las que han abordado diferentes estilos&nbsp;musicales del repertorio cl&aacute;sico universal. A partir de esta premisa decidieron, a fines de 2024, aunar sus inquietudes musicales para caminar esta nueva propuesta art&iacute;stica.<\/p>\n\n\n\n<p>La entrada es gratuita y por orden de llegada en la instituci&oacute;n ubicada en Remedios Escalada de San Mart&iacute;n 1843 de la Ciudad de Mendoza.<\/p>\n\n\n\n<p><strong>Programa:<\/strong><\/p>\n\n\n\n<p>&middot;&nbsp;Preludio 5ta suite para violonchelo solo- J. S. Bach<\/p>\n\n\n\n<p>&middot;&nbsp;Eleg&iacute;a en Re &ndash; Giovanni Bottesini<\/p>\n\n\n\n<p>&middot;&nbsp;Fantasy Pieces &ndash; Robert Schumann<\/p>\n\n\n\n<p>&middot;&nbsp;A Carmen Fantasy &ndash; Frank Proto<\/p>\n\n\n\n<p>1- Preludio<\/p>\n\n\n\n<p>2- Aragonesa<\/p>\n\n\n\n<p>3- Aria de Micaela<\/p>\n\n\n\n<p>4- Toredor Song<\/p>\n\n\n\n<p>5- Bohemian Dance<\/p>\n\n\n\n<p>&middot;&nbsp;Adi&oacute;s Nonino &ndash; Astor Piazzolla<\/p>\n\n\n\n<p><strong>Andrea Hoz<\/strong><\/p>\n\n\n\n<p>Es licenciada en M&uacute;sica, especialidad Piano. Egresada de la c&aacute;tedra de las profesoras Isabel Calvo y Gloria Basso de la Facultad de Artes y Dise&ntilde;o de la UNCuyo. Por dos a&ntilde;os consecutivos obtuvo la &ldquo;Beca para la Promoci&oacute;n de la Investigaci&oacute;n&rdquo;, en la categor&iacute;a de Formaci&oacute;n Superior de la UNCuyo.<\/p>\n\n\n\n<p>Ha realizado conciertos en diferentes salas de la Provincia, en Sal&oacute;n Dorado del Teatro Col&oacute;n de Buenos Aires y en el extranjero en la sala Isidora Zegers en Chile. Ha participado, adem&aacute;s, en numerosos cursos de perfeccionamiento. Asimismo, en su labor docente se desempe&ntilde;a como profesora de piano, de&nbsp;Audioperceptiva y Pianista Acompa&ntilde;ante.<\/p>\n\n\n\n<p>Actualmente es profesora de piano en la facultad de Artes y Dise&ntilde;o UNCuyo y en el instituto de Profesorado de Artes 9-014, aula Eugenio Bustos y Directora de la Escuela Art&iacute;stica 5-007 Juli&aacute;n Aguirre.<\/p>\n\n\n\n<p><strong>Carlos Antonio Verenzuela<\/strong><\/p>\n\n\n\n<p>Es un destacado contrabajista nacido en San Fernando de Apure, Venezuela. Obtuvo el grado de contrabajista en 1995, bajo la gu&iacute;a del maestro Pierre Hellouin, en el Conservatorio Marcel Dupr&eacute; de Meudon (Francia). De all&iacute; egres&oacute; con honores, por decisi&oacute;n un&aacute;nime del jurado.<\/p>\n\n\n\n<p>Ha tocado como solista con las m&aacute;s importantes orquestas de Venezuela, ofreciendo conciertos y recitales. Ejerci&oacute; la docencia en la Academia Nacional de Contrabajos y en el Conservatorio Sim&oacute;n Bol&iacute;var. Tambi&eacute;n, particip&oacute; en el programa de la Unesco de formaci&oacute;n de Orquestas Juveniles en Latinoam&eacute;rica.<\/p>\n\n\n\n<p>Form&oacute; parte de la Sinf&oacute;nica de Venezuela como solista de la fila de contrabajos. Durante 2015, fue principal hu&eacute;sped de la Filarm&oacute;nica de Jalisco y desde ese a&ntilde;o hasta el 2018, como principal contrabajo de la Sinf&oacute;nica Nacional del Paraguay. Desde 2018, se desempe&ntilde;a como solista de la fila de contrabajos de Orquesta Filarm&oacute;nica de Mendoza.&nbsp;<\/p>\n\n\n\n<figure class=\"wp-block-gallery columns-3\"><ul class=\"blocks-gallery-grid\"><li class=\"blocks-gallery-item\"><figure><a href=\"https:\/\/www.mendoza.gov.ar\/wp-content\/uploads\/sites\/5\/2025\/05\/BPGSM-cartel-10-700x465.jpg\"><img loading=\"lazy\" width=\"700\" height=\"465\" src=\"https:\/\/www.mendoza.gov.ar\/wp-content\/uploads\/sites\/5\/2025\/05\/BPGSM-cartel-10-700x465.jpg\" alt=\"\" data-id=\"475150\" data-link=\"https:\/\/www.mendoza.gov.ar\/prensa\/?attachment_id=475150\" class=\"wp-image-475150 img-responsive center-block\" srcset=\"https:\/\/www.mendoza.gov.ar\/wp-content\/uploads\/sites\/5\/2025\/05\/BPGSM-cartel-10-700x465.jpg 700w, https:\/\/www.mendoza.gov.ar\/wp-content\/uploads\/sites\/5\/2025\/05\/BPGSM-cartel-10-250x166.jpg 250w, https:\/\/www.mendoza.gov.ar\/wp-content\/uploads\/sites\/5\/2025\/05\/BPGSM-cartel-10-768x511.jpg 768w, https:\/\/www.mendoza.gov.ar\/wp-content\/uploads\/sites\/5\/2025\/05\/BPGSM-cartel-10-120x80.jpg 120w, https:\/\/www.mendoza.gov.ar\/wp-content\/uploads\/sites\/5\/2025\/05\/BPGSM-cartel-10.jpg 1280w\" sizes=\"(max-width: 700px) 100vw, 700px\"><\/a><\/figure><\/li><li class=\"blocks-gallery-item\"><figure><a href=\"https:\/\/www.mendoza.gov.ar\/wp-content\/uploads\/sites\/5\/2025\/05\/CarlosVerenzuela-700x467.jpg\"><img loading=\"lazy\" width=\"700\" height=\"467\" src=\"https:\/\/www.mendoza.gov.ar\/wp-content\/uploads\/sites\/5\/2025\/05\/CarlosVerenzuela-700x467.jpg\" alt=\"\" data-id=\"475151\" data-link=\"https:\/\/www.mendoza.gov.ar\/prensa\/?attachment_id=475151\" class=\"wp-image-475151 img-responsive center-block\" srcset=\"https:\/\/www.mendoza.gov.ar\/wp-content\/uploads\/sites\/5\/2025\/05\/CarlosVerenzuela-700x467.jpg 700w, https:\/\/www.mendoza.gov.ar\/wp-content\/uploads\/sites\/5\/2025\/05\/CarlosVerenzuela-250x167.jpg 250w, https:\/\/www.mendoza.gov.ar\/wp-content\/uploads\/sites\/5\/2025\/05\/CarlosVerenzuela-768x512.jpg 768w, https:\/\/www.mendoza.gov.ar\/wp-content\/uploads\/sites\/5\/2025\/05\/CarlosVerenzuela-1536x1024.jpg 1536w, https:\/\/www.mendoza.gov.ar\/wp-content\/uploads\/sites\/5\/2025\/05\/CarlosVerenzuela-2048x1365.jpg 2048w, https:\/\/www.mendoza.gov.ar\/wp-content\/uploads\/sites\/5\/2025\/05\/CarlosVerenzuela-120x80.jpg 120w\" sizes=\"(max-width: 700px) 100vw, 700px\"><\/a><\/figure><\/li><li class=\"blocks-gallery-item\"><figure><a href=\"https:\/\/www.mendoza.gov.ar\/wp-content\/uploads\/sites\/5\/2025\/05\/Biblioteca-Publica-Gral.-San-Martin-1-700x465.jpg\"><img loading=\"lazy\" width=\"700\" height=\"465\" src=\"https:\/\/www.mendoza.gov.ar\/wp-content\/uploads\/sites\/5\/2025\/05\/Biblioteca-Publica-Gral.-San-Martin-1-700x465.jpg\" alt=\"\" data-id=\"475154\" data-link=\"https:\/\/www.mendoza.gov.ar\/prensa\/?attachment_id=475154\" class=\"wp-image-475154 img-responsive center-block\" srcset=\"https:\/\/www.mendoza.gov.ar\/wp-content\/uploads\/sites\/5\/2025\/05\/Biblioteca-Publica-Gral.-San-Martin-1-700x465.jpg 700w, https:\/\/www.mendoza.gov.ar\/wp-content\/uploads\/sites\/5\/2025\/05\/Biblioteca-Publica-Gral.-San-Martin-1-250x166.jpg 250w, https:\/\/www.mendoza.gov.ar\/wp-content\/uploads\/sites\/5\/2025\/05\/Biblioteca-Publica-Gral.-San-Martin-1-768x510.jpg 768w, https:\/\/www.mendoza.gov.ar\/wp-content\/uploads\/sites\/5\/2025\/05\/Biblioteca-Publica-Gral.-San-Martin-1-1536x1020.jpg 1536w, https:\/\/www.mendoza.gov.ar\/wp-content\/uploads\/sites\/5\/2025\/05\/Biblioteca-Publica-Gral.-San-Martin-1-120x80.jpg 120w, https:\/\/www.mendoza.gov.ar\/wp-content\/uploads\/sites\/5\/2025\/05\/Biblioteca-Publica-Gral.-San-Martin-1.jpg 1959w\" sizes=\"(max-width: 700px) 100vw, 700px\"><\/a><\/figure><\/li><li class=\"blocks-gallery-item\"><figure><a href=\"https:\/\/www.mendoza.gov.ar\/wp-content\/uploads\/sites\/5\/2025\/05\/Duo-Contrabajo-Piano-1.jpg\"><img loading=\"lazy\" width=\"700\" height=\"700\" src=\"https:\/\/www.mendoza.gov.ar\/wp-content\/uploads\/sites\/5\/2025\/05\/Duo-Contrabajo-Piano-1-700x700.jpg\" alt=\"\" data-id=\"475155\" data-full-url=\"https:\/\/www.mendoza.gov.ar\/wp-content\/uploads\/sites\/5\/2025\/05\/Duo-Contrabajo-Piano-1.jpg\" data-link=\"https:\/\/www.mendoza.gov.ar\/prensa\/?attachment_id=475155\" class=\"wp-image-475155 img-responsive center-block\" srcset=\"https:\/\/www.mendoza.gov.ar\/wp-content\/uploads\/sites\/5\/2025\/05\/Duo-Contrabajo-Piano-1-700x700.jpg 700w, https:\/\/www.mendoza.gov.ar\/wp-content\/uploads\/sites\/5\/2025\/05\/Duo-Contrabajo-Piano-1-250x250.jpg 250w, https:\/\/www.mendoza.gov.ar\/wp-content\/uploads\/sites\/5\/2025\/05\/Duo-Contrabajo-Piano-1-150x150.jpg 150w, https:\/\/www.mendoza.gov.ar\/wp-content\/uploads\/sites\/5\/2025\/05\/Duo-Contrabajo-Piano-1-120x120.jpg 120w, https:\/\/www.mendoza.gov.ar\/wp-content\/uploads\/sites\/5\/2025\/05\/Duo-Contrabajo-Piano-1.jpg 720w\" sizes=\"(max-width: 700px) 100vw, 700px\"><\/a><\/figure><\/li><\/ul><\/figure>\n<\/body><\/html>\n","protected":false},"excerpt":{"rendered":"Este jueves 22, a las 20, la Biblioteca P&uacute;blica de la provincia recibir&aacute; al ensamble integrado por Carlos&nbsp;Verenzuela en&nbsp;contrabajo&nbsp;y Andrea&nbsp;Hoz en piano. La entrada ser&aacute; gratuita. Ambos m&uacute;sicos cuentan con una vasta trayectoria&nbsp;en otras agrupaciones con las que han abordado diferentes estilos&nbsp;musicales del repertorio cl&aacute;sico universal. A partir de esta premisa decidieron, a fines de&#8230; <a class=\"view-article\" href=\"https:\/\/www.mendoza.gov.ar\/prensa\/la-biblioteca-san-martin-recibira-un-concierto-del-duo-contrabajo-piano\/\"><\/a>","protected":false},"author":61,"featured_media":475155,"comment_status":"open","ping_status":"open","sticky":false,"template":"","format":"standard","meta":[],"categories":[8,12],"tags":[],"_links":{"self":[{"href":"https:\/\/www.mendoza.gov.ar\/prensa\/wp-json\/wp\/v2\/posts\/475148"}],"collection":[{"href":"https:\/\/www.mendoza.gov.ar\/prensa\/wp-json\/wp\/v2\/posts"}],"about":[{"href":"https:\/\/www.mendoza.gov.ar\/prensa\/wp-json\/wp\/v2\/types\/post"}],"author":[{"embeddable":true,"href":"https:\/\/www.mendoza.gov.ar\/prensa\/wp-json\/wp\/v2\/users\/61"}],"replies":[{"embeddable":true,"href":"https:\/\/www.mendoza.gov.ar\/prensa\/wp-json\/wp\/v2\/comments?post=475148"}],"version-history":[{"count":4,"href":"https:\/\/www.mendoza.gov.ar\/prensa\/wp-json\/wp\/v2\/posts\/475148\/revisions"}],"predecessor-version":[{"id":475231,"href":"https:\/\/www.mendoza.gov.ar\/prensa\/wp-json\/wp\/v2\/posts\/475148\/revisions\/475231"}],"wp:featuredmedia":[{"embeddable":true,"href":"https:\/\/www.mendoza.gov.ar\/prensa\/wp-json\/wp\/v2\/media\/475155"}],"wp:attachment":[{"href":"https:\/\/www.mendoza.gov.ar\/prensa\/wp-json\/wp\/v2\/media?parent=475148"}],"wp:term":[{"taxonomy":"category","embeddable":true,"href":"https:\/\/www.mendoza.gov.ar\/prensa\/wp-json\/wp\/v2\/categories?post=475148"},{"taxonomy":"post_tag","embeddable":true,"href":"https:\/\/www.mendoza.gov.ar\/prensa\/wp-json\/wp\/v2\/tags?post=475148"}],"curies":[{"name":"wp","href":"https:\/\/api.w.org\/{rel}","templated":true}]}}