{"id":47523,"date":"2016-02-07T08:26:41","date_gmt":"2016-02-07T11:26:41","guid":{"rendered":"http:\/\/prensa.mendoza.gov.ar\/?p=47523"},"modified":"2016-02-07T08:26:41","modified_gmt":"2016-02-07T11:26:41","slug":"el-gobierno-entregara-creditos-para-la-cosecha-de-la-ciruela","status":"publish","type":"post","link":"https:\/\/www.mendoza.gov.ar\/prensa\/el-gobierno-entregara-creditos-para-la-cosecha-de-la-ciruela\/","title":{"rendered":"El Gobierno entregar\u00e1 cr\u00e9ditos para la cosecha de la ciruela"},"content":{"rendered":"<!DOCTYPE html PUBLIC \"-\/\/W3C\/\/DTD HTML 4.0 Transitional\/\/EN\" \"http:\/\/www.w3.org\/TR\/REC-html40\/loose.dtd\">\n<html><body><p>El gobernador, Alfredo Cornejo, anoche estuvo presente en la fiesta de la Vendimia del departamento de General Alvear, all&iacute; lleg&oacute; acompa&ntilde;ado por el secretario de Cultura, Diego Gareca y funcionarios del Ente Aut&aacute;rquico de Turismo. En conferencia de prensa, se refiri&oacute; a varios temas coyunturales de la provincia.<\/p>\n<p><strong>Econom&iacute;as regionales<\/strong><\/p>\n<p>Cornejo anunci&oacute; en primer lugar, ayuda econ&oacute;mica para las econom&iacute;as regionales, como es el caso de la ciruela, &ldquo;Alfredo Aciar, subsecretario de Agricultura y Ganader&iacute;a de la provincia, va estar el jueves aqu&iacute;, pero ya estamos trabajando desde hace tiempo con la Naci&oacute;n y con el ministro de Econom&iacute;a, Enrique Vaqui&eacute;, en este tema. Hemos firmado con el Banco Naci&oacute;n cr&eacute;ditos especiales con cuotas promocionales, como ten&iacute;a hist&oacute;ricamente el Valle de Rio Negro, ya que tenemos una producci&oacute;n similar&rdquo; explic&oacute; el gobernador.<\/p>\n<p>&ldquo;La ayuda para la ciruela la vamos a articular con el municipio de General Alvear y con la Secretaria de Agricultura de Mendoza, a partir del jueves vamos a explicar las condiciones y quienes pueden acceder&rdquo; anticip&oacute; el mandatario.<\/p>\n<p><strong>Energ&iacute;a<\/strong><\/p>\n<p>En referencia al proyecto local para la construcci&oacute;n de un Parque Fotovoltaico y un Parque Termosolar que se transformar&aacute; en el emprendimiento de energ&iacute;a solar m&aacute;s grande de Latinoam&eacute;rica, Cornejo expres&oacute;: &ldquo;Los protocolos internacionales del mundo exigen energ&iacute;as renovables, en lugar de energ&iacute;as sucias que son las m&aacute;s baratas, hay una necesidad del mundo de ir hacia energ&iacute;as limpias como la solar y la e&oacute;lica, nosotros queremos que Mendoza, en la diversificaci&oacute;n de la matriz productiva, pueda tener m&aacute;s energ&iacute;as y atraer inversiones internacionales en ese sentido&rdquo;.<\/p>\n<p>&ldquo;El proyecto de este Municipio ha sido incentivado por la Provincia y estamos trabajando en el tema, ayudando y sosteniendo y lo hemos llevado a la Naci&oacute;n para trabajar con otros departamentos y con otras provincias que tienen buen aprovechamiento del sol. Este proyecto es el que va m&aacute;s r&aacute;pido porque tiene convenio firmado y un inversor detr&aacute;s&rdquo; agreg&oacute; el gobernador.<\/p>\n<p><a href=\"https:\/\/www.mendoza.gov.ar\/prensa\/wp-content\/uploads\/sites\/23\/cornejo.jpg\"><img loading=\"lazy\" class=\"alignnone wp-image-47526 img-responsive center-block\" src=\"https:\/\/www.mendoza.gov.ar\/prensa\/wp-content\/uploads\/sites\/23\/cornejo.jpg\" alt=\"\" width=\"650\" height=\"432\"><\/a><\/p>\n<p><strong>El vino<\/strong><\/p>\n<p>Consultado sobre la implementaci&oacute;n de la medida anunciada por el presidente de la Naci&oacute;n, de la compra del sobre stock v&iacute;nico, el mandatario provincial coment&oacute;: &ldquo;Los principales instrumentos los tiene la Naci&oacute;n, nosotros vamos a aportar los nuestros, en el caso del vino vamos a tratar de retirar el sobre stock pero que no se mienta con esto, sino que sea real&rdquo;.<\/p>\n<p>La semana entrante se implementar&aacute; la primera etapa del convenio, con la ayuda a los productores que no est&aacute;n asociados a cooperativas, que son los m&aacute;s vulnerables y la provincia les comprar&aacute; el vino en primer lugar.<\/p>\n<p>Luego el circuito continuar&aacute; con la compra de sobre stock a los productores asociados, y finalmente al resto. &ldquo;A cada uno de ellos vamos a hacerle el control que el INV no hizo nunca, para saber que nadie nos est&eacute; mintiendo, estoy seguro de que en forma paulatina el valor del vino se va a ir ajustando&rdquo; expres&oacute; Cornejo.<\/p>\n<p><strong>La paritaria<\/strong><\/p>\n<p>Este viernes se dio comienzo a la primera negociaci&oacute;n paritaria del a&ntilde;o, el sector que por estos d&iacute;as debate salarios es el de la educaci&oacute;n. En ese sentido, Cornejo expres&oacute;: &ldquo;Nos estamos preocupando por el salario docente pero tambi&eacute;n por la calidad educativa, el Gobierno representa el inter&eacute;s general de los mendocinos, vamos a procurar que en la paritaria quede satisfecho el inter&eacute;s general, por ello hemos incorporado el &iacute;tem para las personas que est&aacute;n frente al aula, as&iacute; se favorece el alumno&rdquo;.<\/p>\n<p>En referencia al porcentaje de la paritaria, Gobernador dej&oacute; en claro que &ldquo;el techo y el piso de la negociaci&oacute;n, es la funcionalidad del sistema y lo que podemos pagar&rdquo;.<\/p>\n<p><strong>Paso internacional<\/strong><\/p>\n<p>Para finalizar, el jefe del Ejecutivo se refiri&oacute; a los problemas que se presentan en los distintos pasos internacionales debido a las intensas lluvias en alta monta&ntilde;a. En el caso de Pehuenche, Cornejo dijo: &ldquo;Le faltan obras y casi 16 kil&oacute;metros de pavimento que nos proponemos terminar, tenemos muchos a&ntilde;os para invertir en ese sentido, y vamos a trabajar en la alternativa del Paso Las Le&ntilde;as&rdquo;.<\/p>\n<p>&ldquo;Lo que debemos hacer de inmediato es mejorar s&iacute; o s&iacute; el Paso Los Libertadores y hacer las obras necesarias, mientras esperamos las megas obras como el t&uacute;nel de baja altura que sin financiamiento internacional es de dif&iacute;cil cumplimiento&rdquo; afirm&oacute; Cornejo.<\/p>\n<p><a href=\"https:\/\/www.mendoza.gov.ar\/prensa\/wp-content\/uploads\/sites\/23\/vendimia.jpg\"><img loading=\"lazy\" class=\"alignnone wp-image-47524 img-responsive center-block\" src=\"https:\/\/www.mendoza.gov.ar\/prensa\/wp-content\/uploads\/sites\/23\/vendimia.jpg\" alt=\"\" width=\"650\" height=\"432\"><\/a><\/p>\n<\/body><\/html>\n","protected":false},"excerpt":{"rendered":"Lo anunci\u00f3 Alfredo Cornejo en la fiesta de la Vendimia de General Alvear, tambi\u00e9n se refiri\u00f3 al nuevo parque de energ\u00eda fotovoltaica, al precio del vino, a las paritarias docentes y a las obras en el paso internacional Los Libertadores y Pehuenche.","protected":false},"author":3,"featured_media":47525,"comment_status":"open","ping_status":"open","sticky":false,"template":"","format":"standard","meta":[],"categories":[19],"tags":[],"_links":{"self":[{"href":"https:\/\/www.mendoza.gov.ar\/prensa\/wp-json\/wp\/v2\/posts\/47523"}],"collection":[{"href":"https:\/\/www.mendoza.gov.ar\/prensa\/wp-json\/wp\/v2\/posts"}],"about":[{"href":"https:\/\/www.mendoza.gov.ar\/prensa\/wp-json\/wp\/v2\/types\/post"}],"author":[{"embeddable":true,"href":"https:\/\/www.mendoza.gov.ar\/prensa\/wp-json\/wp\/v2\/users\/3"}],"replies":[{"embeddable":true,"href":"https:\/\/www.mendoza.gov.ar\/prensa\/wp-json\/wp\/v2\/comments?post=47523"}],"version-history":[{"count":0,"href":"https:\/\/www.mendoza.gov.ar\/prensa\/wp-json\/wp\/v2\/posts\/47523\/revisions"}],"wp:featuredmedia":[{"embeddable":true,"href":"https:\/\/www.mendoza.gov.ar\/prensa\/wp-json\/wp\/v2\/media\/47525"}],"wp:attachment":[{"href":"https:\/\/www.mendoza.gov.ar\/prensa\/wp-json\/wp\/v2\/media?parent=47523"}],"wp:term":[{"taxonomy":"category","embeddable":true,"href":"https:\/\/www.mendoza.gov.ar\/prensa\/wp-json\/wp\/v2\/categories?post=47523"},{"taxonomy":"post_tag","embeddable":true,"href":"https:\/\/www.mendoza.gov.ar\/prensa\/wp-json\/wp\/v2\/tags?post=47523"}],"curies":[{"name":"wp","href":"https:\/\/api.w.org\/{rel}","templated":true}]}}