{"id":47671,"date":"2016-02-11T09:57:41","date_gmt":"2016-02-11T12:57:41","guid":{"rendered":"http:\/\/prensa.mendoza.gov.ar\/?p=47671"},"modified":"2016-02-11T09:57:41","modified_gmt":"2016-02-11T12:57:41","slug":"aviones-combatieron-tormentas-graniceras-en-el-este-y-en-el-sur","status":"publish","type":"post","link":"https:\/\/www.mendoza.gov.ar\/prensa\/aviones-combatieron-tormentas-graniceras-en-el-este-y-en-el-sur\/","title":{"rendered":"Aviones de Contingencias combatieron tormentas graniceras en el Este y en el Sur"},"content":{"rendered":"<!DOCTYPE html PUBLIC \"-\/\/W3C\/\/DTD HTML 4.0 Transitional\/\/EN\" \"http:\/\/www.w3.org\/TR\/REC-html40\/loose.dtd\">\n<html><body><p>Un intenso trabajo tuvieron ayer los radaristas y pilotos del sistema de mitigaci&oacute;n de granizo, ya que pasadas las 19, las aeronaves despegaron con rumbo al Este y el Sur de la provincia. En concreto, los aviones sembraron bengalas de ioduro de plata en &nbsp;20 c&eacute;lulas de tormentas, 16 de ellas en los oasis de los departamentos sure&ntilde;os.<\/p>\n<p>Las tormentas afectaron el oeste de Nueva California, noreste del El Central, norte de El Divisadero y oeste de Montecaseros en el departamento de San Mart&iacute;n y en el sur de El Carmen y Costa de Araujo en Lavalle.<\/p>\n<p>En tanto, las tormentas que precipitaron lluvia fuerte y granizo en el Sur cayeron sobre el noreste de Las Paredes, sur de El Cerrito, norte de Ciudad, centro de Ca&ntilde;ada Seca, sur de Villa Atuel, noroeste de real del Padre y sur de Jaime Prats en San Rafael y en La Escandinava y Carmensa en General Alvear.<\/p>\n<p>Adem&aacute;s, hay que recordar que en las delegaciones de la Direcci&oacute;n de Contingencias Clim&aacute;ticas est&aacute;n habilitados los registros para que los productores denuncien da&ntilde;os por tormentas, que luego son cotejados por peritos especializados. Una vez cumplido el tr&aacute;mite, pueden acceder al pago del seguro del Fondo Solidario Agr&iacute;cola todos aquellos productores que se hayan adherido al r&eacute;gimen.<\/p>\n<\/body><\/html>\n","protected":false},"excerpt":{"rendered":"Las c\u00e9lulas se formaron sobre \u00e1reas cultivadas de San Mart\u00edn, Lavalle, San Rafael y General Alvear.","protected":false},"author":3,"featured_media":47673,"comment_status":"open","ping_status":"open","sticky":false,"template":"","format":"standard","meta":[],"categories":[1],"tags":[],"_links":{"self":[{"href":"https:\/\/www.mendoza.gov.ar\/prensa\/wp-json\/wp\/v2\/posts\/47671"}],"collection":[{"href":"https:\/\/www.mendoza.gov.ar\/prensa\/wp-json\/wp\/v2\/posts"}],"about":[{"href":"https:\/\/www.mendoza.gov.ar\/prensa\/wp-json\/wp\/v2\/types\/post"}],"author":[{"embeddable":true,"href":"https:\/\/www.mendoza.gov.ar\/prensa\/wp-json\/wp\/v2\/users\/3"}],"replies":[{"embeddable":true,"href":"https:\/\/www.mendoza.gov.ar\/prensa\/wp-json\/wp\/v2\/comments?post=47671"}],"version-history":[{"count":0,"href":"https:\/\/www.mendoza.gov.ar\/prensa\/wp-json\/wp\/v2\/posts\/47671\/revisions"}],"wp:featuredmedia":[{"embeddable":true,"href":"https:\/\/www.mendoza.gov.ar\/prensa\/wp-json\/wp\/v2\/media\/47673"}],"wp:attachment":[{"href":"https:\/\/www.mendoza.gov.ar\/prensa\/wp-json\/wp\/v2\/media?parent=47671"}],"wp:term":[{"taxonomy":"category","embeddable":true,"href":"https:\/\/www.mendoza.gov.ar\/prensa\/wp-json\/wp\/v2\/categories?post=47671"},{"taxonomy":"post_tag","embeddable":true,"href":"https:\/\/www.mendoza.gov.ar\/prensa\/wp-json\/wp\/v2\/tags?post=47671"}],"curies":[{"name":"wp","href":"https:\/\/api.w.org\/{rel}","templated":true}]}}