{"id":47694,"date":"2016-02-11T15:40:59","date_gmt":"2016-02-11T18:40:59","guid":{"rendered":"http:\/\/prensa.mendoza.gov.ar\/?p=47694"},"modified":"2016-02-11T15:40:59","modified_gmt":"2016-02-11T18:40:59","slug":"la-legislatura-de-mendoza-comenzo-con-las-actividades-vinculadas-al-centenario-de-constitucion-provincial-de-1916","status":"publish","type":"post","link":"https:\/\/www.mendoza.gov.ar\/prensa\/la-legislatura-de-mendoza-comenzo-con-las-actividades-vinculadas-al-centenario-de-constitucion-provincial-de-1916\/","title":{"rendered":"La Legislatura de Mendoza comenz\u00f3 con las actividades vinculadas al Centenario de la Constituci\u00f3n Provincial de 1916"},"content":{"rendered":"<!DOCTYPE html PUBLIC \"-\/\/W3C\/\/DTD HTML 4.0 Transitional\/\/EN\" \"http:\/\/www.w3.org\/TR\/REC-html40\/loose.dtd\">\n<html><body><p>Por iniciativa de la vicegobernadora, Laura Montero; del presidente de la C&aacute;mara de Diputados, N&eacute;stor Par&eacute;s y con la presencia del gobernador, Alfredo Cornejo, se realiz&oacute; hoy al mediod&iacute;a en la Casa de las Leyes un Coloquio del cual participaron importantes letrados mendocinos. La actividad se realiz&oacute; en el Sal&oacute;n de los Pasos Perdidos e hizo referencia tanto al centenario de la Ley de Leyes, aprobada en 1916, como as&iacute; tambi&eacute;n a la necesidad de su reformulaci&oacute;n.<\/p>\n<p><strong><a href=\"https:\/\/www.mendoza.gov.ar\/prensa\/wp-content\/uploads\/sites\/23\/DSC1816.jpg\"><img loading=\"lazy\" class=\"aligncenter wp-image-47705 img-responsive center-block\" src=\"https:\/\/www.mendoza.gov.ar\/prensa\/wp-content\/uploads\/sites\/23\/DSC1816.jpg\" alt=\"\" width=\"650\" height=\"434\"><\/a><\/strong><\/p>\n<p>&nbsp;<\/p>\n<p>La apertura del acto, estuvo a cargo de la vicegobernadora Montero, qui&eacute;n agradeci&oacute; a los expositores y moderadores presentes en el centenario de la Carta Magna. &ldquo;Estoy feliz de que nos encontremos aqu&iacute; en la conmemoraci&oacute;n de esta Constituci&oacute;n tan s&oacute;lida y firme que nos ha durado 100 a&ntilde;os. Es importante poner en valor la tarea realizada por aquellos constituyentes que, en un contexto hist&oacute;rico complicado, lograron redactarla. Me pregunto si estamos en condiciones de asumir aquel desaf&iacute;o y poder dar un paso adelante en su an&aacute;lisis y su actualizaci&oacute;n y estoy convencida que s&iacute;. Agradezco al Gobernador por su compromiso y apoyo y por acompa&ntilde;arnos en la tarea legislativa que vamos a emprender respecto a este tema&rdquo;.<\/p>\n<!--[if lt IE 9]><script>document.createElement('audio');<\/script><![endif]-->\n<audio class=\"wp-audio-shortcode\" id=\"audio-47694-1\" preload=\"none\" style=\"width: 100%;\" controls=\"controls\"><source type=\"audio\/mpeg\" src=\"https:\/\/www.mendoza.gov.ar\/prensa\/wp-content\/uploads\/sites\/23\/01-Intro-Laura-Montero.mp3?_=1\" \/><a href=\"https:\/\/www.mendoza.gov.ar\/prensa\/wp-content\/uploads\/sites\/23\/01-Intro-Laura-Montero.mp3\">https:\/\/www.mendoza.gov.ar\/prensa\/wp-content\/uploads\/sites\/23\/01-Intro-Laura-Montero.mp3<\/a><\/audio>\n<p>Por su parte, el presidente de la C&aacute;mara de Diputados, N&eacute;stor Par&eacute;s hizo referencia a la importancia de que en la Legislatura se organicen este tipo de actividades que ponen en valor nuestra Constituci&oacute;n: <em>&ldquo;<\/em>Fue un desaf&iacute;o poder llevar a cabo este Coloquio y en esta &eacute;poca del a&ntilde;o, donde las actividades est&aacute;n empezando y sin dudas es un &eacute;xito. Demuestra tambi&eacute;n el inter&eacute;s que despierta en la ciudadan&iacute;a este tipo de temas. Tenemos una Constituci&oacute;n que hoy est&aacute; cumpliendo 100 a&ntilde;os, que en su momento fue de avanzada y hoy merece ser modernizada, con aquella visi&oacute;n de futuro que tuvieron los legisladores de 1916&rdquo;.<\/p>\n<audio class=\"wp-audio-shortcode\" id=\"audio-47694-2\" preload=\"none\" style=\"width: 100%;\" controls=\"controls\"><source type=\"audio\/mpeg\" src=\"https:\/\/www.mendoza.gov.ar\/prensa\/wp-content\/uploads\/sites\/23\/02-N&eacute;stor-Par&eacute;s.mp3?_=2\" \/><a href=\"https:\/\/www.mendoza.gov.ar\/prensa\/wp-content\/uploads\/sites\/23\/02-N&eacute;stor-Par&eacute;s.mp3\">https:\/\/www.mendoza.gov.ar\/prensa\/wp-content\/uploads\/sites\/23\/02-N&eacute;stor-Par&eacute;s.mp3<\/a><\/audio>\n<p>El primer bloque del Coloquio, estuvo a cargo del Dr. Carlos Eg&uuml;es y &nbsp;la Dra. A&iacute;da Kemelmajer de Carlucci&nbsp;(con la presencia del periodista Luis Abrego como moderador) quienes hablaron sobre el contexto hist&oacute;rico de la Constituci&oacute;n de 1916. Eg&uuml;es hizo menci&oacute;n al momento pol&iacute;tico, social y econ&oacute;mico que se atravesaba por entonces. &ldquo;La pol&iacute;tica mendocina se realizaba, en esos a&ntilde;os, bajo la influencia de dos caudillos: Emilio Civit, jefe del movimiento liberal gobernante desde la segunda presidencia de Roca y Jos&eacute; N&eacute;stor Lencinas, conductor de las fuerzas populares que se nuclearon alrededor de las banderas radicales. No obstante ello, tuvieron notorias diferencias con Irigoyen. Es decir que la Convenci&oacute;n de 1915\/16 se realiz&oacute; en un momento peculiar, casi un instante hist&oacute;rico, en que esas presencias descollantes se neutralizaron&rdquo;, destac&oacute; el letrado.<\/p>\n<p>&ldquo;Nunca fui defensora de la inmovilidad de las leyes. Mendoza siempre cont&oacute; con una &eacute;lite intelectual y en aquel contexto hist&oacute;rico de 1916 hab&iacute;a derechos fundamentales que son los mismos que hoy tenemos. La Provincia tiene una Constituci&oacute;n extraordinaria, pero obviamente una constituci&oacute;n de 1916 necesita un aggiornamiento. Si pensamos que el mundo ha cambiado, la Constituci&oacute;n debe ser actualizada&rdquo;, coment&oacute; durante el primer bloque, la ex ministro de la Suprema Corte de Justicia mendocina, A&iacute;da Kemelmajer.<\/p>\n<audio class=\"wp-audio-shortcode\" id=\"audio-47694-3\" preload=\"none\" style=\"width: 100%;\" controls=\"controls\"><source type=\"audio\/mpeg\" src=\"https:\/\/www.mendoza.gov.ar\/prensa\/wp-content\/uploads\/sites\/23\/04-A&iacute;da-Kemmelmajer.mp3?_=3\" \/><a href=\"https:\/\/www.mendoza.gov.ar\/prensa\/wp-content\/uploads\/sites\/23\/04-A&iacute;da-Kemmelmajer.mp3\">https:\/\/www.mendoza.gov.ar\/prensa\/wp-content\/uploads\/sites\/23\/04-A&iacute;da-Kemmelmajer.mp3<\/a><\/audio>\n<p>En el segundo bloque de la actividad, disertaron la Dra. Gabriela &Aacute;balos y el Dr. Ismael Farrando,&nbsp;sobre las &ldquo;Instituciones y Organismos de Control&rdquo;, el debate fue moderado por la periodista Viviana Garc&iacute;a Sotelo.<\/p>\n<p>&ldquo;El r&eacute;gimen municipal requiere una reforma integral de la Constituci&oacute;n provincial, no poner parches. Ahora bien, ante la imposibilidad de llegar a una reforma amplia, se apela a esta modificaci&oacute;n que es un camino que se inicia en ese sentido. Mendoza hace 20 a&ntilde;os que est&aacute; incumpliendo con la Constituci&oacute;n Nacional, con una regla b&aacute;sica&nbsp;como es la autonom&iacute;a municipal&rdquo;, coment&oacute; &Aacute;balos.<\/p>\n<p>Por su parte, Ismael Farrando destac&oacute;: &ldquo;Cuando hablamos de reformar la Constituci&oacute;n debe analizarse necesidad y oportunidad, ya que en muchos casos puede ser importante hacer esa reforma pero no es el momento de hacerla. Han pasado 100 a&ntilde;os y existen t&eacute;cnicas nuevas, tratados internacionales, derechos fundamentales nuevos y esto indica que el concepto de necesidad se da absolutamente hoy&rdquo;.<\/p>\n<p>Y agreg&oacute;: &ldquo;Mantendr&iacute;a su estructura e incluir&iacute;a dentro de ella el r&eacute;gimen municipal o darle una autonom&iacute;a a la Fiscal&iacute;a de Investigaci&oacute;n Administrativa. Tenemos que tener una constituci&oacute;n que enamore a los mendocinos y a las mendocinas. Yo creo que enamora cuando se tiene sentido com&uacute;n&rdquo;.<\/p>\n<p>La &uacute;ltima exposici&oacute;n estuvo a cargo del Dr. Miguel Mathus Escorihuela y de la Dra. Isabel Agnello quienes hablaron sobre los &ldquo;organismos descentralizados&rdquo;. Actu&oacute; como moderador el periodista Fernando Z&aacute;rraga.<\/p>\n<p>El Dr. Miguel Mathus Escorihuela expuso que la reforma deber&iacute;a limitarse a la reelecci&oacute;n de los intendentes y legisladores; existir representatividad de los departamentos de todo el territorio provincial y crear un sistema de control de los magistrados y legisladores para que estos cumplan con su deber. En cuanto al &uacute;ltimo punto respecto a la responsabilidad de los legisladores dijo: &ldquo;La Ley de Suelo ha estado casi 11 a&ntilde;os en la Legislatura y se encuentra frenada por los municipios. Esto no debe ser as&iacute; ya que hay un tr&aacute;mite pautado para el tratamiento de un proyecto de ley&rdquo;.<\/p>\n<audio class=\"wp-audio-shortcode\" id=\"audio-47694-4\" preload=\"none\" style=\"width: 100%;\" controls=\"controls\"><source type=\"audio\/mpeg\" src=\"https:\/\/www.mendoza.gov.ar\/prensa\/wp-content\/uploads\/sites\/23\/12-Miguel-Mathus-Escorihuela.mp3?_=4\" \/><a href=\"https:\/\/www.mendoza.gov.ar\/prensa\/wp-content\/uploads\/sites\/23\/12-Miguel-Mathus-Escorihuela.mp3\">https:\/\/www.mendoza.gov.ar\/prensa\/wp-content\/uploads\/sites\/23\/12-Miguel-Mathus-Escorihuela.mp3<\/a><\/audio>\n<p>En cuanto al sistema h&iacute;drico Mathus Escorihuela expuso que, &ldquo;hay que modificar el sistema de elecci&oacute;n de los consejeros y del Superintendente, ya que estas autoridades deben ser elegidas por los usuarios&rdquo;.<\/p>\n<p>La Dra. Isabel Agnello aport&oacute; datos respecto al enfoque de los constituyentes de entonces en cuanto a los organismos descentralizados, como por ejemplo, la Direcci&oacute;n General de Escuelas: &ldquo;Tuvieron muy presente y analizaron la problem&aacute;tica que Mendoza ten&iacute;a en ese momento. En este sentido, se focalizaron en la dificultad que ten&iacute;an los establecimientos educativos. Otro problema que se presentaba era la diversidad idiom&aacute;tica que exist&iacute;a por la cantidad de inmigrantes que hab&iacute;a. Todo esto qued&oacute; reflejado y fue muy importante el aporte que se hizo en materia educativa por la mirada progresista que ten&iacute;a el articulado&rdquo;.<\/p>\n<p>Para concluir el evento, el secretario Legislativo de la C&aacute;mara de Senadores, Diego Seoane<strong>,<\/strong> comunic&oacute; &nbsp;las actividades que se realizar&aacute;n a lo largo del a&ntilde;o en la provincia, &nbsp;por el Centenario de la Constituci&oacute;n de 1916. Entre los meses de febrero y diciembre se realizar&aacute;n talleres, audiencias p&uacute;blicas, coloquios y foros que abordar&aacute;n dicha tem&aacute;tica.<\/p>\n<p>Asistieron al acto intendentes (Rodolfo Su&aacute;rez &ndash;Ciudad-, Miguel Ronco-Rivadavia- y Tadeo Garc&iacute;a Zalazar &ndash;Godoy Cruz-), legisladores (Juan Carlos Jaliff, Adri&aacute;n Reche, C&eacute;sar Biffi, Patricia Fadel, Eduardo Bauz&aacute;, Daniela Garc&iacute;a, Silvia Ramos, Alejandro Molero, Mariana Caroglio, Guillermo Amstutz, Norma Corsino, Miguel Bondino, Jorge T&eacute;vez, Juan Agulles, Jorge Albarrac&iacute;n, Anal&iacute;a Jaime, entre otros), representantes de la Justicia (Procurador Rodolfo Gonz&aacute;lez), el Asesor de Gobierno (C&eacute;sar Mosso Gianinni) y funcionarios del Ejecutivo encabezados por el Ministro Dalmiro Garay. Por otra parte asistieron autoridades de las distintas universidades de Mendoza, citamos al rector de la Universidad Nacional de Cuyo, Daniel Pizzi.<\/p>\n<p><em>&nbsp;<\/em><\/p>\n<p><em>&nbsp;<\/em><\/p>\n<p><em>&nbsp;<\/em><\/p>\n<p>&nbsp;<\/p>\n<\/body><\/html>\n","protected":false},"excerpt":{"rendered":"Se realiz\u00f3 un coloquio en el sal\u00f3n de los Pasos Perdidos y cont\u00f3 con la presencia del Gobernador Alfredo Cornejo.","protected":false},"author":3,"featured_media":47715,"comment_status":"open","ping_status":"open","sticky":false,"template":"","format":"standard","meta":[],"categories":[1],"tags":[],"_links":{"self":[{"href":"https:\/\/www.mendoza.gov.ar\/prensa\/wp-json\/wp\/v2\/posts\/47694"}],"collection":[{"href":"https:\/\/www.mendoza.gov.ar\/prensa\/wp-json\/wp\/v2\/posts"}],"about":[{"href":"https:\/\/www.mendoza.gov.ar\/prensa\/wp-json\/wp\/v2\/types\/post"}],"author":[{"embeddable":true,"href":"https:\/\/www.mendoza.gov.ar\/prensa\/wp-json\/wp\/v2\/users\/3"}],"replies":[{"embeddable":true,"href":"https:\/\/www.mendoza.gov.ar\/prensa\/wp-json\/wp\/v2\/comments?post=47694"}],"version-history":[{"count":0,"href":"https:\/\/www.mendoza.gov.ar\/prensa\/wp-json\/wp\/v2\/posts\/47694\/revisions"}],"wp:featuredmedia":[{"embeddable":true,"href":"https:\/\/www.mendoza.gov.ar\/prensa\/wp-json\/wp\/v2\/media\/47715"}],"wp:attachment":[{"href":"https:\/\/www.mendoza.gov.ar\/prensa\/wp-json\/wp\/v2\/media?parent=47694"}],"wp:term":[{"taxonomy":"category","embeddable":true,"href":"https:\/\/www.mendoza.gov.ar\/prensa\/wp-json\/wp\/v2\/categories?post=47694"},{"taxonomy":"post_tag","embeddable":true,"href":"https:\/\/www.mendoza.gov.ar\/prensa\/wp-json\/wp\/v2\/tags?post=47694"}],"curies":[{"name":"wp","href":"https:\/\/api.w.org\/{rel}","templated":true}]}}