{"id":47798,"date":"2016-02-12T11:21:21","date_gmt":"2016-02-12T14:21:21","guid":{"rendered":"http:\/\/prensa.mendoza.gov.ar\/?p=47798"},"modified":"2016-02-12T11:21:21","modified_gmt":"2016-02-12T14:21:21","slug":"el-lunes-comienza-el-pago-de-la-deuda-del-fondo-solidario-agricola","status":"publish","type":"post","link":"https:\/\/www.mendoza.gov.ar\/prensa\/el-lunes-comienza-el-pago-de-la-deuda-del-fondo-solidario-agricola\/","title":{"rendered":"El lunes comienza el pago de la deuda del Fondo Solidario Agr\u00edcola"},"content":{"rendered":"<!DOCTYPE html PUBLIC \"-\/\/W3C\/\/DTD HTML 4.0 Transitional\/\/EN\" \"http:\/\/www.w3.org\/TR\/REC-html40\/loose.dtd\">\n<html><body><p>El Gobierno provincial transferir&aacute; a los productores del Este mendocino los fondos que llegaron de Naci&oacute;n para pagar el seguro agr&iacute;cola correspondiente a la compensaci&oacute;n por las contingencias clim&aacute;ticas que sucedieron en la temporada 2014- 2015.<\/p>\n<p>La demora del desembolso lleva cerca de seis meses y es producto del incumplimiento de la gesti&oacute;n anterior, al momento de traspasar a la Provincia, un fondo de $20 millones para completar el pago a los productores afectados.<\/p>\n<p>La deuda est&aacute; focalizada en 424 productores &nbsp;de la zona Este (San Mart&iacute;n, Jun&iacute;n, Rivadavia, Santa Rosa y La Paz) que recibir&aacute;n sus cheques seg&uacute;n un cronograma de pago dividido en 6 lotes, que comienza el pr&oacute;ximo lunes 15 de febrero.<\/p>\n<p>Los acreedores cobrar&aacute;n el cheque en la sucursal del Banco Superville de San Mart&iacute;n seg&uacute;n la siguiente agenda:<\/p>\n<table class=\" table table-hover\">\n<tbody>\n<tr>\n<td width=\"199\">NRO DE ORDEN<\/td>\n<td width=\"200\">LOTE<\/td>\n<td width=\"200\">FECHA DE PAGO<\/td>\n<\/tr>\n<tr>\n<td width=\"199\">1597 &ndash; 1677<\/td>\n<td width=\"200\">1<\/td>\n<td width=\"200\">Lunes 15<\/td>\n<\/tr>\n<tr>\n<td width=\"199\">1678 &ndash; 1745<\/td>\n<td width=\"200\">2<\/td>\n<td width=\"200\">Martes 16<\/td>\n<\/tr>\n<tr>\n<td width=\"199\">1746 &ndash; 1828<\/td>\n<td width=\"200\">3<\/td>\n<td width=\"200\">Mi&eacute;rcoles 17<\/td>\n<\/tr>\n<tr>\n<td width=\"199\">1829 &ndash; 1889<\/td>\n<td width=\"200\">4<\/td>\n<td width=\"200\">Jueves 18<\/td>\n<\/tr>\n<tr>\n<td width=\"199\">1890 &ndash; 1956<\/td>\n<td width=\"200\">5<\/td>\n<td width=\"200\">Viernes 19<\/td>\n<\/tr>\n<tr>\n<td width=\"199\">1957- 2023<\/td>\n<td width=\"200\">6<\/td>\n<td width=\"200\">Lunes 22<\/td>\n<\/tr>\n<\/tbody>\n<\/table>\n<p>&nbsp;<\/p>\n<p>Para mayor informaci&oacute;n, los beneficiarios podr&aacute;n comunicarse con Mendoza Fiduciaria al 0261-4253636 \/ 4380045<\/p>\n<\/body><\/html>\n","protected":false},"excerpt":{"rendered":"Se trata de $14 millones, gestionados en la Naci\u00f3n, que se destinar\u00e1n a 424 productores del Este, que no hab\u00edan accedido al beneficio de compensaci\u00f3n.  ","protected":false},"author":3,"featured_media":47802,"comment_status":"open","ping_status":"open","sticky":false,"template":"","format":"standard","meta":[],"categories":[1],"tags":[],"_links":{"self":[{"href":"https:\/\/www.mendoza.gov.ar\/prensa\/wp-json\/wp\/v2\/posts\/47798"}],"collection":[{"href":"https:\/\/www.mendoza.gov.ar\/prensa\/wp-json\/wp\/v2\/posts"}],"about":[{"href":"https:\/\/www.mendoza.gov.ar\/prensa\/wp-json\/wp\/v2\/types\/post"}],"author":[{"embeddable":true,"href":"https:\/\/www.mendoza.gov.ar\/prensa\/wp-json\/wp\/v2\/users\/3"}],"replies":[{"embeddable":true,"href":"https:\/\/www.mendoza.gov.ar\/prensa\/wp-json\/wp\/v2\/comments?post=47798"}],"version-history":[{"count":0,"href":"https:\/\/www.mendoza.gov.ar\/prensa\/wp-json\/wp\/v2\/posts\/47798\/revisions"}],"wp:featuredmedia":[{"embeddable":true,"href":"https:\/\/www.mendoza.gov.ar\/prensa\/wp-json\/wp\/v2\/media\/47802"}],"wp:attachment":[{"href":"https:\/\/www.mendoza.gov.ar\/prensa\/wp-json\/wp\/v2\/media?parent=47798"}],"wp:term":[{"taxonomy":"category","embeddable":true,"href":"https:\/\/www.mendoza.gov.ar\/prensa\/wp-json\/wp\/v2\/categories?post=47798"},{"taxonomy":"post_tag","embeddable":true,"href":"https:\/\/www.mendoza.gov.ar\/prensa\/wp-json\/wp\/v2\/tags?post=47798"}],"curies":[{"name":"wp","href":"https:\/\/api.w.org\/{rel}","templated":true}]}}