{"id":478005,"date":"2025-06-03T16:49:23","date_gmt":"2025-06-03T19:49:23","guid":{"rendered":"https:\/\/www.mendoza.gov.ar\/prensa\/?p=478005"},"modified":"2025-06-03T19:06:13","modified_gmt":"2025-06-03T22:06:13","slug":"latorre-participo-del-operativo-de-limpieza-del-colector-frias-y-alerto-que-solo-en-un-ano-sacaron-3-000-toneladas-de-basura","status":"publish","type":"post","link":"https:\/\/www.mendoza.gov.ar\/prensa\/latorre-participo-del-operativo-de-limpieza-del-colector-frias-y-alerto-que-solo-en-un-ano-sacaron-3-000-toneladas-de-basura\/","title":{"rendered":"Latorre particip\u00f3 en el operativo de limpieza del colector Fr\u00edas y alert\u00f3 que solo en un a\u00f1o sacaron 3.000 toneladas de basura"},"content":{"rendered":"<!DOCTYPE html PUBLIC \"-\/\/W3C\/\/DTD HTML 4.0 Transitional\/\/EN\" \"http:\/\/www.w3.org\/TR\/REC-html40\/loose.dtd\">\n<html><body><h5>La ministra de Energ&iacute;a y Ambiente particip&oacute; en el operativo conjunto con Godoy Cruz para limpiar el colector Fr&iacute;as, del que se han extra&iacute;do 100 toneladas de residuos en lo que va de 2025. Advirti&oacute; sobre el impacto sist&eacute;mico de tirar basura en infraestructura cr&iacute;tica, con un fuerte llamado a la conciencia ciudadana: &ldquo;Estos canales protegen vidas. Si no est&aacute;n limpios, el riesgo de inundaciones es real&rdquo;.<\/h5>\n\n\n\n<p>En el marco de la Semana Mundial del Ambiente, la ministra Jimena Latorre lider&oacute; una jornada de limpieza y concientizaci&oacute;n en el colector Fr&iacute;as, uno de los canales aluvionales m&aacute;s importantes del Gran Mendoza. La actividad fue realizada de manera conjunta con la Municipalidad de Godoy Cruz, con un fuerte llamado a la responsabilidad ciudadana.<\/p>\n\n\n\n<p>&ldquo;El a&ntilde;o pasado sacamos 3.000 toneladas de basura de los colectores. No es barro, es pl&aacute;stico, residuos mal dispuestos&rdquo;, afirm&oacute; la ministra de Energ&iacute;a y Ambiente, quien remarc&oacute; que el mantenimiento de esta infraestructura clave &ldquo;no es solo una tarea del Estado, sino una responsabilidad compartida con la ciudadan&iacute;a. Solo en este colector ya se retiraron 100 toneladas de residuos en lo que va del a&ntilde;o&rdquo;.<\/p>\n\n\n\n<p>Latorre explic&oacute; que la zona metropolitana de Mendoza est&aacute; ubicada al pie de la monta&ntilde;a, &ldquo;lo que la hace especialmente vulnerable durante grandes tormentas&rdquo;.<\/p>\n\n\n\n<p>&ldquo;Si no cont&aacute;ramos con colectores aluvionales en funcionamiento, estas lluvias podr&iacute;an provocar colapsos e inundaciones. Sin embargo, eso no ocurre gracias a la existencia y mantenimiento permanente de esta infraestructura cr&iacute;tica. Por eso, el llamado es claro: la responsabilidad no es solo del Estado a trav&eacute;s de la obra p&uacute;blica y de las limpiezas, sino tambi&eacute;n de la ciudadan&iacute;a, que debe evitar arrojar residuos en estos canales&rdquo;, agreg&oacute;.<\/p>\n\n\n\n<p>En el operativo participaron adem&aacute;s el director de Hidr&aacute;ulica, Pablo Rodr&iacute;guez; el director de Gesti&oacute;n y Fiscalizaci&oacute;n Ambiental, Leonardo Fern&aacute;ndez; el director de Biodiversidad y Ecoparque, Ignacio Haudet, y el coordinador de la Subsecretar&iacute;a de Ambiente, Ariel Lima. En representaci&oacute;n del Municipio de Godoy Cruz asistieron la directora de Ambiente, Mar&iacute;a Emilia Molina, funcionarios municipales y concejales.<\/p>\n\n\n\n<p>&ldquo;Solo en este colector ya se retiraron 100 toneladas de residuos en lo que va del a&ntilde;o&rdquo;, subray&oacute; Latorre.<\/p>\n\n\n\n<p><strong>Reciclaje, coordinaci&oacute;n y responsabilidad<\/strong><\/p>\n\n\n\n<p>La ministra destac&oacute; la articulaci&oacute;n entre &aacute;reas provinciales y municipales para llevar adelante tareas de limpieza, poda y reutilizaci&oacute;n del material de embanque. &ldquo;No es solo una acci&oacute;n de Hidr&aacute;ulica o de un municipio en soledad. Es un trabajo sist&eacute;mico. Por eso es clave la sinergia entre Ambiente y Energ&iacute;a, como se ha dado en este ministerio unificado&rdquo;.<\/p>\n\n\n\n<p>Consultada sobre posibles cierres o restricciones para evitar que la poblaci&oacute;n arroje basura, Latorre fue enf&aacute;tica: &ldquo;Encapotar un colector no es viable. Necesitamos conciencia. No se trata solo de limpiar, sino de dejar de ensuciar. Esta infraestructura protege vidas&rdquo;.<\/p>\n\n\n\n<p>La actividad se enmarca en una serie de acciones por el D&iacute;a Mundial del Ambiente, con foco en la gesti&oacute;n responsable de los residuos s&oacute;lidos urbanos (RSU), especialmente el uso y descarte del pl&aacute;stico. &ldquo;Todo empieza por una decisi&oacute;n individual. La basura que tiramos vuelve, y lo hace en forma de contaminaci&oacute;n, de inundaciones, de deterioro ambiental&rdquo;, cerr&oacute; Latorre.<\/p>\n\n\n\n<p>Cabe recordar que Mendoza est&aacute; implementando una transformaci&oacute;n profunda en la gesti&oacute;n de los residuos s&oacute;lidos urbanos (RSU) mediante una estrategia integral con todos los municipios, que combina infraestructura, inclusi&oacute;n social y un nuevo marco normativo.<\/p>\n\n\n\n<p>El Gobierno provincial ha creado el Registro Provincial para la disposici&oacute;n final segura de RSU, que establece condiciones t&eacute;cnicas y ambientales para todos los departamentos, con controles peri&oacute;dicos y certificaciones anuales<\/p>\n\n\n\n<p>Adem&aacute;s, se est&aacute; elaborando un nuevo proyecto de ley que busca modernizar el sistema de Gesti&oacute;n Integral de Residuos S&oacute;lidos Urbanos (GIRSU), promoviendo la econom&iacute;a circular, la trazabilidad de los desechos y la erradicaci&oacute;n definitiva de los basurales a cielo abierto.<\/p>\n\n\n\n<figure class=\"wp-block-gallery columns-3\"><ul class=\"blocks-gallery-grid\"><li class=\"blocks-gallery-item\"><figure><a href=\"https:\/\/www.mendoza.gov.ar\/wp-content\/uploads\/sites\/5\/2025\/06\/DSC_4091-700x467.jpg\"><img loading=\"lazy\" width=\"700\" height=\"467\" src=\"https:\/\/www.mendoza.gov.ar\/wp-content\/uploads\/sites\/5\/2025\/06\/DSC_4091-700x467.jpg\" alt=\"\" data-id=\"478015\" data-link=\"https:\/\/www.mendoza.gov.ar\/prensa\/?attachment_id=478015\" class=\"wp-image-478015 img-responsive center-block\" srcset=\"https:\/\/www.mendoza.gov.ar\/wp-content\/uploads\/sites\/5\/2025\/06\/DSC_4091-700x467.jpg 700w, https:\/\/www.mendoza.gov.ar\/wp-content\/uploads\/sites\/5\/2025\/06\/DSC_4091-250x167.jpg 250w, https:\/\/www.mendoza.gov.ar\/wp-content\/uploads\/sites\/5\/2025\/06\/DSC_4091-768x513.jpg 768w, https:\/\/www.mendoza.gov.ar\/wp-content\/uploads\/sites\/5\/2025\/06\/DSC_4091-1536x1025.jpg 1536w, https:\/\/www.mendoza.gov.ar\/wp-content\/uploads\/sites\/5\/2025\/06\/DSC_4091-2048x1367.jpg 2048w, https:\/\/www.mendoza.gov.ar\/wp-content\/uploads\/sites\/5\/2025\/06\/DSC_4091-120x80.jpg 120w\" sizes=\"(max-width: 700px) 100vw, 700px\"><\/a><\/figure><\/li><li class=\"blocks-gallery-item\"><figure><a href=\"https:\/\/www.mendoza.gov.ar\/wp-content\/uploads\/sites\/5\/2025\/06\/DSC_4085-700x467.jpg\"><img loading=\"lazy\" width=\"700\" height=\"467\" src=\"https:\/\/www.mendoza.gov.ar\/wp-content\/uploads\/sites\/5\/2025\/06\/DSC_4085-700x467.jpg\" alt=\"\" data-id=\"478016\" data-link=\"https:\/\/www.mendoza.gov.ar\/prensa\/?attachment_id=478016\" class=\"wp-image-478016 img-responsive center-block\" srcset=\"https:\/\/www.mendoza.gov.ar\/wp-content\/uploads\/sites\/5\/2025\/06\/DSC_4085-700x467.jpg 700w, https:\/\/www.mendoza.gov.ar\/wp-content\/uploads\/sites\/5\/2025\/06\/DSC_4085-250x167.jpg 250w, https:\/\/www.mendoza.gov.ar\/wp-content\/uploads\/sites\/5\/2025\/06\/DSC_4085-768x513.jpg 768w, https:\/\/www.mendoza.gov.ar\/wp-content\/uploads\/sites\/5\/2025\/06\/DSC_4085-1536x1025.jpg 1536w, https:\/\/www.mendoza.gov.ar\/wp-content\/uploads\/sites\/5\/2025\/06\/DSC_4085-2048x1367.jpg 2048w, https:\/\/www.mendoza.gov.ar\/wp-content\/uploads\/sites\/5\/2025\/06\/DSC_4085-120x80.jpg 120w\" sizes=\"(max-width: 700px) 100vw, 700px\"><\/a><\/figure><\/li><li class=\"blocks-gallery-item\"><figure><a href=\"https:\/\/www.mendoza.gov.ar\/wp-content\/uploads\/sites\/5\/2025\/06\/DSC_4083-700x467.jpg\"><img loading=\"lazy\" width=\"700\" height=\"467\" src=\"https:\/\/www.mendoza.gov.ar\/wp-content\/uploads\/sites\/5\/2025\/06\/DSC_4083-700x467.jpg\" alt=\"\" data-id=\"478017\" data-link=\"https:\/\/www.mendoza.gov.ar\/prensa\/?attachment_id=478017\" class=\"wp-image-478017 img-responsive center-block\" srcset=\"https:\/\/www.mendoza.gov.ar\/wp-content\/uploads\/sites\/5\/2025\/06\/DSC_4083-700x467.jpg 700w, https:\/\/www.mendoza.gov.ar\/wp-content\/uploads\/sites\/5\/2025\/06\/DSC_4083-250x167.jpg 250w, https:\/\/www.mendoza.gov.ar\/wp-content\/uploads\/sites\/5\/2025\/06\/DSC_4083-768x513.jpg 768w, https:\/\/www.mendoza.gov.ar\/wp-content\/uploads\/sites\/5\/2025\/06\/DSC_4083-1536x1025.jpg 1536w, https:\/\/www.mendoza.gov.ar\/wp-content\/uploads\/sites\/5\/2025\/06\/DSC_4083-2048x1367.jpg 2048w, https:\/\/www.mendoza.gov.ar\/wp-content\/uploads\/sites\/5\/2025\/06\/DSC_4083-120x80.jpg 120w\" sizes=\"(max-width: 700px) 100vw, 700px\"><\/a><\/figure><\/li><li class=\"blocks-gallery-item\"><figure><a href=\"https:\/\/www.mendoza.gov.ar\/wp-content\/uploads\/sites\/5\/2025\/06\/DSC_4071-700x467.jpg\"><img loading=\"lazy\" width=\"700\" height=\"467\" src=\"https:\/\/www.mendoza.gov.ar\/wp-content\/uploads\/sites\/5\/2025\/06\/DSC_4071-700x467.jpg\" alt=\"\" data-id=\"478018\" data-link=\"https:\/\/www.mendoza.gov.ar\/prensa\/?attachment_id=478018\" class=\"wp-image-478018 img-responsive center-block\" srcset=\"https:\/\/www.mendoza.gov.ar\/wp-content\/uploads\/sites\/5\/2025\/06\/DSC_4071-700x467.jpg 700w, https:\/\/www.mendoza.gov.ar\/wp-content\/uploads\/sites\/5\/2025\/06\/DSC_4071-250x167.jpg 250w, https:\/\/www.mendoza.gov.ar\/wp-content\/uploads\/sites\/5\/2025\/06\/DSC_4071-768x513.jpg 768w, https:\/\/www.mendoza.gov.ar\/wp-content\/uploads\/sites\/5\/2025\/06\/DSC_4071-1536x1025.jpg 1536w, https:\/\/www.mendoza.gov.ar\/wp-content\/uploads\/sites\/5\/2025\/06\/DSC_4071-2048x1367.jpg 2048w, https:\/\/www.mendoza.gov.ar\/wp-content\/uploads\/sites\/5\/2025\/06\/DSC_4071-120x80.jpg 120w\" sizes=\"(max-width: 700px) 100vw, 700px\"><\/a><\/figure><\/li><li class=\"blocks-gallery-item\"><figure><a href=\"https:\/\/www.mendoza.gov.ar\/wp-content\/uploads\/sites\/5\/2025\/06\/DSC_4047-700x467.jpg\"><img loading=\"lazy\" width=\"700\" height=\"467\" src=\"https:\/\/www.mendoza.gov.ar\/wp-content\/uploads\/sites\/5\/2025\/06\/DSC_4047-700x467.jpg\" alt=\"\" data-id=\"478019\" data-link=\"https:\/\/www.mendoza.gov.ar\/prensa\/?attachment_id=478019\" class=\"wp-image-478019 img-responsive center-block\" srcset=\"https:\/\/www.mendoza.gov.ar\/wp-content\/uploads\/sites\/5\/2025\/06\/DSC_4047-700x467.jpg 700w, https:\/\/www.mendoza.gov.ar\/wp-content\/uploads\/sites\/5\/2025\/06\/DSC_4047-250x167.jpg 250w, https:\/\/www.mendoza.gov.ar\/wp-content\/uploads\/sites\/5\/2025\/06\/DSC_4047-768x513.jpg 768w, https:\/\/www.mendoza.gov.ar\/wp-content\/uploads\/sites\/5\/2025\/06\/DSC_4047-1536x1025.jpg 1536w, https:\/\/www.mendoza.gov.ar\/wp-content\/uploads\/sites\/5\/2025\/06\/DSC_4047-2048x1367.jpg 2048w, https:\/\/www.mendoza.gov.ar\/wp-content\/uploads\/sites\/5\/2025\/06\/DSC_4047-120x80.jpg 120w\" sizes=\"(max-width: 700px) 100vw, 700px\"><\/a><\/figure><\/li><li class=\"blocks-gallery-item\"><figure><a href=\"https:\/\/www.mendoza.gov.ar\/wp-content\/uploads\/sites\/5\/2025\/06\/DSC_4045-700x467.jpg\"><img loading=\"lazy\" width=\"700\" height=\"467\" src=\"https:\/\/www.mendoza.gov.ar\/wp-content\/uploads\/sites\/5\/2025\/06\/DSC_4045-700x467.jpg\" alt=\"\" data-id=\"478020\" data-link=\"https:\/\/www.mendoza.gov.ar\/prensa\/?attachment_id=478020\" class=\"wp-image-478020 img-responsive center-block\" srcset=\"https:\/\/www.mendoza.gov.ar\/wp-content\/uploads\/sites\/5\/2025\/06\/DSC_4045-700x467.jpg 700w, https:\/\/www.mendoza.gov.ar\/wp-content\/uploads\/sites\/5\/2025\/06\/DSC_4045-250x167.jpg 250w, https:\/\/www.mendoza.gov.ar\/wp-content\/uploads\/sites\/5\/2025\/06\/DSC_4045-768x513.jpg 768w, https:\/\/www.mendoza.gov.ar\/wp-content\/uploads\/sites\/5\/2025\/06\/DSC_4045-1536x1025.jpg 1536w, https:\/\/www.mendoza.gov.ar\/wp-content\/uploads\/sites\/5\/2025\/06\/DSC_4045-2048x1367.jpg 2048w, https:\/\/www.mendoza.gov.ar\/wp-content\/uploads\/sites\/5\/2025\/06\/DSC_4045-120x80.jpg 120w\" sizes=\"(max-width: 700px) 100vw, 700px\"><\/a><\/figure><\/li><li class=\"blocks-gallery-item\"><figure><a href=\"https:\/\/www.mendoza.gov.ar\/wp-content\/uploads\/sites\/5\/2025\/06\/DSC_4040-3-700x467.jpg\"><img loading=\"lazy\" width=\"700\" height=\"467\" src=\"https:\/\/www.mendoza.gov.ar\/wp-content\/uploads\/sites\/5\/2025\/06\/DSC_4040-3-700x467.jpg\" alt=\"\" data-id=\"478021\" data-link=\"https:\/\/www.mendoza.gov.ar\/prensa\/?attachment_id=478021\" class=\"wp-image-478021 img-responsive center-block\" srcset=\"https:\/\/www.mendoza.gov.ar\/wp-content\/uploads\/sites\/5\/2025\/06\/DSC_4040-3-700x467.jpg 700w, https:\/\/www.mendoza.gov.ar\/wp-content\/uploads\/sites\/5\/2025\/06\/DSC_4040-3-250x167.jpg 250w, https:\/\/www.mendoza.gov.ar\/wp-content\/uploads\/sites\/5\/2025\/06\/DSC_4040-3-768x513.jpg 768w, https:\/\/www.mendoza.gov.ar\/wp-content\/uploads\/sites\/5\/2025\/06\/DSC_4040-3-1536x1025.jpg 1536w, https:\/\/www.mendoza.gov.ar\/wp-content\/uploads\/sites\/5\/2025\/06\/DSC_4040-3-2048x1367.jpg 2048w, https:\/\/www.mendoza.gov.ar\/wp-content\/uploads\/sites\/5\/2025\/06\/DSC_4040-3-120x80.jpg 120w\" sizes=\"(max-width: 700px) 100vw, 700px\"><\/a><\/figure><\/li><li class=\"blocks-gallery-item\"><figure><a href=\"https:\/\/www.mendoza.gov.ar\/wp-content\/uploads\/sites\/5\/2025\/06\/DSC_4036-700x467.jpg\"><img loading=\"lazy\" width=\"700\" height=\"467\" src=\"https:\/\/www.mendoza.gov.ar\/wp-content\/uploads\/sites\/5\/2025\/06\/DSC_4036-700x467.jpg\" alt=\"\" data-id=\"478022\" data-link=\"https:\/\/www.mendoza.gov.ar\/prensa\/?attachment_id=478022\" class=\"wp-image-478022 img-responsive center-block\" srcset=\"https:\/\/www.mendoza.gov.ar\/wp-content\/uploads\/sites\/5\/2025\/06\/DSC_4036-700x467.jpg 700w, https:\/\/www.mendoza.gov.ar\/wp-content\/uploads\/sites\/5\/2025\/06\/DSC_4036-250x167.jpg 250w, https:\/\/www.mendoza.gov.ar\/wp-content\/uploads\/sites\/5\/2025\/06\/DSC_4036-768x513.jpg 768w, https:\/\/www.mendoza.gov.ar\/wp-content\/uploads\/sites\/5\/2025\/06\/DSC_4036-1536x1025.jpg 1536w, https:\/\/www.mendoza.gov.ar\/wp-content\/uploads\/sites\/5\/2025\/06\/DSC_4036-2048x1367.jpg 2048w, https:\/\/www.mendoza.gov.ar\/wp-content\/uploads\/sites\/5\/2025\/06\/DSC_4036-120x80.jpg 120w\" sizes=\"(max-width: 700px) 100vw, 700px\"><\/a><\/figure><\/li><li class=\"blocks-gallery-item\"><figure><a href=\"https:\/\/www.mendoza.gov.ar\/wp-content\/uploads\/sites\/5\/2025\/06\/DSC_4033-700x467.jpg\"><img loading=\"lazy\" width=\"700\" height=\"467\" src=\"https:\/\/www.mendoza.gov.ar\/wp-content\/uploads\/sites\/5\/2025\/06\/DSC_4033-700x467.jpg\" alt=\"\" data-id=\"478023\" data-link=\"https:\/\/www.mendoza.gov.ar\/prensa\/?attachment_id=478023\" class=\"wp-image-478023 img-responsive center-block\" srcset=\"https:\/\/www.mendoza.gov.ar\/wp-content\/uploads\/sites\/5\/2025\/06\/DSC_4033-700x467.jpg 700w, https:\/\/www.mendoza.gov.ar\/wp-content\/uploads\/sites\/5\/2025\/06\/DSC_4033-250x167.jpg 250w, https:\/\/www.mendoza.gov.ar\/wp-content\/uploads\/sites\/5\/2025\/06\/DSC_4033-768x513.jpg 768w, https:\/\/www.mendoza.gov.ar\/wp-content\/uploads\/sites\/5\/2025\/06\/DSC_4033-1536x1025.jpg 1536w, https:\/\/www.mendoza.gov.ar\/wp-content\/uploads\/sites\/5\/2025\/06\/DSC_4033-2048x1367.jpg 2048w, https:\/\/www.mendoza.gov.ar\/wp-content\/uploads\/sites\/5\/2025\/06\/DSC_4033-120x80.jpg 120w\" sizes=\"(max-width: 700px) 100vw, 700px\"><\/a><\/figure><\/li><li class=\"blocks-gallery-item\"><figure><a href=\"https:\/\/www.mendoza.gov.ar\/wp-content\/uploads\/sites\/5\/2025\/06\/DSC_4106.jpg\"><img loading=\"lazy\" width=\"700\" height=\"467\" src=\"https:\/\/www.mendoza.gov.ar\/wp-content\/uploads\/sites\/5\/2025\/06\/DSC_4106-700x467.jpg\" alt=\"\" data-id=\"478024\" data-full-url=\"https:\/\/www.mendoza.gov.ar\/wp-content\/uploads\/sites\/5\/2025\/06\/DSC_4106.jpg\" data-link=\"https:\/\/www.mendoza.gov.ar\/prensa\/?attachment_id=478024\" class=\"wp-image-478024 img-responsive center-block\" srcset=\"https:\/\/www.mendoza.gov.ar\/wp-content\/uploads\/sites\/5\/2025\/06\/DSC_4106-700x467.jpg 700w, https:\/\/www.mendoza.gov.ar\/wp-content\/uploads\/sites\/5\/2025\/06\/DSC_4106-250x167.jpg 250w, https:\/\/www.mendoza.gov.ar\/wp-content\/uploads\/sites\/5\/2025\/06\/DSC_4106-768x513.jpg 768w, https:\/\/www.mendoza.gov.ar\/wp-content\/uploads\/sites\/5\/2025\/06\/DSC_4106-1536x1025.jpg 1536w, https:\/\/www.mendoza.gov.ar\/wp-content\/uploads\/sites\/5\/2025\/06\/DSC_4106-2048x1367.jpg 2048w, https:\/\/www.mendoza.gov.ar\/wp-content\/uploads\/sites\/5\/2025\/06\/DSC_4106-120x80.jpg 120w\" sizes=\"(max-width: 700px) 100vw, 700px\"><\/a><\/figure><\/li><li class=\"blocks-gallery-item\"><figure><a href=\"https:\/\/www.mendoza.gov.ar\/wp-content\/uploads\/sites\/5\/2025\/06\/DSC_4103.jpg\"><img src=\"https:\/\/www.mendoza.gov.ar\/wp-content\/uploads\/sites\/5\/2025\/06\/DSC_4103-700x467.jpg\" alt=\"\" data-id=\"478025\" data-full-url=\"https:\/\/www.mendoza.gov.ar\/wp-content\/uploads\/sites\/5\/2025\/06\/DSC_4103.jpg\" data-link=\"https:\/\/www.mendoza.gov.ar\/prensa\/?attachment_id=478025\" class=\"wp-image-478025 img-responsive center-block\"><\/a><\/figure><\/li><li class=\"blocks-gallery-item\"><figure><a href=\"https:\/\/www.mendoza.gov.ar\/wp-content\/uploads\/sites\/5\/2025\/06\/DSC_4098.jpg\"><img loading=\"lazy\" width=\"700\" height=\"467\" src=\"https:\/\/www.mendoza.gov.ar\/wp-content\/uploads\/sites\/5\/2025\/06\/DSC_4098-700x467.jpg\" alt=\"\" data-id=\"478026\" data-full-url=\"https:\/\/www.mendoza.gov.ar\/wp-content\/uploads\/sites\/5\/2025\/06\/DSC_4098.jpg\" data-link=\"https:\/\/www.mendoza.gov.ar\/prensa\/?attachment_id=478026\" class=\"wp-image-478026 img-responsive center-block\" srcset=\"https:\/\/www.mendoza.gov.ar\/wp-content\/uploads\/sites\/5\/2025\/06\/DSC_4098-700x467.jpg 700w, https:\/\/www.mendoza.gov.ar\/wp-content\/uploads\/sites\/5\/2025\/06\/DSC_4098-250x167.jpg 250w, https:\/\/www.mendoza.gov.ar\/wp-content\/uploads\/sites\/5\/2025\/06\/DSC_4098-768x513.jpg 768w, https:\/\/www.mendoza.gov.ar\/wp-content\/uploads\/sites\/5\/2025\/06\/DSC_4098-1536x1025.jpg 1536w, https:\/\/www.mendoza.gov.ar\/wp-content\/uploads\/sites\/5\/2025\/06\/DSC_4098-2048x1367.jpg 2048w, https:\/\/www.mendoza.gov.ar\/wp-content\/uploads\/sites\/5\/2025\/06\/DSC_4098-120x80.jpg 120w\" sizes=\"(max-width: 700px) 100vw, 700px\"><\/a><\/figure><\/li><\/ul><\/figure>\n<\/body><\/html>\n","protected":false},"excerpt":{"rendered":"La ministra de Energ&iacute;a y Ambiente particip&oacute; en el operativo conjunto con Godoy Cruz para limpiar el colector Fr&iacute;as, del que se han extra&iacute;do 100 toneladas de residuos en lo que va de 2025. Advirti&oacute; sobre el impacto sist&eacute;mico de tirar basura en infraestructura cr&iacute;tica, con un fuerte llamado a la conciencia ciudadana: &ldquo;Estos canales&#8230; <a class=\"view-article\" href=\"https:\/\/www.mendoza.gov.ar\/prensa\/latorre-participo-del-operativo-de-limpieza-del-colector-frias-y-alerto-que-solo-en-un-ano-sacaron-3-000-toneladas-de-basura\/\"><\/a>","protected":false},"author":63,"featured_media":478025,"comment_status":"open","ping_status":"open","sticky":false,"template":"","format":"standard","meta":[],"categories":[3037,3,3041],"tags":[],"_links":{"self":[{"href":"https:\/\/www.mendoza.gov.ar\/prensa\/wp-json\/wp\/v2\/posts\/478005"}],"collection":[{"href":"https:\/\/www.mendoza.gov.ar\/prensa\/wp-json\/wp\/v2\/posts"}],"about":[{"href":"https:\/\/www.mendoza.gov.ar\/prensa\/wp-json\/wp\/v2\/types\/post"}],"author":[{"embeddable":true,"href":"https:\/\/www.mendoza.gov.ar\/prensa\/wp-json\/wp\/v2\/users\/63"}],"replies":[{"embeddable":true,"href":"https:\/\/www.mendoza.gov.ar\/prensa\/wp-json\/wp\/v2\/comments?post=478005"}],"version-history":[{"count":7,"href":"https:\/\/www.mendoza.gov.ar\/prensa\/wp-json\/wp\/v2\/posts\/478005\/revisions"}],"predecessor-version":[{"id":478035,"href":"https:\/\/www.mendoza.gov.ar\/prensa\/wp-json\/wp\/v2\/posts\/478005\/revisions\/478035"}],"wp:featuredmedia":[{"embeddable":true,"href":"https:\/\/www.mendoza.gov.ar\/prensa\/wp-json\/wp\/v2\/media\/478025"}],"wp:attachment":[{"href":"https:\/\/www.mendoza.gov.ar\/prensa\/wp-json\/wp\/v2\/media?parent=478005"}],"wp:term":[{"taxonomy":"category","embeddable":true,"href":"https:\/\/www.mendoza.gov.ar\/prensa\/wp-json\/wp\/v2\/categories?post=478005"},{"taxonomy":"post_tag","embeddable":true,"href":"https:\/\/www.mendoza.gov.ar\/prensa\/wp-json\/wp\/v2\/tags?post=478005"}],"curies":[{"name":"wp","href":"https:\/\/api.w.org\/{rel}","templated":true}]}}