{"id":47844,"date":"2016-02-12T18:41:27","date_gmt":"2016-02-12T21:41:27","guid":{"rendered":"http:\/\/prensa.mendoza.gov.ar\/?p=47844"},"modified":"2016-02-12T18:41:27","modified_gmt":"2016-02-12T21:41:27","slug":"material-para-radios-424-productores-del-este-cobraran-deuda-del-fondo-solidario-agricola","status":"publish","type":"post","link":"https:\/\/www.mendoza.gov.ar\/prensa\/material-para-radios-424-productores-del-este-cobraran-deuda-del-fondo-solidario-agricola\/","title":{"rendered":"Material para radios: 424 productores del Este cobrar\u00e1n deuda del Fondo Solidario Agr\u00edcola"},"content":{"rendered":"<!DOCTYPE html PUBLIC \"-\/\/W3C\/\/DTD HTML 4.0 Transitional\/\/EN\" \"http:\/\/www.w3.org\/TR\/REC-html40\/loose.dtd\">\n<html><body><p>Lo inform&oacute; el subsecretario de Agricultura y Ganader&iacute;a de Mendoza, Alfredo Aciar. Es un promedio de unos 26 mil pesos por cada beneficiario.&nbsp;Corresponde a una deuda de 2015 que se saldar&aacute; en los primeros meses de la nueva gesti&oacute;n.<\/p>\n<p>Nota completa:<\/p>\n<p>https:\/\/soundcloud.com\/user-505450423\/aciar-seguro-agricola-este-completo<\/p>\n<p>Corte bolet&iacute;n 1:<\/p>\n<p><iframe width=\"900\" height=\"400\" scrolling=\"no\" frameborder=\"no\" src=\"https:\/\/w.soundcloud.com\/player\/?visual=true&amp;url=https%3A%2F%2Fapi.soundcloud.com%2Ftracks%2F246748271&amp;show_artwork=true&amp;maxwidth=900&amp;maxheight=1000\"><\/iframe><\/p>\n<p>Corte bolet&iacute;n 2:<\/p>\n<p><iframe width=\"900\" height=\"400\" scrolling=\"no\" frameborder=\"no\" src=\"https:\/\/w.soundcloud.com\/player\/?visual=true&amp;url=https%3A%2F%2Fapi.soundcloud.com%2Ftracks%2F246748601&amp;show_artwork=true&amp;maxwidth=900&amp;maxheight=1000\"><\/iframe><\/p>\n<p>&nbsp;<\/p>\n<\/body><\/html>\n","protected":false},"excerpt":{"rendered":"Los productores deber\u00e1n presentarse desde el lunes en la sucursal del Banco Superville de la Ciudad de San Mart\u00edn. El monto total asciende a m\u00e1s de 11 millones de pesos. ","protected":false},"author":3,"featured_media":0,"comment_status":"open","ping_status":"open","sticky":false,"template":"","format":"standard","meta":[],"categories":[1],"tags":[],"_links":{"self":[{"href":"https:\/\/www.mendoza.gov.ar\/prensa\/wp-json\/wp\/v2\/posts\/47844"}],"collection":[{"href":"https:\/\/www.mendoza.gov.ar\/prensa\/wp-json\/wp\/v2\/posts"}],"about":[{"href":"https:\/\/www.mendoza.gov.ar\/prensa\/wp-json\/wp\/v2\/types\/post"}],"author":[{"embeddable":true,"href":"https:\/\/www.mendoza.gov.ar\/prensa\/wp-json\/wp\/v2\/users\/3"}],"replies":[{"embeddable":true,"href":"https:\/\/www.mendoza.gov.ar\/prensa\/wp-json\/wp\/v2\/comments?post=47844"}],"version-history":[{"count":0,"href":"https:\/\/www.mendoza.gov.ar\/prensa\/wp-json\/wp\/v2\/posts\/47844\/revisions"}],"wp:attachment":[{"href":"https:\/\/www.mendoza.gov.ar\/prensa\/wp-json\/wp\/v2\/media?parent=47844"}],"wp:term":[{"taxonomy":"category","embeddable":true,"href":"https:\/\/www.mendoza.gov.ar\/prensa\/wp-json\/wp\/v2\/categories?post=47844"},{"taxonomy":"post_tag","embeddable":true,"href":"https:\/\/www.mendoza.gov.ar\/prensa\/wp-json\/wp\/v2\/tags?post=47844"}],"curies":[{"name":"wp","href":"https:\/\/api.w.org\/{rel}","templated":true}]}}