{"id":479482,"date":"2025-06-10T16:34:25","date_gmt":"2025-06-10T19:34:25","guid":{"rendered":"https:\/\/www.mendoza.gov.ar\/prensa\/?p=479482"},"modified":"2025-06-10T16:56:41","modified_gmt":"2025-06-10T19:56:41","slug":"la-policia-de-mendoza-recupero-vehiculos-robados-en-operativos-en-ciudad-y-las-heras","status":"publish","type":"post","link":"https:\/\/www.mendoza.gov.ar\/prensa\/la-policia-de-mendoza-recupero-vehiculos-robados-en-operativos-en-ciudad-y-las-heras\/","title":{"rendered":"La Polic\u00eda de Mendoza recuper\u00f3 veh\u00edculos robados en operativos en Ciudad y Las Heras"},"content":{"rendered":"<!DOCTYPE html PUBLIC \"-\/\/W3C\/\/DTD HTML 4.0 Transitional\/\/EN\" \"http:\/\/www.w3.org\/TR\/REC-html40\/loose.dtd\">\n<html><body><h5>Tres rodados secuestrados y dos detenidos fue el saldo de las intervenciones realizadas por la Direcci&oacute;n General de Investigaciones en ambos departamentos.<\/h5>\n\n\n\n<p>En una serie de procedimientos concretados por la Polic&iacute;a de Mendoza, se logr&oacute; recuperar tres veh&iacute;culos, dos de ellos con pedido de secuestro por robo, y detener a dos hombres. Las acciones las desarroll&oacute; la Direcci&oacute;n General de Investigaciones en operativos en los departamentos de Ciudad y Las Heras.<\/p>\n\n\n\n<p>El primero de los procedimientos tuvo lugar en el barrio 25 de Mayo, en Las Heras, donde personal de la Divisi&oacute;n Sustracci&oacute;n Automotores, tras una orden judicial, allan&oacute; una vivienda y encontr&oacute; un autom&oacute;vil robado, Renault Logan, que fue secuestrado. En la causa interviene la Unidad Fiscal de Robos, Hurtos Agravados y Sustracci&oacute;n de Automotores.<\/p>\n\n\n\n<p>El segundo operativo se desarroll&oacute; en inmediaciones de calles Olascoaga y Juan B. Justo, en Ciudad. All&iacute;, efectivos de Investigaciones interceptaron a dos j&oacute;venes de 25 a&ntilde;os que se desplazaban en motocicletas. Una de ellas presentaba pedido de secuestro. Los j&oacute;venes fueron detenidos y trasladados a la Comisar&iacute;a 6&ordf;, mientras que los veh&iacute;culos quedaron retenidos a disposici&oacute;n de la Justicia. Interviene la Unidad Fiscal Capital.<\/p>\n\n\n\n<figure class=\"wp-block-gallery columns-3\"><ul class=\"blocks-gallery-grid\"><li class=\"blocks-gallery-item\"><figure><a href=\"https:\/\/www.mendoza.gov.ar\/wp-content\/uploads\/sites\/5\/2025\/06\/bedb0706-0710-4999-854c-07acf0f5e585.jpg\"><img loading=\"lazy\" width=\"700\" height=\"394\" src=\"https:\/\/www.mendoza.gov.ar\/wp-content\/uploads\/sites\/5\/2025\/06\/bedb0706-0710-4999-854c-07acf0f5e585-700x394.jpg\" alt=\"\" data-id=\"479483\" data-full-url=\"https:\/\/www.mendoza.gov.ar\/wp-content\/uploads\/sites\/5\/2025\/06\/bedb0706-0710-4999-854c-07acf0f5e585.jpg\" data-link=\"https:\/\/www.mendoza.gov.ar\/prensa\/?attachment_id=479483\" class=\"wp-image-479483 img-responsive center-block\" srcset=\"https:\/\/www.mendoza.gov.ar\/wp-content\/uploads\/sites\/5\/2025\/06\/bedb0706-0710-4999-854c-07acf0f5e585-700x394.jpg 700w, https:\/\/www.mendoza.gov.ar\/wp-content\/uploads\/sites\/5\/2025\/06\/bedb0706-0710-4999-854c-07acf0f5e585-250x141.jpg 250w, https:\/\/www.mendoza.gov.ar\/wp-content\/uploads\/sites\/5\/2025\/06\/bedb0706-0710-4999-854c-07acf0f5e585-768x432.jpg 768w, https:\/\/www.mendoza.gov.ar\/wp-content\/uploads\/sites\/5\/2025\/06\/bedb0706-0710-4999-854c-07acf0f5e585-1536x864.jpg 1536w, https:\/\/www.mendoza.gov.ar\/wp-content\/uploads\/sites\/5\/2025\/06\/bedb0706-0710-4999-854c-07acf0f5e585-2048x1153.jpg 2048w, https:\/\/www.mendoza.gov.ar\/wp-content\/uploads\/sites\/5\/2025\/06\/bedb0706-0710-4999-854c-07acf0f5e585-120x68.jpg 120w\" sizes=\"(max-width: 700px) 100vw, 700px\"><\/a><\/figure><\/li><li class=\"blocks-gallery-item\"><figure><a href=\"https:\/\/www.mendoza.gov.ar\/wp-content\/uploads\/sites\/5\/2025\/06\/f703e27b-a5ba-488a-bc68-8f46d4fcedc8.jpg\"><img loading=\"lazy\" width=\"700\" height=\"394\" src=\"https:\/\/www.mendoza.gov.ar\/wp-content\/uploads\/sites\/5\/2025\/06\/f703e27b-a5ba-488a-bc68-8f46d4fcedc8-700x394.jpg\" alt=\"\" data-id=\"479484\" data-full-url=\"https:\/\/www.mendoza.gov.ar\/wp-content\/uploads\/sites\/5\/2025\/06\/f703e27b-a5ba-488a-bc68-8f46d4fcedc8.jpg\" data-link=\"https:\/\/www.mendoza.gov.ar\/prensa\/?attachment_id=479484\" class=\"wp-image-479484 img-responsive center-block\" srcset=\"https:\/\/www.mendoza.gov.ar\/wp-content\/uploads\/sites\/5\/2025\/06\/f703e27b-a5ba-488a-bc68-8f46d4fcedc8-700x394.jpg 700w, https:\/\/www.mendoza.gov.ar\/wp-content\/uploads\/sites\/5\/2025\/06\/f703e27b-a5ba-488a-bc68-8f46d4fcedc8-250x141.jpg 250w, https:\/\/www.mendoza.gov.ar\/wp-content\/uploads\/sites\/5\/2025\/06\/f703e27b-a5ba-488a-bc68-8f46d4fcedc8-768x432.jpg 768w, https:\/\/www.mendoza.gov.ar\/wp-content\/uploads\/sites\/5\/2025\/06\/f703e27b-a5ba-488a-bc68-8f46d4fcedc8-1536x864.jpg 1536w, https:\/\/www.mendoza.gov.ar\/wp-content\/uploads\/sites\/5\/2025\/06\/f703e27b-a5ba-488a-bc68-8f46d4fcedc8-2048x1152.jpg 2048w, https:\/\/www.mendoza.gov.ar\/wp-content\/uploads\/sites\/5\/2025\/06\/f703e27b-a5ba-488a-bc68-8f46d4fcedc8-120x68.jpg 120w\" sizes=\"(max-width: 700px) 100vw, 700px\"><\/a><\/figure><\/li><li class=\"blocks-gallery-item\"><figure><a href=\"https:\/\/www.mendoza.gov.ar\/wp-content\/uploads\/sites\/5\/2025\/06\/PORTADA-AUTO.jpg\"><img src=\"https:\/\/www.mendoza.gov.ar\/wp-content\/uploads\/sites\/5\/2025\/06\/PORTADA-AUTO-700x866.jpg\" alt=\"\" data-id=\"479485\" data-full-url=\"https:\/\/www.mendoza.gov.ar\/wp-content\/uploads\/sites\/5\/2025\/06\/PORTADA-AUTO.jpg\" data-link=\"https:\/\/www.mendoza.gov.ar\/prensa\/?attachment_id=479485\" class=\"wp-image-479485 img-responsive center-block\"><\/a><\/figure><\/li><\/ul><\/figure>\n<\/body><\/html>\n","protected":false},"excerpt":{"rendered":"Tres rodados secuestrados y dos detenidos fue el saldo de las intervenciones realizadas por la Direcci&oacute;n General de Investigaciones en ambos departamentos. En una serie de procedimientos concretados por la Polic&iacute;a de Mendoza, se logr&oacute; recuperar tres veh&iacute;culos, dos de ellos con pedido de secuestro por robo, y detener a dos hombres. Las acciones las&#8230; <a class=\"view-article\" href=\"https:\/\/www.mendoza.gov.ar\/prensa\/la-policia-de-mendoza-recupero-vehiculos-robados-en-operativos-en-ciudad-y-las-heras\/\"><\/a>","protected":false},"author":63,"featured_media":479485,"comment_status":"open","ping_status":"open","sticky":false,"template":"","format":"standard","meta":[],"categories":[3036,33],"tags":[],"_links":{"self":[{"href":"https:\/\/www.mendoza.gov.ar\/prensa\/wp-json\/wp\/v2\/posts\/479482"}],"collection":[{"href":"https:\/\/www.mendoza.gov.ar\/prensa\/wp-json\/wp\/v2\/posts"}],"about":[{"href":"https:\/\/www.mendoza.gov.ar\/prensa\/wp-json\/wp\/v2\/types\/post"}],"author":[{"embeddable":true,"href":"https:\/\/www.mendoza.gov.ar\/prensa\/wp-json\/wp\/v2\/users\/63"}],"replies":[{"embeddable":true,"href":"https:\/\/www.mendoza.gov.ar\/prensa\/wp-json\/wp\/v2\/comments?post=479482"}],"version-history":[{"count":2,"href":"https:\/\/www.mendoza.gov.ar\/prensa\/wp-json\/wp\/v2\/posts\/479482\/revisions"}],"predecessor-version":[{"id":479491,"href":"https:\/\/www.mendoza.gov.ar\/prensa\/wp-json\/wp\/v2\/posts\/479482\/revisions\/479491"}],"wp:featuredmedia":[{"embeddable":true,"href":"https:\/\/www.mendoza.gov.ar\/prensa\/wp-json\/wp\/v2\/media\/479485"}],"wp:attachment":[{"href":"https:\/\/www.mendoza.gov.ar\/prensa\/wp-json\/wp\/v2\/media?parent=479482"}],"wp:term":[{"taxonomy":"category","embeddable":true,"href":"https:\/\/www.mendoza.gov.ar\/prensa\/wp-json\/wp\/v2\/categories?post=479482"},{"taxonomy":"post_tag","embeddable":true,"href":"https:\/\/www.mendoza.gov.ar\/prensa\/wp-json\/wp\/v2\/tags?post=479482"}],"curies":[{"name":"wp","href":"https:\/\/api.w.org\/{rel}","templated":true}]}}